{"id":4333,"date":"2013-10-22T13:28:05","date_gmt":"2013-10-22T11:28:05","guid":{"rendered":"http:\/\/www.ladislavjakl.cz\/?p=4333"},"modified":"2013-10-22T13:28:05","modified_gmt":"2013-10-22T11:28:05","slug":"dvacaty-rocnik-si-ucastnici-memorialu-mateje-kudeje-dosyta-uzili","status":"publish","type":"post","link":"https:\/\/www.ladislavjakl.cz\/?p=4333","title":{"rendered":"Dvac\u00e1t\u00fd ro\u010dn\u00edk si \u00fa\u010dastn\u00edci Memori\u00e1lu Mat\u011bje Kud\u011bje dosyta u\u017eili"},"content":{"rendered":"<p>V sobotu 19. \u0159\u00edjna prob\u011bhl v Praze  jubilejn\u00ed dvac\u00e1t\u00fd ro\u010dn\u00edk Memori\u00e1lu Mat\u011bje Kud\u011bje. Tedy sp\u00ed\u0161e  propochodoval, ne\u017e prob\u011bhl.<\/p>\n<p><!--more--><br \/>\n<img decoding=\"async\" src=\"http:\/\/data.regiony24.cz\/foto\/clanky\/200901\/20131021148512939.jpg?width=500&amp;bgcolor=black\" alt=\"\" \/><\/p>\n<p>Absolvovaly jej toti\u017e jako ka\u017ed\u00fd rok \u010dty\u0159i  des\u00edtky nad\u0161enc\u016f v dobov\u00fdch rakousk\u00fdch uniform\u00e1ch, kte\u0159\u00ed ve t\u0159\u00ed\u010dlenn\u00fdch  hl\u00eddk\u00e1ch absolvovali trasu z Poho\u0159elce na Star\u00e9 M\u011bsto po dev\u00edti  pra\u017esk\u00fdch hostinc\u00edch, v nich\u017e ka\u017ed\u00fd vypil povinn\u011b alespo\u0148 jedno pivo.<\/p>\n<div>\n<p>P\u0159ipomenuli si tak pam\u00e1tku  spisovatele a sv\u011btob\u011b\u017en\u00edka Zde\u0148ka Mat\u011bje Kud\u011bje, jeho p\u0159\u00edtele Jaroslava  Ha\u0161ka a zejm\u00e9na des\u00e1t\u00e9 kapitoly slavn\u00e9ho rom\u00e1nu Osudy dobr\u00e9ho voj\u00e1ka  \u0160vejka za sv\u011btov\u00e9 v\u00e1lky. Tedy kapitoly, ve kter\u00e9 eskorta doprov\u00e1z\u00ed  \u0160vejka z Poho\u0159eleck\u00fdch kas\u00e1ren do Karl\u00edna a cestou se stav\u00ed v n\u011bkolika  hospod\u00e1ch, tak\u017ee nakonec mus\u00ed doprov\u00e1zet naopak \u0160vejk svou eskortu, aby  v\u016fbec do\u0161la.<\/p>\n<p>Memori\u00e1l m\u00e1 b\u00fdt ale p\u0159edev\u0161\u00edm oslavou vesel\u00e9ho chlapsk\u00e9ho kamar\u00e1dstv\u00ed  a dobr\u00e9 \u010desk\u00e9 instituce zvan\u00e9 hospoda. Na n\u00e1stupu byly proneseny  oslavn\u00e9 projevy a dekorov\u00e1ni byli zaslou\u017eil\u00ed \u00fa\u010dastn\u00edci minul\u00fdch ro\u010dn\u00edk\u016f.  Pot\u00e9 se v rozestupech voj\u00e1ci vydali na svou pou\u0165. Tentokr\u00e1t se poprv\u00e9  nesout\u011b\u017eilo na \u010das, jubilejn\u00ed ro\u010dn\u00edk si tak \u00fa\u010dastn\u00edci u\u017eili bez n\u011bjak\u00e9ho  kvaltu. Na b\u0159ehu Vltavy se v\u0161ichni se\u0161li v neofici\u00e1ln\u00ed hospod\u011b U  pra\u017esk\u00fdch alchymist\u016f na Kamp\u011b, odkud se \u0161lo pr\u016fvodem s praporci p\u0159es  Karl\u016fv most a\u017e k orloji, kde \u00fa\u010dastn\u00edci k \u00fa\u017easu turist\u016f zazp\u00edvali sv\u00e9  p\u00edsn\u011b, v\u010detn\u011b legend\u00e1rn\u00ed hymny Za c\u00edsa\u0159e p\u00e1na. Ozdobou akce byla v\u00edce  ne\u017e des\u00edtka dam v kost\u00fdmech z po\u010d\u00e1tku 20. stolet\u00ed. V\u0161ichni nakonec v  z\u00e1v\u011bre\u010dn\u00e9 hospod\u011b U Pivrnce v Maiselov\u011b ulici jubilejn\u00ed ro\u010dn\u00edk memori\u00e1lu  dosyta zapili.<br \/>\n<a href=\"http:\/\/www.regiony24.cz\/11-186567-dvacaty-rocnik-si-ucastnici-memorialu-mateje-kudeje-dosyta-uzili\" target=\"_blank\">Autor \/ zdroj: Tereza Meli\u0161ov\u00e1<\/a><\/div>\n","protected":false},"excerpt":{"rendered":"<p>V sobotu 19. \u0159\u00edjna prob\u011bhl v Praze jubilejn\u00ed dvac\u00e1t\u00fd ro\u010dn\u00edk Memori\u00e1lu Mat\u011bje Kud\u011bje. Tedy sp\u00ed\u0161e propochodoval, ne\u017e prob\u011bhl.<\/p>\n","protected":false},"author":1,"featured_media":0,"comment_status":"open","ping_status":"open","sticky":false,"template":"","format":"standard","meta":{"ngg_post_thumbnail":0,"footnotes":""},"categories":[11],"tags":[],"class_list":["post-4333","post","type-post","status-publish","format-standard","hentry","category-ozvena"],"_links":{"self":[{"href":"https:\/\/www.ladislavjakl.cz\/index.php?rest_route=\/wp\/v2\/posts\/4333","targetHints":{"allow":["GET"]}}],"collection":[{"href":"https:\/\/www.ladislavjakl.cz\/index.php?rest_route=\/wp\/v2\/posts"}],"about":[{"href":"https:\/\/www.ladislavjakl.cz\/index.php?rest_route=\/wp\/v2\/types\/post"}],"author":[{"embeddable":true,"href":"https:\/\/www.ladislavjakl.cz\/index.php?rest_route=\/wp\/v2\/users\/1"}],"replies":[{"embeddable":true,"href":"https:\/\/www.ladislavjakl.cz\/index.php?rest_route=%2Fwp%2Fv2%2Fcomments&post=4333"}],"version-history":[{"count":1,"href":"https:\/\/www.ladislavjakl.cz\/index.php?rest_route=\/wp\/v2\/posts\/4333\/revisions"}],"predecessor-version":[{"id":4334,"href":"https:\/\/www.ladislavjakl.cz\/index.php?rest_route=\/wp\/v2\/posts\/4333\/revisions\/4334"}],"wp:attachment":[{"href":"https:\/\/www.ladislavjakl.cz\/index.php?rest_route=%2Fwp%2Fv2%2Fmedia&parent=4333"}],"wp:term":[{"taxonomy":"category","embeddable":true,"href":"https:\/\/www.ladislavjakl.cz\/index.php?rest_route=%2Fwp%2Fv2%2Fcategories&post=4333"},{"taxonomy":"post_tag","embeddable":true,"href":"https:\/\/www.ladislavjakl.cz\/index.php?rest_route=%2Fwp%2Fv2%2Ftags&post=4333"}],"curies":[{"name":"wp","href":"https:\/\/api.w.org\/{rel}","templated":true}]}}