{"id":434,"date":"2010-07-07T11:53:40","date_gmt":"2010-07-07T10:53:40","guid":{"rendered":"http:\/\/www.ladislavjakl.cz\/?p=434"},"modified":"2010-07-07T11:53:40","modified_gmt":"2010-07-07T10:53:40","slug":"jakl-zacne-na-protest-kourit-pokud-se-uzakoni-zakaz-v-hospodach","status":"publish","type":"post","link":"https:\/\/www.ladislavjakl.cz\/?p=434","title":{"rendered":"Jakl za\u010dne na protest kou\u0159it, pokud se uz\u00e1kon\u00ed z\u00e1kaz v hospod\u00e1ch"},"content":{"rendered":"<p>Tajemn\u00edk prezidenta  Ladislav Jakl o plo\u0161n\u00e9m z\u00e1kazu kou\u0159en\u00ed v restaurac\u00edch nechce sly\u0161et.  \u0158ekl to ParlamentnimListum.cz jako reakci na to, \u017ee poslanec ODS Boris  \u0160\u0165astn\u00fd chce \u010dasem prost\u0159ednictv\u00edm z\u00e1kona \u00fapln\u011b zak\u00e1zat kou\u0159en\u00ed v  restaurac\u00edch.<\/p>\n<p><!--more-->Podle Ladislava Jakla se v cel\u00e9 z\u00e1le\u017eitosti po\u0159\u00e1d  jedn\u00e1 o ohromn\u00e9 nepochopen\u00ed cel\u00e9ho probl\u00e9mu. Z\u00e1kazy kou\u0159en\u00ed v soukrom\u00fdch  restaurac\u00edch nemaj\u00ed podle n\u011bho nic co do \u010din\u011bn\u00ed s ochranou neku\u0159\u00e1k\u016f.  Jde o nab\u00eddku slu\u017eby, kterou lze lze p\u0159ijmout, nebo odm\u00edtnout. \u201eJeden  nab\u00edz\u00ed, druh\u00fd p\u0159ij\u00edm\u00e1 a t\u0159et\u00ed jim to chce silou zak\u00e1zat,&#8220; uvedl Jakl pro  ParlamentniListy.cz.<\/p>\n<p><strong>Kdy\u017e\u00a0za\u010dne platit z\u00e1kaz, za\u010dnu kou\u0159it<\/strong><\/p>\n<p><strong><\/strong>Na trhu je velik\u00e9 mno\u017estv\u00ed nab\u00eddek slu\u017eeb, kter\u00e9 vyhovuj\u00ed jen  n\u011bkomu. To je podle Jakla \u00fapln\u011b v po\u0159\u00e1dku.<\/p>\n<p>\u201eM\u016f\u017ee j\u00edt mnich na stript\u00fdz a do\u017eadovat se ochrany p\u0159ed pohledem na  hanbat\u00e9 d\u00edvky? Nebo alergik do sklen\u00edku a po\u017eadovat likvidaci v\u0161ech  kv\u011btu?&#8220; pt\u00e1 se Jakl.<\/p>\n<p>Podle Jakla tedy nejde o kou\u0159en\u00ed, ale o spor s v\u00fdkladem, podle kter\u00e9ho  jsou restaurace zn\u00e1rodn\u011bnou v\u0161elidovou slu\u017ebou, a ne soukrom\u00fdm podnikem.  \u201eJsem neku\u0159\u00e1k, a\u017e uz\u00e1kon\u00ed takov\u00fd z\u00e1kaz, za\u010dnu na protest kou\u0159it,&#8220; \u0159ekl  Parlamentn\u00edmList\u016fm.cz prezident\u016fv tajemn\u00edk.<\/p>\n<p><strong>\u0160\u0165astn\u00fd vy\u010dk\u00e1v\u00e1<\/strong><\/p>\n<p><strong><\/strong>S\u00e1m poslanec ODS Boris \u0160\u0165astn\u00fd pro iDnes.cz uvedl, \u017ee bude za  z\u00e1kon bojovat, ale podle n\u011bj m\u00e1 cenu j\u00edt pouze do vyhran\u00e9 bitvy. \u201eNe, \u017ee  se zase budu dva a p\u016fl roku pr\u00e1t o slov\u00ed\u010dka a pak mi to ve fin\u00e1le  vyh\u00e1zej\u00ed,&#8220; poznamenal \u0160\u0165astn\u00fd. Pl\u00e1nuje n\u011bjakou dobu po\u010dkat a nem\u011bnit  z\u00e1kon, proto\u017ee ten sotva za\u010dal platit.<\/p>\n<p>Nejv\u011bt\u0161\u00ed z\u00e1jem prosadit do koali\u010dn\u00ed smlouvy v\u011btu o maxim\u00e1ln\u00ed ochran\u011b  neku\u0159\u00e1k\u016f m\u011bly V\u011bci ve\u0159ejn\u00e9 a p\u0159edev\u0161\u00edm jejich expert na zdravotnictv\u00ed  Martin\u00a0Jan Str\u00e1nsk\u00fd. Ministerstvo zdravotnictv\u00ed nakonec v Ne\u010dasov\u011b vl\u00e1d\u011b  dle koali\u010dn\u00ed dohody obsad\u00ed Leo\u0161 Heger z TOP 09.<\/p>\n<p><a href=\"http:\/\/www.parlamentnilisty.cz\/zpravy\/169252.aspx\" target=\"_blank\">ZDROJ<\/a><\/p>\n","protected":false},"excerpt":{"rendered":"<p>Tajemn\u00edk prezidenta Ladislav Jakl o plo\u0161n\u00e9m z\u00e1kazu kou\u0159en\u00ed v restaurac\u00edch nechce sly\u0161et. \u0158ekl to ParlamentnimListum.cz jako reakci na to, \u017ee poslanec ODS Boris \u0160\u0165astn\u00fd chce \u010dasem prost\u0159ednictv\u00edm z\u00e1kona \u00fapln\u011b zak\u00e1zat kou\u0159en\u00ed v restaurac\u00edch.<\/p>\n","protected":false},"author":1,"featured_media":0,"comment_status":"open","ping_status":"open","sticky":false,"template":"","format":"standard","meta":{"ngg_post_thumbnail":0,"footnotes":""},"categories":[11],"tags":[],"class_list":["post-434","post","type-post","status-publish","format-standard","hentry","category-ozvena"],"_links":{"self":[{"href":"https:\/\/www.ladislavjakl.cz\/index.php?rest_route=\/wp\/v2\/posts\/434","targetHints":{"allow":["GET"]}}],"collection":[{"href":"https:\/\/www.ladislavjakl.cz\/index.php?rest_route=\/wp\/v2\/posts"}],"about":[{"href":"https:\/\/www.ladislavjakl.cz\/index.php?rest_route=\/wp\/v2\/types\/post"}],"author":[{"embeddable":true,"href":"https:\/\/www.ladislavjakl.cz\/index.php?rest_route=\/wp\/v2\/users\/1"}],"replies":[{"embeddable":true,"href":"https:\/\/www.ladislavjakl.cz\/index.php?rest_route=%2Fwp%2Fv2%2Fcomments&post=434"}],"version-history":[{"count":1,"href":"https:\/\/www.ladislavjakl.cz\/index.php?rest_route=\/wp\/v2\/posts\/434\/revisions"}],"predecessor-version":[{"id":435,"href":"https:\/\/www.ladislavjakl.cz\/index.php?rest_route=\/wp\/v2\/posts\/434\/revisions\/435"}],"wp:attachment":[{"href":"https:\/\/www.ladislavjakl.cz\/index.php?rest_route=%2Fwp%2Fv2%2Fmedia&parent=434"}],"wp:term":[{"taxonomy":"category","embeddable":true,"href":"https:\/\/www.ladislavjakl.cz\/index.php?rest_route=%2Fwp%2Fv2%2Fcategories&post=434"},{"taxonomy":"post_tag","embeddable":true,"href":"https:\/\/www.ladislavjakl.cz\/index.php?rest_route=%2Fwp%2Fv2%2Ftags&post=434"}],"curies":[{"name":"wp","href":"https:\/\/api.w.org\/{rel}","templated":true}]}}