{"id":4340,"date":"2013-10-22T13:31:10","date_gmt":"2013-10-22T11:31:10","guid":{"rendered":"http:\/\/www.ladislavjakl.cz\/?p=4340"},"modified":"2013-10-22T13:31:17","modified_gmt":"2013-10-22T11:31:17","slug":"mirka-nemcova-neni-zadny-vlezdobruselista","status":"publish","type":"post","link":"https:\/\/www.ladislavjakl.cz\/?p=4340","title":{"rendered":"Mirka N\u011bmcov\u00e1 nen\u00ed \u017e\u00e1dn\u00fd vlezdobruselista"},"content":{"rendered":"<p>Zdecimovanou ODS vede do voleb m\u00edstop\u0159edsedkyn\u011b strany  Mirka N\u011bmcov\u00e1. Mohl bych \u0159\u00edci, \u017ee ne \u00fapln\u011b v\u00a0souladu se stranickou  demokraci\u00ed, proto\u017ee statut\u00e1rn\u00edm \u0161\u00e9fem strany je Martin Kuba, m\u011bl pln\u00fd  mand\u00e1t stranu do voleb v\u00e9st s\u00e1m a jin\u00e9 pov\u011b\u0159en\u00ed mohl d\u00e1t pouze p\u0159\u00edpadn\u00fd  mimo\u0159\u00e1dn\u00fd kongres.<\/p>\n<p><!--more--><\/p>\n<p>Mirka N\u011bmcov\u00e1 je l\u00eddrem,  kter\u00e9ho ODS nadiktoval Kalousek. Jej\u00ed automaticky vn\u00edman\u00fd mand\u00e1t toti\u017e  vznikl za vl\u00e1dn\u00ed krize, kdy TOP vetovala Kubu jako kandid\u00e1ta koalice na  premi\u00e9ra a milostiv\u011b povolila N\u011bmcovou. ODS pak jaksi ze setrva\u010dnosti  p\u0159ijala tento vnucen\u00fd dikt\u00e1t nejen pro nominaci za koalici, ale i pro  svou vlastn\u00ed kandid\u00e1tku. Ale to je jen v\u011bc\u00ed ODS.<\/p>\n<p>Leckdo tak\u00e9 m\u016f\u017ee &#8211; a do zna\u010dn\u00e9 m\u00edry opr\u00e1vn\u011bn\u011b \u2013 mnoh\u00e9 nam\u00edtat proti  jej\u00ed jist\u00e9 ideov\u00e9 nevyhran\u011bnosti a proto n\u011bkter\u00fdm zbrkl\u00fdm postoj\u016fm  posledn\u00edch m\u011bs\u00edc\u016f a t\u00fddn\u016f. Nespravedliv\u00e9 se mi ale zd\u00e1 jej\u00ed oso\u010dov\u00e1n\u00ed  z\u00a0n\u011bjak\u00e9 \u00fadajn\u00e9 horliv\u00e9 probruselskosti. Zde se j\u00ed mus\u00edm zastat.<\/p>\n<p>K\u00a0tomuto zast\u00e1n\u00ed pou\u017eiji t\u00e9m\u011b\u0159 p\u0159esn\u011b rok starou SMS, kterou mi (a  mo\u017en\u00e1 i v\u00edce lidem) rozeslala v\u00a0reakci na neuv\u011b\u0159iteln\u00e9 rozhodnut\u00ed  Nobelova v\u00fdboru ud\u011blit Evropsk\u00e9 unii Nobelovu cenu m\u00edru. T\u00e9 Evropsk\u00e9  unii, kter\u00e1 v\u016f\u010di sv\u011btu zast\u00e1v\u00e1 v\u0161e jin\u00e9, ne\u017e m\u00edrov\u00e1 \u0159e\u0161en\u00ed, t\u00e9 Evropsk\u00e9  unii, kter\u00e1 svou bezohlednou centralistickou politikou podn\u011bcuje temn\u00e9  v\u00e1\u0161n\u011b, je\u017e se zd\u00e1ly b\u00fdt u\u017e pozapomenuty. Snad se na m\u011b pan\u00ed N\u011bmcov\u00e1  nebude zlobit, kdy\u017e pln\u00e9 zn\u011bn\u00ed jej\u00ed esemesky zve\u0159ejn\u00edm:<\/p>\n<p><em>\u201eDobr\u00fd den, nem\u00e1m odvahu ps\u00e1t to p. prezidentovi, ale od  v\u010derej\u0161ka jsem lep\u0161\u00edm \u010dlov\u011bkem. Jsem toti\u017e vedle 399\u00a0999\u00a0999 ob\u010dan\u016f i j\u00e1  nositelkou Nobelovy ceny m\u00edru. Sundali jsme doma jeden obraz, abychom  m\u011bli m\u00edsto na ten Diplom. Nev\u00edme jenom, jestli to po\u0161le Van Rompuy,  Barroso nebo n\u011bjak\u00e1 soudru\u017eka uklize\u010dka, t\u00e9\u017e nositelka. Tak\u00e9 \u010dek\u00e1me  protesty z\u00a0uskupen\u00ed Pravda a L\u00e1ska: VK je nositel a VH se m\u00e1 spokojit  jen s\u00a0leti\u0161t\u011bm? To si \u017e\u00e1d\u00e1 \u010diny. M. N\u011bmcov\u00e1.\u201c<\/em> (13. 10. 2012, 13.45)<\/p>\n<p>No \u0159ekn\u011bte. Napsala by tohle n\u011bjak\u00e1 probruselsk\u00e1 horlivka? Ani n\u00e1pad.  Mil\u00e1 Mirko N\u011bmcov\u00e1, p\u0159eji V\u00e1m \u00fasp\u011bch. I kdy\u017e teda j\u00e1 vol\u00edm Svobodn\u00e9.<\/p>\n<p><a href=\"http:\/\/jakl.blog.idnes.cz\/c\/371061\/Mirka-Nemcova-neni-zadny-vlezdobruselista.html\" target=\"_blank\">Zdroj<\/a><\/p>\n","protected":false},"excerpt":{"rendered":"<p>Zdecimovanou ODS vede do voleb m\u00edstop\u0159edsedkyn\u011b strany Mirka N\u011bmcov\u00e1. Mohl bych \u0159\u00edci, \u017ee ne \u00fapln\u011b v\u00a0souladu se stranickou demokraci\u00ed, proto\u017ee statut\u00e1rn\u00edm \u0161\u00e9fem strany je Martin Kuba, m\u011bl pln\u00fd mand\u00e1t stranu do voleb v\u00e9st s\u00e1m a jin\u00e9 pov\u011b\u0159en\u00ed mohl d\u00e1t pouze p\u0159\u00edpadn\u00fd mimo\u0159\u00e1dn\u00fd kongres.<\/p>\n","protected":false},"author":1,"featured_media":0,"comment_status":"open","ping_status":"open","sticky":false,"template":"","format":"standard","meta":{"ngg_post_thumbnail":0,"footnotes":""},"categories":[1],"tags":[],"class_list":["post-4340","post","type-post","status-publish","format-standard","hentry","category-publikovane-clanky"],"_links":{"self":[{"href":"https:\/\/www.ladislavjakl.cz\/index.php?rest_route=\/wp\/v2\/posts\/4340","targetHints":{"allow":["GET"]}}],"collection":[{"href":"https:\/\/www.ladislavjakl.cz\/index.php?rest_route=\/wp\/v2\/posts"}],"about":[{"href":"https:\/\/www.ladislavjakl.cz\/index.php?rest_route=\/wp\/v2\/types\/post"}],"author":[{"embeddable":true,"href":"https:\/\/www.ladislavjakl.cz\/index.php?rest_route=\/wp\/v2\/users\/1"}],"replies":[{"embeddable":true,"href":"https:\/\/www.ladislavjakl.cz\/index.php?rest_route=%2Fwp%2Fv2%2Fcomments&post=4340"}],"version-history":[{"count":2,"href":"https:\/\/www.ladislavjakl.cz\/index.php?rest_route=\/wp\/v2\/posts\/4340\/revisions"}],"predecessor-version":[{"id":4342,"href":"https:\/\/www.ladislavjakl.cz\/index.php?rest_route=\/wp\/v2\/posts\/4340\/revisions\/4342"}],"wp:attachment":[{"href":"https:\/\/www.ladislavjakl.cz\/index.php?rest_route=%2Fwp%2Fv2%2Fmedia&parent=4340"}],"wp:term":[{"taxonomy":"category","embeddable":true,"href":"https:\/\/www.ladislavjakl.cz\/index.php?rest_route=%2Fwp%2Fv2%2Fcategories&post=4340"},{"taxonomy":"post_tag","embeddable":true,"href":"https:\/\/www.ladislavjakl.cz\/index.php?rest_route=%2Fwp%2Fv2%2Ftags&post=4340"}],"curies":[{"name":"wp","href":"https:\/\/api.w.org\/{rel}","templated":true}]}}