{"id":4347,"date":"2013-10-24T13:11:08","date_gmt":"2013-10-24T11:11:08","guid":{"rendered":"http:\/\/www.ladislavjakl.cz\/?p=4347"},"modified":"2013-10-24T13:11:08","modified_gmt":"2013-10-24T11:11:08","slug":"proc-musi-vse-vlastnit-erar","status":"publish","type":"post","link":"https:\/\/www.ladislavjakl.cz\/?p=4347","title":{"rendered":"Pro\u010d mus\u00ed v\u0161e vlastnit er\u00e1r?"},"content":{"rendered":"<p>Dostal jsem ot\u00e1zku z \u010dasopisu E15. Redaktor se m\u011b ptal, co \u0159\u00edk\u00e1  V\u00e1clav Klaus na to, \u017ee starosta Prahy 10 chce nab\u00eddnout u\u017e\u00edv\u00e1n\u00ed ned\u00e1vno  vykoupen\u00e9 \u010capkovy vily pr\u00e1v\u011b jemu a prezidentu Zemanovi.<\/p>\n<p><!--more-->Odpov\u011bd\u011bl jsem  toto: &#8222;J\u00e1 jsem o tom s panem prezidentem nemluvil. M\u00e1m-li mluvit za  sebe, pak si v\u016fbec nemysl\u00edm (jakkoli si Karla \u010capka cen\u00edm), \u017ee se maj\u00ed  za pen\u00edze poplatn\u00edk\u016f vykupovat v\u0161echny budovy se zaj\u00edmavou historii.  Priv\u00e1tn\u00ed vlastnictv\u00ed p\u0159ece nen\u00ed \u017e\u00e1dn\u00e9 zlo.&#8220; Ani nev\u00edm, jestli m\u00e1 reakce  v\u016fbec vy\u0161la.<\/p>\n<p>L. J.<\/p>\n","protected":false},"excerpt":{"rendered":"<p>Dostal jsem ot\u00e1zku z \u010dasopisu E15. Redaktor se m\u011b ptal, co \u0159\u00edk\u00e1 V\u00e1clav Klaus na to, \u017ee starosta Prahy 10 chce nab\u00eddnout u\u017e\u00edv\u00e1n\u00ed ned\u00e1vno vykoupen\u00e9 \u010capkovy vily pr\u00e1v\u011b jemu a prezidentu Zemanovi.<\/p>\n","protected":false},"author":1,"featured_media":0,"comment_status":"open","ping_status":"open","sticky":false,"template":"","format":"standard","meta":{"ngg_post_thumbnail":0,"footnotes":""},"categories":[18],"tags":[],"class_list":["post-4347","post","type-post","status-publish","format-standard","hentry","category-postrehy"],"_links":{"self":[{"href":"https:\/\/www.ladislavjakl.cz\/index.php?rest_route=\/wp\/v2\/posts\/4347","targetHints":{"allow":["GET"]}}],"collection":[{"href":"https:\/\/www.ladislavjakl.cz\/index.php?rest_route=\/wp\/v2\/posts"}],"about":[{"href":"https:\/\/www.ladislavjakl.cz\/index.php?rest_route=\/wp\/v2\/types\/post"}],"author":[{"embeddable":true,"href":"https:\/\/www.ladislavjakl.cz\/index.php?rest_route=\/wp\/v2\/users\/1"}],"replies":[{"embeddable":true,"href":"https:\/\/www.ladislavjakl.cz\/index.php?rest_route=%2Fwp%2Fv2%2Fcomments&post=4347"}],"version-history":[{"count":2,"href":"https:\/\/www.ladislavjakl.cz\/index.php?rest_route=\/wp\/v2\/posts\/4347\/revisions"}],"predecessor-version":[{"id":4349,"href":"https:\/\/www.ladislavjakl.cz\/index.php?rest_route=\/wp\/v2\/posts\/4347\/revisions\/4349"}],"wp:attachment":[{"href":"https:\/\/www.ladislavjakl.cz\/index.php?rest_route=%2Fwp%2Fv2%2Fmedia&parent=4347"}],"wp:term":[{"taxonomy":"category","embeddable":true,"href":"https:\/\/www.ladislavjakl.cz\/index.php?rest_route=%2Fwp%2Fv2%2Fcategories&post=4347"},{"taxonomy":"post_tag","embeddable":true,"href":"https:\/\/www.ladislavjakl.cz\/index.php?rest_route=%2Fwp%2Fv2%2Ftags&post=4347"}],"curies":[{"name":"wp","href":"https:\/\/api.w.org\/{rel}","templated":true}]}}