{"id":4350,"date":"2013-10-24T13:14:06","date_gmt":"2013-10-24T11:14:06","guid":{"rendered":"http:\/\/www.ladislavjakl.cz\/?p=4350"},"modified":"2013-10-24T13:14:06","modified_gmt":"2013-10-24T11:14:06","slug":"parazit-komarek-v-babiscine-udoli","status":"publish","type":"post","link":"https:\/\/www.ladislavjakl.cz\/?p=4350","title":{"rendered":"Parazit Kom\u00e1rek v Babi\u0161\u010din\u011b \u00fadol\u00ed:"},"content":{"rendered":"<p><strong>Komu bude p\u00edt krev p\u0159\u00ed\u0161t\u011b?<\/strong><\/p>\n<p>Kom\u00e1rek je obt\u00ed\u017en\u00fd parazit. Saje krev hostiteli a po vpichu jeho sos\u00e1ku z\u016fst\u00e1vaj\u00ed p\u00e1liv\u00e9 puch\u00fd\u0159e. Nomen omen. Jak podobn\u00e9 se \u017eivotem Martina Kom\u00e1rka. <!--more--><\/p>\n<p>U\u017e za studi\u00ed, za hlubok\u00e9 normalizace, vstoupil do komunistick\u00e9 strany. Z\u00a0kari\u00e9ristick\u00fdch d\u016fvod\u016f. A hned m\u011bl volnou cesti\u010dku k\u00a0m\u00edstu redaktora svaz\u00e1ck\u00e9ho den\u00edku Mlad\u00e1 fronta. Tam &#8211; zase z\u00a0kari\u00e9ristick\u00fdch d\u016fvod\u016f &#8211; psal sv\u00e9 chvalozp\u011bvy na Klementa Gottwalda (<a href=\"http:\/\/www.novinky.cz\/domaci\/316377-gottwald-taky-makal-v-liberci-nekdo-rozvesil-komarkuv-oslavny-text.html\">http:\/\/www.novinky.cz\/domaci\/316377-gottwald-taky-makal-v-liberci-nekdo-rozvesil-komarkuv-oslavny-text.html<\/a>) v\u00a0dob\u011b, kdy se takto poni\u017eovali jen ti nejv\u011bt\u0161\u00ed horlivci a rozhodn\u011b to u\u017e nikdo po nikom nevy\u017eadoval.<\/p>\n<p>Po listopadu se \u00fa\u010dastnil jedn\u00e9 z\u00a0nejv\u011bt\u0161\u00edch privatiza\u010dn\u00edch loupe\u017e\u00ed za b\u00edl\u00e9ho dne. Den\u00edk v\u00a0hodnot\u011b miliardy zabavili sami svaz\u00e1\u010dt\u00ed redakto\u0159i a p\u0159edali jej zahrani\u010dn\u00edmu vlastn\u00edkovi. A jako dr\u017ehubn\u00e9 inkasovali po p\u011bti a\u017e osmi milionech. Co\u017e pro za\u010d\u00e1tek devades\u00e1t\u00fdch let byl start do nov\u00e9ho \u017eivota, o jak\u00e9m se jin\u00fdm nesnilo.<\/p>\n<p>Pak z\u00a0kari\u00e9ristick\u00fdch d\u016fvod\u016f m\u00edsto Gottwalda za\u010dal velebit pravici a vl\u00e1du ODS. Kdy\u017e vl\u00e1da ODS v\u00a0roce 1997 padla, op\u011bt z\u00a0kari\u00e9ristick\u00fdch d\u016fvod\u016f oto\u010dil a p\u0159es noc se z\u00a0n\u011bj stal zavil\u00fd a nen\u00e1vistn\u00fd klausofob. A jist\u011b\u017ee han\u011bl privatizaci. Kdy\u017e pak se vyno\u0159ily z\u00a0podnikatelsko-politick\u00e9ho polosv\u011bta r\u016fzn\u00e9 existence, pochopil, \u017ee ohro\u017euj\u00ed jeho chlebod\u00e1rce a s\u00a0nov\u00fdm nebezpe\u010d\u00edm se r\u00e1zn\u011b vypo\u0159\u00e1dal, kdy\u017e takto (<a href=\"http:\/\/zpravy.idnes.cz\/komentar-miliardar-babis-prska-jako-pepa-z-hospody-fwf-\/domaci.aspx?c=A110920_105720_domaci_brd\">http:\/\/zpravy.idnes.cz\/komentar-miliardar-babis-prska-jako-pepa-z-hospody-fwf-\/domaci.aspx?c=A110920_105720_domaci_brd<\/a>) sepsul Babi\u0161e. Z\u00a0kari\u00e9ristick\u00fdch d\u016fvod\u016f.<\/p>\n<p>Jen\u017ee pak p\u0159i\u0161el Babi\u0161 a zachrastil m\u011b\u0161cem. A bezcharaktern\u00ed Kom\u00e1rek, kter\u00fd popsal tuny pap\u00edru o tom, jak B\u00e1rta pr\u00fd ud\u011blal z\u00a0politick\u00e9 strany divizi sv\u00e9 firmy, najednou sko\u010dil po nov\u00e9 \u0161anci. A kandiduje za Babi\u0161e, symbolizuj\u00edc\u00edho v\u0161e, proti \u010demu Kom\u00e1rek posledn\u00ed l\u00e9ta psal. Z\u00a0kari\u00e9ristick\u00fdch d\u016fvod\u016f.<\/p>\n<p>Ale jak u\u017e to u takov\u00fdch kari\u00e9ristick\u00fdch parazit\u016f b\u00fdv\u00e1, ani tohle nen\u00ed jeho posledn\u00ed \u0161tace. Babi\u0161\u016fv slepenec se zadrhne, p\u0159estane b\u00fdt perspektivn\u00ed a Kom\u00e1rek se jist\u011b poohl\u00eddne po n\u011bkom dal\u0161\u00edm, komu by z\u00a0kari\u00e9ristick\u00fdch d\u016fvod\u016f s\u00e1l krev. Tipn\u011bte si, kdo to bude.<\/p>\n<p>L. J.<\/p>\n","protected":false},"excerpt":{"rendered":"<p>Komu bude p\u00edt krev p\u0159\u00ed\u0161t\u011b? Kom\u00e1rek je obt\u00ed\u017en\u00fd parazit. Saje krev hostiteli a po vpichu jeho sos\u00e1ku z\u016fst\u00e1vaj\u00ed p\u00e1liv\u00e9 puch\u00fd\u0159e. Nomen omen. Jak podobn\u00e9 se \u017eivotem Martina Kom\u00e1rka.<\/p>\n","protected":false},"author":1,"featured_media":0,"comment_status":"open","ping_status":"open","sticky":false,"template":"","format":"standard","meta":{"ngg_post_thumbnail":0,"footnotes":""},"categories":[18],"tags":[],"class_list":["post-4350","post","type-post","status-publish","format-standard","hentry","category-postrehy"],"_links":{"self":[{"href":"https:\/\/www.ladislavjakl.cz\/index.php?rest_route=\/wp\/v2\/posts\/4350","targetHints":{"allow":["GET"]}}],"collection":[{"href":"https:\/\/www.ladislavjakl.cz\/index.php?rest_route=\/wp\/v2\/posts"}],"about":[{"href":"https:\/\/www.ladislavjakl.cz\/index.php?rest_route=\/wp\/v2\/types\/post"}],"author":[{"embeddable":true,"href":"https:\/\/www.ladislavjakl.cz\/index.php?rest_route=\/wp\/v2\/users\/1"}],"replies":[{"embeddable":true,"href":"https:\/\/www.ladislavjakl.cz\/index.php?rest_route=%2Fwp%2Fv2%2Fcomments&post=4350"}],"version-history":[{"count":2,"href":"https:\/\/www.ladislavjakl.cz\/index.php?rest_route=\/wp\/v2\/posts\/4350\/revisions"}],"predecessor-version":[{"id":4352,"href":"https:\/\/www.ladislavjakl.cz\/index.php?rest_route=\/wp\/v2\/posts\/4350\/revisions\/4352"}],"wp:attachment":[{"href":"https:\/\/www.ladislavjakl.cz\/index.php?rest_route=%2Fwp%2Fv2%2Fmedia&parent=4350"}],"wp:term":[{"taxonomy":"category","embeddable":true,"href":"https:\/\/www.ladislavjakl.cz\/index.php?rest_route=%2Fwp%2Fv2%2Fcategories&post=4350"},{"taxonomy":"post_tag","embeddable":true,"href":"https:\/\/www.ladislavjakl.cz\/index.php?rest_route=%2Fwp%2Fv2%2Ftags&post=4350"}],"curies":[{"name":"wp","href":"https:\/\/api.w.org\/{rel}","templated":true}]}}