{"id":4355,"date":"2013-10-24T13:26:42","date_gmt":"2013-10-24T11:26:42","guid":{"rendered":"http:\/\/www.ladislavjakl.cz\/?p=4355"},"modified":"2013-10-24T13:26:42","modified_gmt":"2013-10-24T11:26:42","slug":"jakl-drsne-o-babisove-komarkovi-karieristicky-parazit","status":"publish","type":"post","link":"https:\/\/www.ladislavjakl.cz\/?p=4355","title":{"rendered":"Jakl drsn\u011b o Babi\u0161ov\u011b Kom\u00e1rkovi: Kari\u00e9ristick\u00fd parazit"},"content":{"rendered":"<p>Ladislav Jakl, spolupracovn\u00edk V\u00e1clava Klause, se r\u00e1zn\u011b vypo\u0159\u00e1dal s  kandid\u00e1tem hnut\u00ed ANO, b\u00fdval\u00fdm novin\u00e1\u0159em Mlad\u00e9 frotny Dnes Martinem  Kom\u00e1rkem.<\/p>\n<p><!--more--><\/p>\n<p><img decoding=\"async\" id=\"zpravy_image_cae17d22-3c79-11e3-8468-003048df98d0813168465c8743d9b46fc97724ed0c2d\" title=\"Jakl drsn\u011b o Babi\u0161ov\u011b Kom\u00e1rkovi: Kari\u00e9ristick\u00fd parazit\" src=\"http:\/\/www.prvnizpravy.cz\/repository\/zpravy\/_antialias_cae17d22-3c79-11e3-8468-003048df98d0_a0a7d9c03537baa203eafd69a348b24a.jpg\" alt=\"Jakl drsn\u011b o Babi\u0161ov\u011b Kom\u00e1rkovi: Kari\u00e9ristick\u00fd parazit\" \/><\/p>\n<div>Andrej Babi\u0161 a Martin Kom\u00e1rek<\/div>\n<div><strong>24.\u0159\u00edjen 2013 &#8211; 11:00<\/strong><\/div>\n<div id=\"zprava_text\">\n<div>Tak jako je  kom\u00e1rek obt\u00ed\u017en\u00fd parazit, kter\u00fd saje krev, je i Martin Kom\u00e1rek  kari\u00e9rista, kter\u00fd saje krev zrovna tam, kde c\u00edt\u00ed \u0161anci.<\/p>\n<p>V kr\u00e1tk\u00e9m Kom\u00e1rkov\u011b \u017eivotopise Jakl nazna\u010dil, \u017ee Kom\u00e1rek nen\u00ed p\u0159\u00edli\u0161 charaktern\u00edm \u010dlov\u011bkem.<\/p>\n<p>Za  hlubok\u00e9 normalizace vstoupil do komunistick\u00e9 strany, podle Jakla z  kari\u00e9ristick\u00fdch d\u016fvod\u016f. To mu otev\u0159elo cestu k m\u00edstu redaktora  svaz\u00e1ck\u00e9ho den\u00edku Mlad\u00e1 fronta.<\/p>\n<p>&#8222;Po listopadu se \u00fa\u010dastnil jedn\u00e9 z  nejv\u011bt\u0161\u00edch privatiza\u010dn\u00edch loupe\u017e\u00ed za b\u00edl\u00e9ho dne. Den\u00edk v hodnot\u011b  miliardy zabavili sami svaz\u00e1\u010dt\u00ed redakto\u0159i a p\u0159edali jej zahrani\u010dn\u00edmu  vlastn\u00edkovi. A jako dr\u017ehubn\u00e9 inkasovali po p\u011bti a\u017e osmi milionech. Co\u017e  pro za\u010d\u00e1tek devades\u00e1t\u00fdch let byl start do nov\u00e9ho \u017eivota, o jak\u00e9m se  jin\u00fdm nesnilo,&#8220; napsal Jakl.<\/p>\n<p><strong>cel\u00fd koment\u00e1\u0159 Ladislava Jakla: <a style=\"text-decoration: none;\" href=\"http:\/\/www.prvnizpravy.cz\/sloupky\/parazit-komarek-v-babiscine-udoli-komu-bude-pit-krev-priste\/highlightSearch=babi%C5%A1\/\">Parazit Kom\u00e1rek v <span>Babi\u0161<\/span>\u010din\u011b \u00fadol\u00ed: Komu bude p\u00edt krev p\u0159\u00ed\u0161t\u011b?<\/a><\/strong><\/p>\n<p>Kom\u00e1rek  pak podle n\u011bho z kari\u00e9ristick\u00fdch d\u016fvod\u016f m\u00edsto Gottwalda za\u010dal velebit  pravici a vl\u00e1du ODS, aby pak, kdy\u017e tato v roce 1997 padla, vstupoval  jako zavil\u00fd klausofob a kritik privatizace.<\/p>\n<p>Pozd\u011bji za\u010dal kritizovat Andreje Babi\u0161e, aby op\u011bt pozd\u011bji za t\u00e9ho\u017e Babi\u0161e kandidoval ve volb\u00e1ch.<\/p>\n<p>&#8222;Jen\u017ee  pak p\u0159i\u0161el Babi\u0161 a zachrastil m\u011b\u0161cem. A bezcharaktern\u00ed Kom\u00e1rek, kter\u00fd  popsal tuny pap\u00edru o tom, jak B\u00e1rta pr\u00fd ud\u011blal z politick\u00e9 strany divizi  sv\u00e9 firmy, najednou sko\u010dil po nov\u00e9 \u0161anci. A kandiduje za Babi\u0161e,  symbolizuj\u00edc\u00edho v\u0161e, proti \u010demu Kom\u00e1rek posledn\u00ed l\u00e9ta psal. Z  kari\u00e9ristick\u00fdch d\u016fvod\u016f,&#8220; uvedl Jakl.<\/p>\n<p>Ale jak u\u017e to u takov\u00fdch kari\u00e9ristick\u00fdch parazit\u016f b\u00fdv\u00e1, ani tohle nen\u00ed jeho posledn\u00ed \u0161tace, dod\u00e1v\u00e1.<\/p><\/div>\n<div><a href=\"http:\/\/www.prvnizpravy.cz\/zpravy\/politika\/jakl-drsne-o-babisove-komarkovi-karieristicky-parazit\/\" target=\"_blank\">Zdroj<\/a><\/div>\n<\/div>\n","protected":false},"excerpt":{"rendered":"<p>Ladislav Jakl, spolupracovn\u00edk V\u00e1clava Klause, se r\u00e1zn\u011b vypo\u0159\u00e1dal s kandid\u00e1tem hnut\u00ed ANO, b\u00fdval\u00fdm novin\u00e1\u0159em Mlad\u00e9 frotny Dnes Martinem Kom\u00e1rkem.<\/p>\n","protected":false},"author":1,"featured_media":0,"comment_status":"open","ping_status":"open","sticky":false,"template":"","format":"standard","meta":{"ngg_post_thumbnail":0,"footnotes":""},"categories":[11],"tags":[],"class_list":["post-4355","post","type-post","status-publish","format-standard","hentry","category-ozvena"],"_links":{"self":[{"href":"https:\/\/www.ladislavjakl.cz\/index.php?rest_route=\/wp\/v2\/posts\/4355","targetHints":{"allow":["GET"]}}],"collection":[{"href":"https:\/\/www.ladislavjakl.cz\/index.php?rest_route=\/wp\/v2\/posts"}],"about":[{"href":"https:\/\/www.ladislavjakl.cz\/index.php?rest_route=\/wp\/v2\/types\/post"}],"author":[{"embeddable":true,"href":"https:\/\/www.ladislavjakl.cz\/index.php?rest_route=\/wp\/v2\/users\/1"}],"replies":[{"embeddable":true,"href":"https:\/\/www.ladislavjakl.cz\/index.php?rest_route=%2Fwp%2Fv2%2Fcomments&post=4355"}],"version-history":[{"count":2,"href":"https:\/\/www.ladislavjakl.cz\/index.php?rest_route=\/wp\/v2\/posts\/4355\/revisions"}],"predecessor-version":[{"id":4357,"href":"https:\/\/www.ladislavjakl.cz\/index.php?rest_route=\/wp\/v2\/posts\/4355\/revisions\/4357"}],"wp:attachment":[{"href":"https:\/\/www.ladislavjakl.cz\/index.php?rest_route=%2Fwp%2Fv2%2Fmedia&parent=4355"}],"wp:term":[{"taxonomy":"category","embeddable":true,"href":"https:\/\/www.ladislavjakl.cz\/index.php?rest_route=%2Fwp%2Fv2%2Fcategories&post=4355"},{"taxonomy":"post_tag","embeddable":true,"href":"https:\/\/www.ladislavjakl.cz\/index.php?rest_route=%2Fwp%2Fv2%2Ftags&post=4355"}],"curies":[{"name":"wp","href":"https:\/\/api.w.org\/{rel}","templated":true}]}}