{"id":436,"date":"2010-07-07T11:55:17","date_gmt":"2010-07-07T10:55:17","guid":{"rendered":"http:\/\/www.ladislavjakl.cz\/?p=436"},"modified":"2010-07-07T11:58:42","modified_gmt":"2010-07-07T10:58:42","slug":"jakl-se-zastava-boka-neni-vulgarni-pomaha-tem-ktere-odepsali","status":"publish","type":"post","link":"https:\/\/www.ladislavjakl.cz\/?p=436","title":{"rendered":"Jakl se zast\u00e1v\u00e1 Boka: Nen\u00ed vulg\u00e1rn\u00ed, pom\u00e1h\u00e1 t\u011bm, kter\u00e9 odepsali"},"content":{"rendered":"<p>Tajemn\u00edk prezidenta  Ladislav Jakl odm\u00edt\u00e1, \u017ee by byl aktivista John Bok vulg\u00e1rn\u00ed. Naopak je  vhodn\u00fdm adeptem na k\u0159eslo Otakara Motejla.<\/p>\n<p><!--more-->Prezidentsk\u00fd kandid\u00e1t na ombudsmana John Bok nen\u00ed podle tajemn\u00edka  prezidenta Ladislava Jakl vulg\u00e1rn\u00ed, ale bojuje za pr\u00e1va lid\u00ed a  nez\u00e1vislou justici ve sv\u00e9 spole\u010dnosti \u0160alamoun. Proto jej Hrad nominoval  na n\u00e1stupce ve\u0159ejn\u00e9ho ochr\u00e1nce pr\u00e1v po zem\u0159el\u00e9m Otakaru Motejlovi.<\/p>\n<p>&#8222;Nezn\u00e1m od pana Boka \u017e\u00e1dn\u00e9 vulgarity. Zn\u00e1m ale jeho usilovnou a\u017e buldo\u010d\u00ed  pr\u00e1ci ve prosp\u011bch t\u011bch, kter\u00fdm se d\u011bje n\u011bjak\u00e1 k\u0159ivda. D\u011bl\u00e1 to dlouh\u00e1  l\u00e9ta s pln\u00fdm \u00fasil\u00edm jako nikdo jin\u00fd. Pom\u00e1h\u00e1 t\u011bm, nad kter\u00fdmi v\u0161ichni  odstatn\u00ed jen ohrnuj\u00ed nos,&#8220; uvedl pro ParlamentniListy.cz Jakl d\u016fvody,  pro\u010d by mohl b\u00fdt Bok nov\u00fdm ombudsmanem.<\/p>\n<p>B\u00fdval\u00fd disident Bok je zn\u00e1m sv\u00fdmi expresivn\u00edmi v\u00fdrazy. Na za\u010d\u00e1tku roku  nap\u0159\u00edklad v Britsk\u00fdch listech vedl polemiku s kritikem a publicistou  Janem Rej\u017ekem.<\/p>\n<p>&#8222;Za tot\u00e1\u010de jsi byl posran\u00fd a\u017e za u\u0161i, a jen proto\u017ee t\u011b p\u0159izvali na  Lipnici, tak jsi se stal hrdinou za p\u011bt minut dvan\u00e1ct, kdy\u017e u\u017e \u0161lo o  hovno. Ne\u017e o n\u011bkom, ty ubo\u017e\u00e1ku, bude\u0161 \u0159\u00edkat, \u017ee je prase, tak si mus\u00ed\u0161 v  prv\u00e9 \u0159ad\u011b vzpomenout, co jsi d\u011blal za totality ty s\u00e1m. Sportovn\u00edho  pis\u00e1lka. Re\u017eimn\u00edho slouhu,&#8220; napsal Bok Rej\u017ekovi, kter\u00fd jej poslal do  &#8222;prdele&#8220; kv\u016fli jeho podpo\u0159e odvol\u00e1n\u00ed tehdej\u0161\u00edho \u0161\u00e9fa \u00dastavu pro studium  totalitn\u00edch re\u017eim\u016f Ji\u0159\u00edho \u017d\u00e1\u010dka.<\/p>\n<p>Ombudsmana bude volit Poslaneck\u00e1 sn\u011bmovna. Sen\u00e1t navrhl Annu \u0160abatovou a  Ivu Bro\u017eovou, prezident pak Johna Boka a Evu Dund\u00e1\u010dkovou.<\/p>\n<p><strong>Nesta\u010d\u00edte rezignovat v\u010das<\/strong><\/p>\n<p><strong><\/strong>Bok kritizoval to, \u017ee Bro\u017eov\u00e1 v sou\u010dasn\u00e9 dob\u011b zast\u00e1v\u00e1 funkci  p\u0159edsedkyn\u011b Nejvy\u0161\u0161\u00edho soudu a nemohla by v\u010das na tento post rezignovat,  pokud by byla zvolena ombudsmankou.<\/p>\n<p>&#8222;P\u0159ijet\u00edm kandidatury jste zpochybnila regul\u00e9rnost v\u00fdb\u011bru kandid\u00e1t\u016f  Sen\u00e1tem, nebo\u0165 jste od\u010derpala hlasy, kter\u00e9 by jinak mo\u017en\u00e1 dostali \u0159\u00e1dn\u011b  ustanoven\u00ed konkurenti. Pokud byste za t\u011bchto okolnost\u00ed byla Poslaneckou  sn\u011bmovnou zvolena, ostatn\u00ed kandid\u00e1ti by patrn\u011b usp\u011bli se soudn\u00ed \u017ealobou  na neplatnost va\u0161eho zvolen\u00ed,&#8220; uvedl Bok.<\/p>\n<p><a href=\"http:\/\/www.parlamentnilisty.cz\/vlada\/169522.aspx\" target=\"_blank\">ZDROJ<\/a><\/p>\n","protected":false},"excerpt":{"rendered":"<p>Tajemn\u00edk prezidenta Ladislav Jakl odm\u00edt\u00e1, \u017ee by byl aktivista John Bok vulg\u00e1rn\u00ed. Naopak je vhodn\u00fdm adeptem na k\u0159eslo Otakara Motejla.<\/p>\n","protected":false},"author":1,"featured_media":0,"comment_status":"open","ping_status":"open","sticky":false,"template":"","format":"standard","meta":{"ngg_post_thumbnail":0,"footnotes":""},"categories":[11],"tags":[],"class_list":["post-436","post","type-post","status-publish","format-standard","hentry","category-ozvena"],"_links":{"self":[{"href":"https:\/\/www.ladislavjakl.cz\/index.php?rest_route=\/wp\/v2\/posts\/436","targetHints":{"allow":["GET"]}}],"collection":[{"href":"https:\/\/www.ladislavjakl.cz\/index.php?rest_route=\/wp\/v2\/posts"}],"about":[{"href":"https:\/\/www.ladislavjakl.cz\/index.php?rest_route=\/wp\/v2\/types\/post"}],"author":[{"embeddable":true,"href":"https:\/\/www.ladislavjakl.cz\/index.php?rest_route=\/wp\/v2\/users\/1"}],"replies":[{"embeddable":true,"href":"https:\/\/www.ladislavjakl.cz\/index.php?rest_route=%2Fwp%2Fv2%2Fcomments&post=436"}],"version-history":[{"count":3,"href":"https:\/\/www.ladislavjakl.cz\/index.php?rest_route=\/wp\/v2\/posts\/436\/revisions"}],"predecessor-version":[{"id":443,"href":"https:\/\/www.ladislavjakl.cz\/index.php?rest_route=\/wp\/v2\/posts\/436\/revisions\/443"}],"wp:attachment":[{"href":"https:\/\/www.ladislavjakl.cz\/index.php?rest_route=%2Fwp%2Fv2%2Fmedia&parent=436"}],"wp:term":[{"taxonomy":"category","embeddable":true,"href":"https:\/\/www.ladislavjakl.cz\/index.php?rest_route=%2Fwp%2Fv2%2Fcategories&post=436"},{"taxonomy":"post_tag","embeddable":true,"href":"https:\/\/www.ladislavjakl.cz\/index.php?rest_route=%2Fwp%2Fv2%2Ftags&post=436"}],"curies":[{"name":"wp","href":"https:\/\/api.w.org\/{rel}","templated":true}]}}