{"id":4363,"date":"2013-10-30T16:03:33","date_gmt":"2013-10-30T15:03:33","guid":{"rendered":"http:\/\/www.ladislavjakl.cz\/?p=4363"},"modified":"2013-10-30T16:03:33","modified_gmt":"2013-10-30T15:03:33","slug":"jakl-je-rad-ze-se-do-snemovny-nedostali-zeleni-extremiste","status":"publish","type":"post","link":"https:\/\/www.ladislavjakl.cz\/?p=4363","title":{"rendered":"Jakl je r\u00e1d, \u017ee se do Sn\u011bmovny nedostali zelen\u00ed extr\u00e9mist\u00e9"},"content":{"rendered":"<p>Spolupracovn\u00edk V\u00e1clava Klause Ladislav Jakl je \u0161\u0165astn\u00fd, \u017ee u\u017e nen\u00ed  na Hrad\u011b a nemus\u00ed tr\u00e1vit p\u0159\u00ed\u0161t\u00ed dny a noci poradami kolem povolebn\u00edch  vyjedn\u00e1v\u00e1n\u00ed. Na dotaz, jak hodnot\u00ed v\u00fdsledky voleb obecn\u011b, pak odpov\u011bd\u011bl  n\u011bkolika post\u0159ehy:<\/p>\n<p><!--more--><\/p>\n<p><img decoding=\"async\" id=\"zpravy_image_a5cb720e-3e7c-11e3-8468-003048df98d0218d5bd61fd6458da08bca2816d9ef50\" title=\"Jakl je r\u00e1d, \u017ee se do Sn\u011bmovny nedostali zelen\u00ed extr\u00e9mist\u00e9\" src=\"http:\/\/www.prvnizpravy.cz\/repository\/zpravy\/_antialias_a5cb720e-3e7c-11e3-8468-003048df98d0_a0a7d9c03537baa203eafd69a348b24a.jpg\" alt=\"Jakl je r\u00e1d, \u017ee se do Sn\u011bmovny nedostali zelen\u00ed extr\u00e9mist\u00e9\" \/><\/p>\n<div>Ladislav Jakl<\/div>\n<div><strong>27.\u0159\u00edjen 2013 &#8211; 21:04<\/strong><\/div>\n<div>\n&#8222;Nejen j\u00e1, ale  cel\u00e1 voli\u010dsk\u00e1 ve\u0159ejnost si te\u010f ur\u010dit\u011b u\u017eije pohled na to, jak ti, co s  takovou chut\u00ed bo\u0159ili, budou p\u0159edv\u00e1d\u011bt, jak um\u011bj\u00ed stav\u011bt. Mysl\u00edm, \u017ee  vl\u00e1du hned tak nesestav\u00ed,&#8220; \u0159ekl Jakl pro Prvnizpravy.cz.<\/p>\n<p>Babi\u0161 tak\u00e9 podle n\u011bho uk\u00e1zal voli\u010d\u016fm, &#8222;jak snadno si lze koupit jejich hlasy. A t\u00edm i pod\u00edl na moci.&#8220;<\/p>\n<p>Kone\u010dn\u011b za sebe osobn\u011b vyj\u00e1d\u0159il Jakl pot\u011b\u0161en\u00ed, \u017ee &#8222;p\u0159es medi\u00e1ln\u00ed protekci se nedostali do Sn\u011bmovny zelen\u00ed extr\u00e9mist\u00e9.&#8220;<\/p>\n<p>A vlastn\u011b je\u0161t\u011b jedna v\u011bc bl\u00edzk\u00e9ho Klausova spolupracovn\u00edka pot\u011b\u0161ila &#8211; &#8222;\u00fasp\u011bch&#8220; Svobodn\u00fdch.<\/p>\n<p>&#8222;Jsem  tak\u00e9 mimo\u0159\u00e1dn\u011b spokojen s historick\u00fdm \u00fasp\u011bchem Svobodn\u00fdch, jejich\u017e  existenci ob\u010dan\u016fm \u010cesk\u00e1 televize a Babi\u0161ovy den\u00edky zatajily,&#8220; dodal  Jakl.<\/p>\n<p>Zat\u00edmco v roce 2010 z\u00edskali Svobodn\u00ed 38.894 hlas\u016f (tedy 0.74 procent), letos t\u0159ikr\u00e1t v\u00edce &#8211; 122.564 (2.46 %).<\/p>\n<p><a href=\"http:\/\/www.prvnizpravy.cz\/zpravy\/zpravy\/jakl-je-rad-ze-se-do-snemovny-nedostali-zeleni-extremiste\/\" target=\"_blank\">Zdroj<\/a><\/div>\n","protected":false},"excerpt":{"rendered":"<p>Spolupracovn\u00edk V\u00e1clava Klause Ladislav Jakl je \u0161\u0165astn\u00fd, \u017ee u\u017e nen\u00ed na Hrad\u011b a nemus\u00ed tr\u00e1vit p\u0159\u00ed\u0161t\u00ed dny a noci poradami kolem povolebn\u00edch vyjedn\u00e1v\u00e1n\u00ed. Na dotaz, jak hodnot\u00ed v\u00fdsledky voleb obecn\u011b, pak odpov\u011bd\u011bl n\u011bkolika post\u0159ehy:<\/p>\n","protected":false},"author":1,"featured_media":0,"comment_status":"open","ping_status":"open","sticky":false,"template":"","format":"standard","meta":{"ngg_post_thumbnail":0,"footnotes":""},"categories":[11],"tags":[],"class_list":["post-4363","post","type-post","status-publish","format-standard","hentry","category-ozvena"],"_links":{"self":[{"href":"https:\/\/www.ladislavjakl.cz\/index.php?rest_route=\/wp\/v2\/posts\/4363","targetHints":{"allow":["GET"]}}],"collection":[{"href":"https:\/\/www.ladislavjakl.cz\/index.php?rest_route=\/wp\/v2\/posts"}],"about":[{"href":"https:\/\/www.ladislavjakl.cz\/index.php?rest_route=\/wp\/v2\/types\/post"}],"author":[{"embeddable":true,"href":"https:\/\/www.ladislavjakl.cz\/index.php?rest_route=\/wp\/v2\/users\/1"}],"replies":[{"embeddable":true,"href":"https:\/\/www.ladislavjakl.cz\/index.php?rest_route=%2Fwp%2Fv2%2Fcomments&post=4363"}],"version-history":[{"count":2,"href":"https:\/\/www.ladislavjakl.cz\/index.php?rest_route=\/wp\/v2\/posts\/4363\/revisions"}],"predecessor-version":[{"id":4365,"href":"https:\/\/www.ladislavjakl.cz\/index.php?rest_route=\/wp\/v2\/posts\/4363\/revisions\/4365"}],"wp:attachment":[{"href":"https:\/\/www.ladislavjakl.cz\/index.php?rest_route=%2Fwp%2Fv2%2Fmedia&parent=4363"}],"wp:term":[{"taxonomy":"category","embeddable":true,"href":"https:\/\/www.ladislavjakl.cz\/index.php?rest_route=%2Fwp%2Fv2%2Fcategories&post=4363"},{"taxonomy":"post_tag","embeddable":true,"href":"https:\/\/www.ladislavjakl.cz\/index.php?rest_route=%2Fwp%2Fv2%2Ftags&post=4363"}],"curies":[{"name":"wp","href":"https:\/\/api.w.org\/{rel}","templated":true}]}}