{"id":4366,"date":"2013-10-30T16:09:36","date_gmt":"2013-10-30T15:09:36","guid":{"rendered":"http:\/\/www.ladislavjakl.cz\/?p=4366"},"modified":"2013-10-30T16:09:36","modified_gmt":"2013-10-30T15:09:36","slug":"ladislav-jakl-proti-tomu-co-nyni-nastava-byly-posledni-mesice-sporadanym-skautskym-taborem","status":"publish","type":"post","link":"https:\/\/www.ladislavjakl.cz\/?p=4366","title":{"rendered":"Ladislav Jakl: Proti tomu, co nyn\u00ed nast\u00e1v\u00e1, byly posledn\u00ed m\u011bs\u00edce spo\u0159\u00e1dan\u00fdm skautsk\u00fdm t\u00e1borem"},"content":{"rendered":"<p>N\u011bkolik let str\u00e1vil na Hrad\u011b b\u00fdval\u00fd tajemn\u00edk Ladislav Jakl u nekone\u010dn\u00fdch porad kolem volebn\u00edch vyjedn\u00e1v\u00e1n\u00ed. Dnes je r\u00e1d, \u017ee se ji\u017e tomuto t\u00e9matu nemus\u00ed aktivn\u011b v\u011bnovat. Podle Jakla voli\u010di opakovan\u011b sk\u00e1\u010dou stran\u00e1m na \u0161pek a o p\u0159ed\u010dasn\u00fdch volb\u00e1ch se hovo\u0159\u00ed p\u0159ed\u010dasn\u011b, \u0159\u00edk\u00e1 v rozhovoru pro magaz\u00edn VIPosobnosti.eu odborn\u00edk na politick\u00e1 vyjedn\u00e1v\u00e1n\u00ed a \u017eurnalistiku, Ladislav Jakl.<br \/>\n<!--more--><\/p>\n<p><img loading=\"lazy\" decoding=\"async\" style=\"float: left; margin-left: 10px; margin-right: 10px;\" src=\"http:\/\/www.viposobnosti.eu\/obrazek\/2\/ladislav-jakl-tajemnik-kandidat-na-prezidenta-385\/\" alt=\"\" width=\"227\" height=\"293\" \/><\/p>\n<p><strong> <\/strong><\/p>\n<p><strong>Jak hodnot\u00edte, pane Jakle, v\u00fdsledek voleb?<\/strong><\/p>\n<p>Zaprv\u00e9 jsem cel\u00fd \u0161\u0165astn\u00fd, \u017ee u\u017e nejsem na Hrad\u011b a nemus\u00edm tr\u00e1vit p\u0159\u00ed\u0161t\u00ed dny a noci poradami kolem povolebn\u00edch vyjedn\u00e1v\u00e1n\u00ed. A za dal\u0161\u00ed, mysl\u00edm, \u017ee nejen j\u00e1, ale i cel\u00e1 voli\u010dsk\u00e1 ve\u0159ejnost si te\u010f u\u017eije smutn\u00fd pohled na to, jak ti, co s takovou chut\u00ed bo\u0159ili, te\u010f budou p\u0159edv\u00e1d\u011bt, jak um\u011bj\u00ed stav\u011bt. Podle mne vl\u00e1du hned tak nesestav\u00ed. A zdaleka ne pouze kv\u016fli d\u011bn\u00ed v soci\u00e1ln\u00ed demokracii.<\/p>\n<p>Holt voli\u010d uvid\u00ed, jak si jeho vysn\u011bn\u00ed favorit\u00e9 vyl\u00e1mou zuby, a on zas za\u010dne nad\u00e1vat jim. Za sebe jsem ale moc r\u00e1d, \u017ee i p\u0159es ohromnou medi\u00e1ln\u00ed protekci se nedostali do sn\u011bmovny zelen\u00ed extremist\u00e9. Ti by nejrad\u011bji vyhubili zbytek lidstva, aby m\u011bli planetu sami pro sebe. A tak\u00e9 jsem mimo\u0159\u00e1dn\u011b spokojen s historick\u00fdm \u00fasp\u011bchem Svobodn\u00fdch. Jejich existenci ob\u010dan\u016fm \u010cesk\u00e1 televize a Babi\u0161ovy den\u00edky zatajili, p\u0159esto Svobodn\u00ed z\u00edskali t\u0159ikr\u00e1t v\u00edc hlas\u016f ne\u017e minule. A Babi\u0161? Ten voli\u010d\u016fm uk\u00e1zal, jak snadno si lze koupit jejich hlasy. A t\u00edm i pod\u00edl na moci.<\/p>\n<p><strong>Nen\u00ed to tak\u00e9 sign\u00e1l pro \u010cSSD a ODS? Voli\u010di u\u017e necht\u011bj\u00ed tyto politiky-teoretiky, ale hledaj\u00ed osobnost, kter\u00e1 jim jasn\u011b uk\u00e1\u017ee sm\u011br a dovede je k n\u011bjak\u00e9mu pomysln\u00e9mu c\u00edli?<\/strong><\/p>\n<p>\u017de hledaj\u00ed? Ale kdepak. Kdo hled\u00e1, ten nesk\u00e1\u010de ve volb\u00e1ch opakovan\u011b na \u0161pek t\u011bm, co \u0159\u00edkaj\u00ed: volte n\u00e1s, vymeteme tu sebranku a nastane r\u00e1j. Tyhle hrozn\u00e9 hlouposti \u010desk\u00fd voli\u010d opakovan\u011b zba\u0161t\u00ed i s navij\u00e1kem.<\/p>\n<p><strong>Hovo\u0159\u00ed se o dal\u0161\u00edch volb\u00e1ch na ja\u0159e. Co se podle v\u00e1s bude odehr\u00e1vat v p\u0159\u00ed\u0161t\u00edch t\u00fddnech a m\u011bs\u00edc\u00edch?<\/strong><\/p>\n<p>To se asi hovo\u0159\u00ed p\u0159ed\u010dasn\u011b. Touha po moci nakonec mo\u017en\u00e1 k n\u011bjak\u00e9mu kompromisu povede. A i kdy\u017e nepovede, tak na ja\u0159e nov\u00e9 volby ur\u010dit\u011b nebudou. Tak rychl\u00e9 volby by tak\u00e9 vy\u017eadovaly domluvu na politick\u00e9 sc\u00e9n\u011b a ta asi nehroz\u00ed. Sp\u00ed\u0161 n\u00e1s \u010dek\u00e1 n\u011bkolik m\u011bs\u00edc\u016f zm\u00edt\u00e1n\u00ed se ve zmatc\u00edch, rozpo\u010dtov\u00e9 provizorium, do\u010dasn\u00e1 vl\u00e1da bez mand\u00e1tu a tak. Ale voli\u010d to asi takhle chce, tak a\u0165 to m\u00e1.<\/p>\n<p><strong>Okamur\u016fv \u00dasvit dostal p\u0159ekvapiv\u011b mnoho hlas\u016f. Mysl\u00edm, \u017ee se jedn\u00e1 o frustraci ob\u010dan\u016f z demokracie zastupitelsk\u00e9. I p\u0159\u00edm\u00e1 demokracie m\u00e1 v\u0161ak sv\u00e1 \u00faskal\u00ed. Jak\u00fd je v\u00e1\u0161 n\u00e1zor, p\u0159iv\u00edtal byste v\u011bt\u0161\u00ed pod\u00edl ob\u010dan\u016f na tvorb\u011b d\u016fle\u017eit\u00fdch z\u00e1kon\u016f?<\/strong><\/p>\n<p>Pod\u00edl ob\u010dan\u016f na tvorb\u011b z\u00e1kon\u016f je blbost. Kdo n\u011bkdy psal z\u00e1kon, ten to v\u00ed. Voli\u010d by m\u011bl m\u00edt sp\u00ed\u0161 n\u00e1stroje k tomu, aby n\u011bkter\u00e9 z\u00e1kony zablokoval. A co se t\u00fd\u010de Okamury, voli\u010di ho nevolili kv\u016fli \u0159e\u010dem o p\u0159\u00edm\u00e9 demokracii. Tomu stejn\u011b v\u011bt\u0161ina lid\u00ed nerozum\u00ed. Volili ho kv\u016fli r\u00e1zn\u00fdm slov\u016fm a jednoduch\u00fdm \u0159e\u0161en\u00edm.<\/p>\n<p>Politiky odvolat, zav\u0159\u00edt, zvolit nov\u00e9, ty pak odvolat, zav\u0159\u00edt a tak d\u00e1l dokola. Hm, tak a\u0165 se te\u010f uk\u00e1\u017ee se sv\u00fdm &#8222;koncem bordelu&#8220;. Proto\u017ee proti tomu, co nyn\u00ed nast\u00e1v\u00e1, byly posledn\u00ed m\u011bs\u00edce spo\u0159\u00e1dan\u00fdm skautsk\u00fdm t\u00e1borem.<\/p>\n<p><a href=\"http:\/\/www.viposobnosti.eu\/inpage\/ladislav-jakl-proti-tomu-co-nyni-nastava-byly-posledni-mesice\/\" target=\"_blank\">Zdroj<\/a><\/p>\n","protected":false},"excerpt":{"rendered":"<p>N\u011bkolik let str\u00e1vil na Hrad\u011b b\u00fdval\u00fd tajemn\u00edk Ladislav Jakl u nekone\u010dn\u00fdch porad kolem volebn\u00edch vyjedn\u00e1v\u00e1n\u00ed. Dnes je r\u00e1d, \u017ee se ji\u017e tomuto t\u00e9matu nemus\u00ed aktivn\u011b v\u011bnovat. Podle Jakla voli\u010di opakovan\u011b sk\u00e1\u010dou stran\u00e1m na \u0161pek a o p\u0159ed\u010dasn\u00fdch volb\u00e1ch se hovo\u0159\u00ed p\u0159ed\u010dasn\u011b, \u0159\u00edk\u00e1 v rozhovoru pro magaz\u00edn VIPosobnosti.eu odborn\u00edk na politick\u00e1 vyjedn\u00e1v\u00e1n\u00ed a \u017eurnalistiku, Ladislav Jakl.<\/p>\n","protected":false},"author":1,"featured_media":0,"comment_status":"open","ping_status":"open","sticky":false,"template":"","format":"standard","meta":{"ngg_post_thumbnail":0,"footnotes":""},"categories":[13],"tags":[],"class_list":["post-4366","post","type-post","status-publish","format-standard","hentry","category-rozhovory"],"_links":{"self":[{"href":"https:\/\/www.ladislavjakl.cz\/index.php?rest_route=\/wp\/v2\/posts\/4366","targetHints":{"allow":["GET"]}}],"collection":[{"href":"https:\/\/www.ladislavjakl.cz\/index.php?rest_route=\/wp\/v2\/posts"}],"about":[{"href":"https:\/\/www.ladislavjakl.cz\/index.php?rest_route=\/wp\/v2\/types\/post"}],"author":[{"embeddable":true,"href":"https:\/\/www.ladislavjakl.cz\/index.php?rest_route=\/wp\/v2\/users\/1"}],"replies":[{"embeddable":true,"href":"https:\/\/www.ladislavjakl.cz\/index.php?rest_route=%2Fwp%2Fv2%2Fcomments&post=4366"}],"version-history":[{"count":2,"href":"https:\/\/www.ladislavjakl.cz\/index.php?rest_route=\/wp\/v2\/posts\/4366\/revisions"}],"predecessor-version":[{"id":4368,"href":"https:\/\/www.ladislavjakl.cz\/index.php?rest_route=\/wp\/v2\/posts\/4366\/revisions\/4368"}],"wp:attachment":[{"href":"https:\/\/www.ladislavjakl.cz\/index.php?rest_route=%2Fwp%2Fv2%2Fmedia&parent=4366"}],"wp:term":[{"taxonomy":"category","embeddable":true,"href":"https:\/\/www.ladislavjakl.cz\/index.php?rest_route=%2Fwp%2Fv2%2Fcategories&post=4366"},{"taxonomy":"post_tag","embeddable":true,"href":"https:\/\/www.ladislavjakl.cz\/index.php?rest_route=%2Fwp%2Fv2%2Ftags&post=4366"}],"curies":[{"name":"wp","href":"https:\/\/api.w.org\/{rel}","templated":true}]}}