{"id":438,"date":"2010-07-07T11:56:32","date_gmt":"2010-07-07T10:56:32","guid":{"rendered":"http:\/\/www.ladislavjakl.cz\/?p=438"},"modified":"2010-07-07T11:56:59","modified_gmt":"2010-07-07T10:56:59","slug":"novinarske-prase-plisni-jakl-neprofesionalitu-ln","status":"publish","type":"post","link":"https:\/\/www.ladislavjakl.cz\/?p=438","title":{"rendered":"Novin\u00e1\u0159sk\u00e9 prase, pl\u00edsn\u00ed Jakl neprofesionalitu LN"},"content":{"rendered":"<p>Prezident\u016fv tajemn\u00edk Ladislav Jakl by si klidn\u011b mohl zalo\u017eit rubriku &#8222;Co  Jakl ne\u0159ekl&#8220;. Naposledy jeho slova z\u00e1m\u011brn\u011b p\u0159ekroutily Lidov\u00e9 noviny.<\/p>\n<p><!--more-->Tajemn\u00edk prezidenta Ladislav Jakl je rozho\u0159\u010den neprofesion\u00e1ln\u00edm postupem  Lidov\u00fdch novin, kter\u00e9 p\u0159ekroutily jeho v\u00fdpov\u011b\u010f.<\/p>\n<p>&#8222;Jedin\u011b  novin\u00e1\u0159sk\u00e9 prase m\u016f\u017ee ud\u011blat to, co v\u010dera provedly Lidov\u00e9 noviny. Napsal  jsem jednomu pisateli odpov\u011b\u010f, jak\u00fdch p\u00ed\u0161u t\u00fddn\u011b des\u00edtky,&#8220; post\u011b\u017eoval  si Jakl v \u010dl\u00e1nku, kter\u00fd zve\u0159ejnil na sv\u00e9m blogu.<\/p>\n<p>Zm\u00edn\u011bn\u00e9mu  pisateli napsal, \u017ee \u010cesk\u00e1 republika jako sou\u010d\u00e1st jednotn\u00e9ho evropsk\u00e9ho  trhu nem\u00e1 mo\u017enost jakkoli br\u00e1nit dovozu zem\u011bd\u011blsk\u00fdch produkt\u016f ze  zahrani\u010d\u00ed. A \u017ee i kdy\u017e je s t\u00edm mo\u017eno nesouhlasit, je p\u0159esto nep\u0159\u00edpustn\u00e9  uva\u017eovat v kategori\u00edch nacionalistick\u00e9ho p\u0159\u00edstupu k z\u00e1sobov\u00e1n\u00ed  potravinami.<\/p>\n<p>I kdy\u017e s\u00e1m d\u00e1v\u00e1 p\u0159ednost \u010desk\u00fdm produkt\u016fm, u\u017e\u00edvat  n\u00e1stroje st\u00e1tn\u00edho protekcionismu je nejen nespr\u00e1vn\u00e9, ale ani by n\u00e1m to v  Bruselu nepro\u0161lo, napsal tak\u00e9 Jakl.<\/p>\n<p>Lidov\u00e9 noviny ale z t\u00e9to  v\u00fdpov\u011bdi vyrobily titulek \u201eJakl: na\u0161i zem\u011bd\u011blci jsou nacionalist\u00e9\u201c.<\/p>\n<p>&#8222;\u0158ekl  jsem snad n\u011bco takov\u00e9ho? V\u016fbec ne. Zu\u0159iv\u00e1 snaha novin\u00e1\u0159sk\u00e9ho prasete m\u011b  jakkoli po\u0161pinit ze zp\u016fsobu zpracov\u00e1n\u00ed toho \u010dl\u00e1nku \u00fapln\u011b s\u00e1l\u00e1. Kdybych  n\u00e1hodou horoval pro ochranu dom\u00e1c\u00edho trhu s potravinami, stejn\u00e9  novin\u00e1\u0159sk\u00e9 prase by ozna\u010dilo za nacionalistu mne. Takhle alespo\u0148 nap\u00ed\u0161e,  \u017ee bych jinde skon\u010dil nap\u00edchl\u00fd na vidle nebo bych musel odstoupit,&#8220;  zlob\u00ed se Jakl.<\/p>\n<p>Kritizuje to, \u017ee se \u010dl\u00e1nek tv\u00e1\u0159\u00ed jako sou\u010d\u00e1st  zpravodajstv\u00ed, je ale p\u0159itom &#8222;divok\u00fdm tokem prase\u010d\u00edch hodnot\u00edc\u00edch  my\u0161lenek&#8220;.<\/p>\n<p>P\u0159ipomn\u011bl tak\u00e9, \u017ee je s p\u0159edstaviteli \u010desk\u00fdch  zem\u011bd\u011blc\u016f v dobr\u00e9m a profesion\u00e1ln\u00edm kontaktu a dob\u0159e se s nimi zn\u00e1. V  \u017e\u00e1dn\u00e9m p\u0159\u00edpad\u011b jim nenad\u00e1v\u00e1m do nacionalist\u016f, ohradil se. &#8222;Ne,  zem\u011bd\u011blc\u016fm nenad\u00e1v\u00e1m. N\u011bkter\u00fdm novin\u00e1\u0159\u016fm ano, kdy\u017e p\u00ed\u0161\u00ed jako prasata,&#8220;  uzav\u0159el svoji reakci na \u010dl\u00e1nek Lidov\u00fdch novin.<\/p>\n<p>Ty 30. \u010dervna  uve\u0159ejnily text, kter\u00fd m\u00e1 Jakla dehonestovat a vyl\u00ed\u010dit jako n\u011bkoho, kdo  vystupuje proti z\u00e1jm\u016fm zem\u011bd\u011blc\u016f. &#8222;St\u00e1t se to ve Francii nebo v  Rakousku, skon\u010dil by takov\u00fd vysok\u00fd st\u00e1tn\u00ed \u00fa\u0159edn\u00edk nap\u00edchnut\u00fd na vidle,  nebo by alespo\u0148 musel okam\u017eit\u011b odstoupit,&#8220; p\u00ed\u0161e se nap\u0159\u00edklad hned v  prvn\u00ed v\u011bt\u011b \u010dl\u00e1nku.<\/p>\n<p>Pokra\u010duje p\u0159ekroucenou citac\u00ed Jaklovy  odpov\u011bdi, kter\u00e1 m\u00e1 navodit dojem, \u017ee prezident\u016fv tajemn\u00edk kritizuje  chov\u00e1n\u00ed zem\u011bd\u011blc\u016f jako nacionalistick\u00e9.<\/p>\n<p>Na z\u00e1v\u011br se \u010dl\u00e1nek v  Lidovk\u00e1ch sna\u017e\u00ed \u00fasty p\u0159edsedy Agr\u00e1rn\u00ed komory v Trutnov\u011b podsunout  \u010dten\u00e1\u0159\u016fm, \u017ee Jakl pat\u0159\u00ed mezi ty, co dostali ze zahrani\u010d\u00ed dob\u0159e  zaplaceno.<\/p>\n<p>&#8222;Aha, tak ten, kdo je proti zv\u00fdhod\u0148ov\u00e1n\u00ed, ten je asi  zaplacen, a ten, kdo naopak chce zv\u00fdhod\u0148ovat skupinu podnikatel\u016f, ten  zaplacen nen\u00ed?&#8220; div\u00ed se prezident\u016fv tajemn\u00edk.<\/p>\n<p><a href=\"http:\/\/www.prvnizpravy.cz\/zpravy\/z-domova\/novinarske-prase-plisni-jakl-neprofesionalitu-ln\/\" target=\"_blank\">ZDROJ<\/a><\/p>\n","protected":false},"excerpt":{"rendered":"<p>Prezident\u016fv tajemn\u00edk Ladislav Jakl by si klidn\u011b mohl zalo\u017eit rubriku &#8222;Co Jakl ne\u0159ekl&#8220;. Naposledy jeho slova z\u00e1m\u011brn\u011b p\u0159ekroutily Lidov\u00e9 noviny.<\/p>\n","protected":false},"author":1,"featured_media":0,"comment_status":"open","ping_status":"open","sticky":false,"template":"","format":"standard","meta":{"ngg_post_thumbnail":0,"footnotes":""},"categories":[11],"tags":[],"class_list":["post-438","post","type-post","status-publish","format-standard","hentry","category-ozvena"],"_links":{"self":[{"href":"https:\/\/www.ladislavjakl.cz\/index.php?rest_route=\/wp\/v2\/posts\/438","targetHints":{"allow":["GET"]}}],"collection":[{"href":"https:\/\/www.ladislavjakl.cz\/index.php?rest_route=\/wp\/v2\/posts"}],"about":[{"href":"https:\/\/www.ladislavjakl.cz\/index.php?rest_route=\/wp\/v2\/types\/post"}],"author":[{"embeddable":true,"href":"https:\/\/www.ladislavjakl.cz\/index.php?rest_route=\/wp\/v2\/users\/1"}],"replies":[{"embeddable":true,"href":"https:\/\/www.ladislavjakl.cz\/index.php?rest_route=%2Fwp%2Fv2%2Fcomments&post=438"}],"version-history":[{"count":3,"href":"https:\/\/www.ladislavjakl.cz\/index.php?rest_route=\/wp\/v2\/posts\/438\/revisions"}],"predecessor-version":[{"id":441,"href":"https:\/\/www.ladislavjakl.cz\/index.php?rest_route=\/wp\/v2\/posts\/438\/revisions\/441"}],"wp:attachment":[{"href":"https:\/\/www.ladislavjakl.cz\/index.php?rest_route=%2Fwp%2Fv2%2Fmedia&parent=438"}],"wp:term":[{"taxonomy":"category","embeddable":true,"href":"https:\/\/www.ladislavjakl.cz\/index.php?rest_route=%2Fwp%2Fv2%2Fcategories&post=438"},{"taxonomy":"post_tag","embeddable":true,"href":"https:\/\/www.ladislavjakl.cz\/index.php?rest_route=%2Fwp%2Fv2%2Ftags&post=438"}],"curies":[{"name":"wp","href":"https:\/\/api.w.org\/{rel}","templated":true}]}}