{"id":4381,"date":"2013-11-04T15:50:54","date_gmt":"2013-11-04T14:50:54","guid":{"rendered":"http:\/\/www.ladislavjakl.cz\/?p=4381"},"modified":"2013-11-04T15:50:54","modified_gmt":"2013-11-04T14:50:54","slug":"jakl-ostre-zeleni-chteji-vyhubit-zbytek-lidstva","status":"publish","type":"post","link":"https:\/\/www.ladislavjakl.cz\/?p=4381","title":{"rendered":"Jakl ost\u0159e: Zelen\u00ed cht\u011bj\u00ed vyhubit zbytek lidstva"},"content":{"rendered":"<p>N\u00e1sleduj\u00edc\u00ed m\u011bs\u00edce na <a id=\"anchorbbtBubble13\">\u010desk\u00e9<\/a> politick\u00e9 sc\u00e9n\u011b budou jeden velk\u00fd chaos jen kv\u016fli d\u016fv\u011b\u0159ivosti voli\u010d\u016f  nov\u00fdm stran\u00e1m. B\u00fdval\u00fd tajemn\u00edk V\u00e1clava Klause Ladislav Jakl je proto  r\u00e1d, \u017ee u\u017e se nebude muset zab\u00fdvat povolebn\u00edm vyjedn\u00e1v\u00e1n\u00edm.<\/p>\n<p><!--more--><\/p>\n<p>\u201eMysl\u00edm, \u017ee nejen j\u00e1, ale i cel\u00e1 voli\u010dsk\u00e1 ve\u0159ejnost si te\u010f u\u017eije smutn\u00fd pohled na to, jak ti, co s takovou <a id=\"anchorbbtBubble79\">chut\u00ed<\/a> bo\u0159ili, te\u010f budou p\u0159edv\u00e1d\u011bt, jak um\u011bj\u00ed stav\u011bt. Podle mne vl\u00e1du hned tak  nesestav\u00ed,&#8220; uv\u00e1d\u00ed Jakl v\u00a0rozhovoru pro magaz\u00edn VIPosobnosti.eu ke  slo\u017eit\u00e9 situaci, kter\u00e1 po p\u0159ed\u010dasn\u00fdch volb\u00e1ch do Poslaneck\u00e9 sn\u011bmovny  nastala. Do sn\u011bmovny se toti\u017e dostalo sedm uskupen\u00ed, z\u00a0nich\u017e n\u011bkter\u00e9  jsou nav\u00edc koalicemi, a tak bude o r\u016fznorodost n\u00e1zor\u016f v\u00a0doln\u00ed komo\u0159e  postar\u00e1no.<\/p>\n<p>Rozlad\u011bn\u00ed z\u00a0v\u00fdsledk\u016f voleb hned po zve\u0159ejn\u011bn\u00ed v\u00fdsledk\u016f u mnoha lid\u00ed  vyst\u0159\u00eddalo o\u010dek\u00e1v\u00e1n\u00ed dal\u0161\u00edch p\u0159ed\u010dasn\u00fdch voleb. To je v\u0161ak dle Jakla  p\u0159ed\u010dasn\u00e9. A\u010dkoli strany ve sn\u011bmovn\u011b budou slo\u017eit\u011b vyjedn\u00e1vat, touha po <a id=\"anchorbbtBubble165\">moci<\/a> bude podle Jakla siln\u011bj\u0161\u00ed, a proto se nakonec p\u0159eci n\u011bjak domluv\u00ed. Do  t\u00e9 doby v\u0161ak budeme proch\u00e1zet politickou kriz\u00ed, dod\u00e1v\u00e1 Jakl.<\/p>\n<p>Podle Jakla si poslanci nov\u00fdch stran, kte\u0159\u00ed l\u00e1kali voli\u010de na zm\u011bnu,  \u201evyl\u00e1mou zuby&#8220; a nakonec ani oni nebudou u ob\u010dan\u016f popul\u00e1rn\u00ed. P\u0159edseda  hnut\u00ed ANO Andrej Babi\u0161 si dle Jakla koupil hlasy voli\u010d\u016f. \u00dasvit p\u0159\u00edm\u00e9  demokracie Tomia Okamury odsuzuje, nebo\u0165 odm\u00edt\u00e1 my\u0161lenku, \u017ee by se  voli\u010di m\u011bli pod\u00edlet na tvorb\u011b z\u00e1kon\u016f. To pova\u017euje dokonce za \u201eblbost&#8220;.  Voli\u010di, kte\u0159\u00ed dali hlas nov\u00fdm stran\u00e1m, podle Jakla sko\u010dili opakovan\u011b na  \u0161pek, \u010d\u00edm\u017e p\u0159ipom\u00edn\u00e1 zku\u0161enost se stranou V\u011bci ve\u0159ejn\u00e9, kter\u00e1 tak\u00e9 ve  velk\u00e9m slibovala naprostou zm\u011bnu a odstran\u011bn\u00ed tzv. politick\u00fdch  dinosaur\u016f.<\/p>\n<p>Na druhou stranu v\u00edt\u00e1, \u017ee se do sn\u011bmovny nedostala Strana zelen\u00fdch,  kterou ozna\u010duje za zelen\u00e9 extr\u00e9misty, kte\u0159\u00ed cht\u011bj\u00ed vyhubit zbytek  lidstva a m\u00edt planetu jen pro sebe. Naopak jej pot\u011b\u0161il trojn\u00e1sobn\u00fd zisk  oproti p\u0159edchoz\u00edm volb\u00e1m Strany svobodn\u00fdch ob\u010dan\u016f, kterou ji\u017e p\u0159ed  volbami ve\u0159ejn\u011b podporoval. \u201eJejich existenci ob\u010dan\u016fm \u010cesk\u00e1 televize a  Babi\u0161ovy den\u00edky zatajily,&#8220; upozor\u0148uje Jakl na to, \u017ee se do p\u0159edvolebn\u00edch  debat Svobodn\u00ed nedostali.<\/p>\n<p><a href=\"http:\/\/domaci.eurozpravy.cz\/politika\/80794-jakl-ostre-zeleni-chteji-vyhubit-zbytek-lidstva\/\" target=\"_blank\">Zdroj<\/a><\/p>\n","protected":false},"excerpt":{"rendered":"<p>N\u00e1sleduj\u00edc\u00ed m\u011bs\u00edce na \u010desk\u00e9 politick\u00e9 sc\u00e9n\u011b budou jeden velk\u00fd chaos jen kv\u016fli d\u016fv\u011b\u0159ivosti voli\u010d\u016f nov\u00fdm stran\u00e1m. B\u00fdval\u00fd tajemn\u00edk V\u00e1clava Klause Ladislav Jakl je proto r\u00e1d, \u017ee u\u017e se nebude muset zab\u00fdvat povolebn\u00edm vyjedn\u00e1v\u00e1n\u00edm.<\/p>\n","protected":false},"author":1,"featured_media":0,"comment_status":"open","ping_status":"open","sticky":false,"template":"","format":"standard","meta":{"ngg_post_thumbnail":0,"footnotes":""},"categories":[11],"tags":[],"class_list":["post-4381","post","type-post","status-publish","format-standard","hentry","category-ozvena"],"_links":{"self":[{"href":"https:\/\/www.ladislavjakl.cz\/index.php?rest_route=\/wp\/v2\/posts\/4381","targetHints":{"allow":["GET"]}}],"collection":[{"href":"https:\/\/www.ladislavjakl.cz\/index.php?rest_route=\/wp\/v2\/posts"}],"about":[{"href":"https:\/\/www.ladislavjakl.cz\/index.php?rest_route=\/wp\/v2\/types\/post"}],"author":[{"embeddable":true,"href":"https:\/\/www.ladislavjakl.cz\/index.php?rest_route=\/wp\/v2\/users\/1"}],"replies":[{"embeddable":true,"href":"https:\/\/www.ladislavjakl.cz\/index.php?rest_route=%2Fwp%2Fv2%2Fcomments&post=4381"}],"version-history":[{"count":1,"href":"https:\/\/www.ladislavjakl.cz\/index.php?rest_route=\/wp\/v2\/posts\/4381\/revisions"}],"predecessor-version":[{"id":4382,"href":"https:\/\/www.ladislavjakl.cz\/index.php?rest_route=\/wp\/v2\/posts\/4381\/revisions\/4382"}],"wp:attachment":[{"href":"https:\/\/www.ladislavjakl.cz\/index.php?rest_route=%2Fwp%2Fv2%2Fmedia&parent=4381"}],"wp:term":[{"taxonomy":"category","embeddable":true,"href":"https:\/\/www.ladislavjakl.cz\/index.php?rest_route=%2Fwp%2Fv2%2Fcategories&post=4381"},{"taxonomy":"post_tag","embeddable":true,"href":"https:\/\/www.ladislavjakl.cz\/index.php?rest_route=%2Fwp%2Fv2%2Ftags&post=4381"}],"curies":[{"name":"wp","href":"https:\/\/api.w.org\/{rel}","templated":true}]}}