{"id":4383,"date":"2013-11-04T15:51:53","date_gmt":"2013-11-04T14:51:53","guid":{"rendered":"http:\/\/www.ladislavjakl.cz\/?p=4383"},"modified":"2013-11-04T15:51:53","modified_gmt":"2013-11-04T14:51:53","slug":"jakl-lide-okamuru-volili-kvuli-raznym-slovum-ne-prime-demokracii","status":"publish","type":"post","link":"https:\/\/www.ladislavjakl.cz\/?p=4383","title":{"rendered":"Jakl: Lid\u00e9 Okamuru volili kv\u016fli r\u00e1zn\u00fdm slov\u016fm, ne p\u0159\u00edm\u00e9 demokracii"},"content":{"rendered":"<p>Ladislav Jakl, bl\u00edzk\u00fd spolupracovn\u00edk b\u00fdval\u00e9ho prezidenta V\u00e1clava  Klause, si nemysl\u00ed, \u017ee by na obzoru byly dal\u0161\u00ed p\u0159ed\u010dasn\u00e9 volby. Snaha  domluvit se na vl\u00e1dnut\u00ed bude siln\u011bj\u0161\u00ed, \u0159\u00edk\u00e1.<\/p>\n<p><!--more--><\/p>\n<div>&#8222;O p\u0159ed\u010dasn\u00fdch  volb\u00e1ch se hovo\u0159\u00ed p\u0159ed\u010dasn\u011b. Touha po moci nakonec mo\u017en\u00e1 k n\u011bjak\u00e9mu  kompromisu povede. A i kdy\u017e nepovede, tak na ja\u0159e nov\u00e9 volby ur\u010dit\u011b  nebudou. Tak rychl\u00e9 volby by tak\u00e9 vy\u017eadovaly domluvu na politick\u00e9 sc\u00e9n\u011b a  ta asi nehroz\u00ed,&#8220; \u0159ekl Jakl.<\/p>\n<p>B\u00fdval\u00fd tajemn\u00edk prezidenta to uvedl v  rozhovoru pro magaz\u00edn VIPosobnosti.eu &#8222;Sp\u00ed\u0161e n\u00e1s \u010dek\u00e1 n\u011bkolik m\u011bs\u00edc\u016f  zm\u00edt\u00e1n\u00ed se ve zmatc\u00edch, rozpo\u010dtov\u00e9 provizorium, do\u010dasn\u00e1 vl\u00e1da bez  mand\u00e1tu a tak. Ale voli\u010d to asi takhle chce, tak a\u0165 to m\u00e1,&#8220; dodal.<\/p>\n<p>V  reakci na dobr\u00fd v\u00fdsledek Okamurova \u00dasvitu a na dotaz, zda by p\u0159iv\u00edtal  v\u011bt\u0161\u00ed pod\u00edl ob\u010dan\u016f na tvorb\u011b d\u016fle\u017eit\u00fdch z\u00e1kon\u016f, odm\u00edtl, \u017ee to by byl  d\u016fvod, pro\u010d lid\u00e9 toto hnut\u00ed ve volb\u00e1ch podpo\u0159ili.<\/p>\n<p>&#8222;Pod\u00edl ob\u010dan\u016f  na tvorb\u011b z\u00e1kon\u016f je blbost. Kdo n\u011bkdy psal z\u00e1kon, ten to v\u00ed. Voli\u010d by  m\u011bl m\u00edt sp\u00ed\u0161 n\u00e1stroje k tomu, aby n\u011bkter\u00e9 z\u00e1kony zablokoval. A co se  t\u00fd\u010de Okamury, voli\u010di ho nevolili kv\u016fli \u0159e\u010dem o p\u0159\u00edm\u00e9 demokracii. Tomu  stejn\u011b v\u011bt\u0161ina lid\u00ed nerozum\u00ed. Volili ho kv\u016fli r\u00e1zn\u00fdm slov\u016fm a  jednoduch\u00fdm \u0159e\u0161en\u00edm,&#8220; mysl\u00ed si Jakl.<\/p>\n<p>To,  \u017ee lid\u00e9 zvolili m\u00edsto zaveden\u00fdch stran dv\u011b nov\u00e1 hnut\u00ed &#8211; Okamurovo a  Babi\u0161ovo &#8211; pak podle n\u011bj nen\u00ed d\u00e1no t\u00edm, \u017ee by usilovn\u011b hledali n\u011bco  lep\u0161\u00edho, jako sp\u00ed\u0161e t\u00edm, \u017ee op\u011bt nalet\u011bli. &#8222;Kdo hled\u00e1, ten nesk\u00e1\u010de ve  volb\u00e1ch opakovan\u011b na \u0161pek t\u011bm, co \u0159\u00edkaj\u00ed: volte n\u00e1s, vymeteme tu  sebranku a nastane r\u00e1j. Tyhle hrozn\u00e9 hlouposti \u010desk\u00fd voli\u010d opakovan\u011b  zba\u0161t\u00ed i s navij\u00e1kem,&#8220; konstatuje.<\/p>\n<p>Jakl je zv\u011bdav, jak Okamura a  spol. p\u0159edvede sv\u00e1 r\u00e1zn\u00e1 slova v praxi. &#8222;Politiky odvolat, zav\u0159\u00edt,  zvolit nov\u00e9, ty pak odvolat, zav\u0159\u00edt a tak d\u00e1l dokola. Hm, tak a\u0165 se te\u010f  uk\u00e1\u017ee se sv\u00fdm \u00b4koncem bordelu\u00b4. Proto\u017ee proti tomu, co nyn\u00ed nast\u00e1v\u00e1,  byly posledn\u00ed m\u011bs\u00edce spo\u0159\u00e1dan\u00fdm skautsk\u00fdm t\u00e1borem,&#8220; dodal.<\/p><\/div>\n<div><\/div>\n<div><a href=\"http:\/\/www.prvnizpravy.cz\/zpravy\/politika\/jakl-lide-okamuru-volili-kvuli-raznym-slovum-ne-prime-demokracii\/\" target=\"_blank\">Zdroj<\/a><\/div>\n<div><em><br \/>\n<\/em><\/div>\n","protected":false},"excerpt":{"rendered":"<p>Ladislav Jakl, bl\u00edzk\u00fd spolupracovn\u00edk b\u00fdval\u00e9ho prezidenta V\u00e1clava Klause, si nemysl\u00ed, \u017ee by na obzoru byly dal\u0161\u00ed p\u0159ed\u010dasn\u00e9 volby. Snaha domluvit se na vl\u00e1dnut\u00ed bude siln\u011bj\u0161\u00ed, \u0159\u00edk\u00e1.<\/p>\n","protected":false},"author":1,"featured_media":0,"comment_status":"open","ping_status":"open","sticky":false,"template":"","format":"standard","meta":{"ngg_post_thumbnail":0,"footnotes":""},"categories":[11],"tags":[],"class_list":["post-4383","post","type-post","status-publish","format-standard","hentry","category-ozvena"],"_links":{"self":[{"href":"https:\/\/www.ladislavjakl.cz\/index.php?rest_route=\/wp\/v2\/posts\/4383","targetHints":{"allow":["GET"]}}],"collection":[{"href":"https:\/\/www.ladislavjakl.cz\/index.php?rest_route=\/wp\/v2\/posts"}],"about":[{"href":"https:\/\/www.ladislavjakl.cz\/index.php?rest_route=\/wp\/v2\/types\/post"}],"author":[{"embeddable":true,"href":"https:\/\/www.ladislavjakl.cz\/index.php?rest_route=\/wp\/v2\/users\/1"}],"replies":[{"embeddable":true,"href":"https:\/\/www.ladislavjakl.cz\/index.php?rest_route=%2Fwp%2Fv2%2Fcomments&post=4383"}],"version-history":[{"count":1,"href":"https:\/\/www.ladislavjakl.cz\/index.php?rest_route=\/wp\/v2\/posts\/4383\/revisions"}],"predecessor-version":[{"id":4384,"href":"https:\/\/www.ladislavjakl.cz\/index.php?rest_route=\/wp\/v2\/posts\/4383\/revisions\/4384"}],"wp:attachment":[{"href":"https:\/\/www.ladislavjakl.cz\/index.php?rest_route=%2Fwp%2Fv2%2Fmedia&parent=4383"}],"wp:term":[{"taxonomy":"category","embeddable":true,"href":"https:\/\/www.ladislavjakl.cz\/index.php?rest_route=%2Fwp%2Fv2%2Fcategories&post=4383"},{"taxonomy":"post_tag","embeddable":true,"href":"https:\/\/www.ladislavjakl.cz\/index.php?rest_route=%2Fwp%2Fv2%2Ftags&post=4383"}],"curies":[{"name":"wp","href":"https:\/\/api.w.org\/{rel}","templated":true}]}}