{"id":4391,"date":"2013-11-06T14:13:05","date_gmt":"2013-11-06T13:13:05","guid":{"rendered":"http:\/\/www.ladislavjakl.cz\/?p=4391"},"modified":"2013-11-06T14:13:05","modified_gmt":"2013-11-06T13:13:05","slug":"provokater-jakl-zeleni-mozkove-chteji-ovladnout-svet","status":"publish","type":"post","link":"https:\/\/www.ladislavjakl.cz\/?p=4391","title":{"rendered":"Provokat\u00e9r Jakl: Zelen\u00ed mozkov\u00e9 cht\u011bj\u00ed ovl\u00e1dnout sv\u011bt"},"content":{"rendered":"<p>Spolupracovn\u00edk b\u00fdval\u00e9ho prezidenta V\u00e1clava Klause a provokat\u00e9r Ladislav  Jakl se zase jednou navezl do ekolog\u016f.  Ti cht\u011bj\u00ed dle Jakla vyhubit  lidstvo a pak planet\u011b vl\u00e1dnout.<\/p>\n<p><!--more--><\/p>\n<p>\u201ePocit, \u017ee v\u0161echno je tak n\u011bjak v\u0161ech a \u017ee tud\u00ed\u017e existuje n\u00e1rok na ciz\u00ed majetek, <a id=\"anchorbbtBubble56\">ten<\/a> tu po\u0159\u00e1d bydl\u00ed s n\u00e1mi,&#8220; uv\u00e1d\u00ed na blogu iDnes.cz Jakl. Z tohoto stavu  pak vznikaj\u00ed my\u0161lenky na \u0159\u00edzen\u00ed v\u0161ech, kter\u00e9 za\u010d\u00ednaj\u00ed \u0159\u00edzen\u00fdm <a id=\"anchorbbtBubble79\">podnik\u00e1n\u00edm<\/a> a kon\u010d\u00ed \u0159\u00edzen\u00fdm rodinn\u00fdm \u017eivotem.<\/p>\n<p>Takov\u00e9 n\u00e1pady dle Jakla nejv\u00edce produkuj\u00ed \u201ezelen\u00ed mozkov\u00e9&#8220;. \u201eAby <a id=\"anchorbbtBubble94\">mohli<\/a> \u0159\u00eddit na\u0161e \u017eivoty, prohl\u00e1sili, \u017ee planeta je n\u00e1s v\u0161ech a tedy i v\u0161e, co  m\u00e1 na sv\u00e9 okol\u00ed jak\u00fdkoli vliv, je vlastn\u011b ve\u0159ejn\u00e9 a mus\u00ed b\u00fdt spout\u00e1no a  regulov\u00e1no,&#8220; p\u00ed\u0161e Jakl s t\u00edm, \u017ee c\u00edlem t\u00e9to regulace je jen to, aby  v\u0161echno ovl\u00e1dli.<\/p>\n<p>A v oso\u010dov\u00e1n\u00ed ekolog\u016f z t\u011bchto pl\u00e1n\u016f jde Jakl i d\u00e1l: \u201ejejich snem je  planeta bez lid\u00ed. Nejrad\u011bji by lidstvo vyhubili, aby v\u0161e zbylo jen jim, i  kdy\u017e to u\u017e by zase nem\u011bli z koho \u017ed\u00edmat pen\u00edze.&#8220; Jakl tak apeluje na  lidi, aby ekolog\u016fm nev\u011b\u0159ili, proto\u017ee jim jde jen o <a id=\"anchorbbtBubble188\">moc<\/a>.<\/p>\n<p><a href=\"http:\/\/domaci.eurozpravy.cz\/politika\/80973-provokater-jakl-zeleni-mozkove-chteji-ovladnout-svet\/\" target=\"_blank\">Zdroj<\/a><\/p>\n","protected":false},"excerpt":{"rendered":"<p>Spolupracovn\u00edk b\u00fdval\u00e9ho prezidenta V\u00e1clava Klause a provokat\u00e9r Ladislav Jakl se zase jednou navezl do ekolog\u016f. Ti cht\u011bj\u00ed dle Jakla vyhubit lidstvo a pak planet\u011b vl\u00e1dnout.<\/p>\n","protected":false},"author":1,"featured_media":0,"comment_status":"open","ping_status":"open","sticky":false,"template":"","format":"standard","meta":{"ngg_post_thumbnail":0,"footnotes":""},"categories":[11],"tags":[],"class_list":["post-4391","post","type-post","status-publish","format-standard","hentry","category-ozvena"],"_links":{"self":[{"href":"https:\/\/www.ladislavjakl.cz\/index.php?rest_route=\/wp\/v2\/posts\/4391","targetHints":{"allow":["GET"]}}],"collection":[{"href":"https:\/\/www.ladislavjakl.cz\/index.php?rest_route=\/wp\/v2\/posts"}],"about":[{"href":"https:\/\/www.ladislavjakl.cz\/index.php?rest_route=\/wp\/v2\/types\/post"}],"author":[{"embeddable":true,"href":"https:\/\/www.ladislavjakl.cz\/index.php?rest_route=\/wp\/v2\/users\/1"}],"replies":[{"embeddable":true,"href":"https:\/\/www.ladislavjakl.cz\/index.php?rest_route=%2Fwp%2Fv2%2Fcomments&post=4391"}],"version-history":[{"count":1,"href":"https:\/\/www.ladislavjakl.cz\/index.php?rest_route=\/wp\/v2\/posts\/4391\/revisions"}],"predecessor-version":[{"id":4392,"href":"https:\/\/www.ladislavjakl.cz\/index.php?rest_route=\/wp\/v2\/posts\/4391\/revisions\/4392"}],"wp:attachment":[{"href":"https:\/\/www.ladislavjakl.cz\/index.php?rest_route=%2Fwp%2Fv2%2Fmedia&parent=4391"}],"wp:term":[{"taxonomy":"category","embeddable":true,"href":"https:\/\/www.ladislavjakl.cz\/index.php?rest_route=%2Fwp%2Fv2%2Fcategories&post=4391"},{"taxonomy":"post_tag","embeddable":true,"href":"https:\/\/www.ladislavjakl.cz\/index.php?rest_route=%2Fwp%2Fv2%2Ftags&post=4391"}],"curies":[{"name":"wp","href":"https:\/\/api.w.org\/{rel}","templated":true}]}}