{"id":4406,"date":"2013-11-13T15:11:19","date_gmt":"2013-11-13T14:11:19","guid":{"rendered":"http:\/\/www.ladislavjakl.cz\/?p=4406"},"modified":"2013-11-13T15:11:19","modified_gmt":"2013-11-13T14:11:19","slug":"socialni-demokracie-meni-stanovy","status":"publish","type":"post","link":"https:\/\/www.ladislavjakl.cz\/?p=4406","title":{"rendered":"Soci\u00e1ln\u00ed demokracie m\u011bn\u00ed stanovy"},"content":{"rendered":"<p>Od sv\u00fdch d\u016fv\u011bryhodn\u00fdch tajn\u00fdch zdroj\u016f jsem dostal zaj\u00edmavou informaci  o d\u011bn\u00ed v \u010cSSD. Podle t\u011bchto informac\u00ed m\u00e1 b\u00fdt na b\u0159eznov\u00e9m sjezdu  soci\u00e1ln\u00ed demokracie po letech vypu\u0161t\u011bno ze stanov usnesen\u00ed, \u017ee v  neju\u017e\u0161\u00edm veden\u00ed strany mus\u00ed b\u00fdt povinn\u011b alespo\u0148 jedna \u017eena.<\/p>\n<p><!--more--><\/p>\n<p>Nejde v\u0161ak o  \u017e\u00e1dn\u00e9 odm\u00edtnut\u00ed princip\u016f politick\u00e9 korektnosti \u010di o \u00fatok proti \u017een\u00e1m.  Podm\u00ednkou t\u00e9to zm\u011bny stanov \u010cSSD m\u00e1 b\u00fdt toti\u017e \u010dl\u00e1nek, \u017ee ve veden\u00ed  strany nemus\u00ed b\u00fdt ani \u017e\u00e1dn\u00fd chlap. Tuto podm\u00ednku toti\u017e sou\u010dasn\u00e9 veden\u00ed  \u010cSSD naprosto bez probl\u00e9m\u016f spl\u0148uje.<\/p>\n<p>L. J.<\/p>\n","protected":false},"excerpt":{"rendered":"<p>Od sv\u00fdch d\u016fv\u011bryhodn\u00fdch tajn\u00fdch zdroj\u016f jsem dostal zaj\u00edmavou informaci o d\u011bn\u00ed v \u010cSSD. Podle t\u011bchto informac\u00ed m\u00e1 b\u00fdt na b\u0159eznov\u00e9m sjezdu soci\u00e1ln\u00ed demokracie po letech vypu\u0161t\u011bno ze stanov usnesen\u00ed, \u017ee v neju\u017e\u0161\u00edm veden\u00ed strany mus\u00ed b\u00fdt povinn\u011b alespo\u0148 jedna \u017eena.<\/p>\n","protected":false},"author":1,"featured_media":0,"comment_status":"open","ping_status":"open","sticky":false,"template":"","format":"standard","meta":{"ngg_post_thumbnail":0,"footnotes":""},"categories":[10],"tags":[],"class_list":["post-4406","post","type-post","status-publish","format-standard","hentry","category-zlehka"],"_links":{"self":[{"href":"https:\/\/www.ladislavjakl.cz\/index.php?rest_route=\/wp\/v2\/posts\/4406","targetHints":{"allow":["GET"]}}],"collection":[{"href":"https:\/\/www.ladislavjakl.cz\/index.php?rest_route=\/wp\/v2\/posts"}],"about":[{"href":"https:\/\/www.ladislavjakl.cz\/index.php?rest_route=\/wp\/v2\/types\/post"}],"author":[{"embeddable":true,"href":"https:\/\/www.ladislavjakl.cz\/index.php?rest_route=\/wp\/v2\/users\/1"}],"replies":[{"embeddable":true,"href":"https:\/\/www.ladislavjakl.cz\/index.php?rest_route=%2Fwp%2Fv2%2Fcomments&post=4406"}],"version-history":[{"count":1,"href":"https:\/\/www.ladislavjakl.cz\/index.php?rest_route=\/wp\/v2\/posts\/4406\/revisions"}],"predecessor-version":[{"id":4407,"href":"https:\/\/www.ladislavjakl.cz\/index.php?rest_route=\/wp\/v2\/posts\/4406\/revisions\/4407"}],"wp:attachment":[{"href":"https:\/\/www.ladislavjakl.cz\/index.php?rest_route=%2Fwp%2Fv2%2Fmedia&parent=4406"}],"wp:term":[{"taxonomy":"category","embeddable":true,"href":"https:\/\/www.ladislavjakl.cz\/index.php?rest_route=%2Fwp%2Fv2%2Fcategories&post=4406"},{"taxonomy":"post_tag","embeddable":true,"href":"https:\/\/www.ladislavjakl.cz\/index.php?rest_route=%2Fwp%2Fv2%2Ftags&post=4406"}],"curies":[{"name":"wp","href":"https:\/\/api.w.org\/{rel}","templated":true}]}}