{"id":4416,"date":"2013-11-18T11:25:57","date_gmt":"2013-11-18T10:25:57","guid":{"rendered":"http:\/\/www.ladislavjakl.cz\/?p=4416"},"modified":"2013-11-18T11:25:57","modified_gmt":"2013-11-18T10:25:57","slug":"jakl-po-slouceni-sparty-a-slavie-budete-fandit-slarte","status":"publish","type":"post","link":"https:\/\/www.ladislavjakl.cz\/?p=4416","title":{"rendered":"Jakl: Po slou\u010den\u00ed Sparty a Sl\u00e1vie budete fandit Slart\u011b?"},"content":{"rendered":"<p>Vol\u00e1n\u00ed po spojen\u00ed politick\u00fdch stran, kter\u00e9 se tu a tam v \u010desk\u00e9 politice  objevuje, je nedomy\u0161len\u00e9. Tajemn\u00edk prezidenta V\u00e1clava Klause Ladislav  Jakl p\u0159irovn\u00e1v\u00e1 snahu na f\u00fazi stran k f\u00fazi znep\u0159\u00e1telen\u00fdch fotbalov\u00fdch  klub\u016f.<\/p>\n<p><!--more--><\/p>\n<div><a href=\"http:\/\/galerie.eurozpravy.cz\/detail\/id\/81711\/strana\/1\"> <img loading=\"lazy\" decoding=\"async\" src=\"http:\/\/eurozpravy.cz\/pictures\/photo\/2012\/12\/28\/bank-1356658773-1deb085d_660x371.jpg\" alt=\"Jakl: Po slou\u010den\u00ed Sparty a Sl\u00e1vie budete fandit Slart\u011b?  - anota\u010dn\u00ed foto\" width=\"351\" height=\"197\" \/> <\/a><\/div>\n<p><strong>Ladislav Jakl, \u0159editel politick\u00e9ho odboru Kancel\u00e1\u0159e prezidenta republiky, hudebn\u00edk a b\u00fdval\u00fd novin\u00e1\u0159.<\/strong><\/p>\n<p>P\u0159ed volbami bylo velmi \u010dasto sly\u0161et, \u017ee by bylo na <a id=\"anchorbbtBubble67\">m\u00edst\u011b<\/a>,  aby se programov\u011b bl\u00edzk\u00e9 politick\u00e9 strany spojily. Jakl se na webu  Prav\u00fdBlok.cz zam\u00fd\u0161l\u00ed nad t\u00edm, pro\u010d to dosud t\u00e9m\u011b\u0159 nikdy nevy\u0161lo.  Probl\u00e9mem je, \u017ee ne v\u0161em voli\u010d\u016fm se sjednocen\u00ed zamlouv\u00e1. Nakonec tak  m\u016f\u017ee b\u00fdt sjednocen\u00ed kontraproduktivn\u00ed, nebo\u0165 n\u011bkter\u00e9 voli\u010de <a id=\"anchorbbtBubble107\">m\u016f\u017ee<\/a> odradit.<\/p>\n<p>Jestli\u017ee se cht\u011bj\u00ed dva politick\u00e9 subjekty spojit, m\u011blo by k tomu dle Jakla doj\u00edt a\u017e po dlouhodob\u00e9 spolupr\u00e1ci a f\u00faze se m\u00e1 st\u00e1t vrcholem procesu nikoli jeho za\u010d\u00e1tkem. N\u011bkte\u0159\u00ed lid\u00e9 z veden\u00ed ODS avizovali, \u017ee by m\u011bli z\u00e1jem na <a id=\"anchorbbtBubble148\">spolupr\u00e1ci<\/a> se Stranou svobodn\u00fdch ob\u010dan\u016f. Podle Jakla by tato spolupr\u00e1ce mohla fungovat, ov\u0161em tyto strany by m\u011bly <a id=\"anchorbbtBubble165\">za\u010d\u00edt<\/a> nap\u0159\u00edklad volebn\u00ed spoluprac\u00ed, kdy by si rozd\u011blily volebn\u00ed obvody a navz\u00e1jem podporovaly sv\u00e9 kandid\u00e1ty.<\/p>\n<p>Pro zjednodu\u0161en\u00ed problematiky slu\u010dov\u00e1n\u00ed stran Jakl popisuje f\u00fazi, kde  hraj\u00ed velkou roli p\u0159\u00edznivci, na p\u0159\u00edkladu slu\u010dov\u00e1n\u00ed fotbalov\u00fdch t\u00fdm\u016f:  \u201eJak\u00fd je defini\u010dn\u00ed znak fanou\u0161ka Slavie? Nesn\u00e1\u0161\u00ed Spartu. A jak\u00fd je  defini\u010dn\u00ed znak fanou\u0161ka Sparty? Nen\u00e1vid\u00ed Slavii. P\u0159edstavte si, \u017ee by  oba tyhle \u010desk\u00e9 kluby f\u00fazovaly. <a id=\"anchorbbtBubble224\">Fotbalu<\/a> nijak nerozum\u00edm, ale dejme tomu, \u017ee Sparta m\u00e1 dva miliony fand\u016f a  Slavia milion. Bude m\u00edt nov\u011b vznikl\u00fd velkoklub s n\u00e1zvem Slarta nebo  Spalavie automaticky t\u0159i miliony fand\u016f? Ale kdepak. Bude m\u00edt t\u0159i miliony  odp\u016frc\u016f, nebo\u0165 bude protivn\u00fd jak fanou\u0161k\u016fm Sparty, tak fanou\u0161k\u016fm  Slavie.&#8220;<\/p>\n<p>My\u0161lenka na slou\u010den\u00ed stran se objevuje v \u010desk\u00e9 politice pom\u011brn\u011b  \u010dasto, a\u0165 u\u017e se jedn\u00e1 o strany levicov\u00e9 \u010di pravicov\u00e9. Mo\u017en\u00fdm slou\u010den\u00edm  pravice mohlo b\u00fdt uskupen\u00ed <a id=\"anchorbbtBubble295\">Jany<\/a> Bobo\u0161\u00edkov\u00e9 Hlavu vzh\u016fru, kam p\u0159e\u0161li n\u011bkte\u0159\u00ed politici ODS, kte\u0159\u00ed  inklinovali k b\u00fdval\u00e9mu prezidentu V\u00e1clavu Klausovi. Na levici jsou tyto  snahy taky znateln\u00e9. B\u011bhem i po prvn\u00ed p\u0159\u00edm\u00e9 volb\u011b prezidenta byly sly\u0161et  n\u00e1zory, \u017ee by se mohla Milo\u0161 Zeman st\u00e1t sjednotitelem levice a ta by  tak mohla spolupracovat a pos\u00edlit tak.<\/p>\n<p><a href=\"http:\/\/domaci.eurozpravy.cz\/politika\/81711-jakl-po-slouceni-sparty-a-slavie-budete-fandit-slarte\/\" target=\"_blank\">Zdroj<\/a><\/p>\n","protected":false},"excerpt":{"rendered":"<p>Vol\u00e1n\u00ed po spojen\u00ed politick\u00fdch stran, kter\u00e9 se tu a tam v \u010desk\u00e9 politice objevuje, je nedomy\u0161len\u00e9. Tajemn\u00edk prezidenta V\u00e1clava Klause Ladislav Jakl p\u0159irovn\u00e1v\u00e1 snahu na f\u00fazi stran k f\u00fazi znep\u0159\u00e1telen\u00fdch fotbalov\u00fdch klub\u016f.<\/p>\n","protected":false},"author":1,"featured_media":0,"comment_status":"open","ping_status":"open","sticky":false,"template":"","format":"standard","meta":{"ngg_post_thumbnail":0,"footnotes":""},"categories":[11],"tags":[],"class_list":["post-4416","post","type-post","status-publish","format-standard","hentry","category-ozvena"],"_links":{"self":[{"href":"https:\/\/www.ladislavjakl.cz\/index.php?rest_route=\/wp\/v2\/posts\/4416","targetHints":{"allow":["GET"]}}],"collection":[{"href":"https:\/\/www.ladislavjakl.cz\/index.php?rest_route=\/wp\/v2\/posts"}],"about":[{"href":"https:\/\/www.ladislavjakl.cz\/index.php?rest_route=\/wp\/v2\/types\/post"}],"author":[{"embeddable":true,"href":"https:\/\/www.ladislavjakl.cz\/index.php?rest_route=\/wp\/v2\/users\/1"}],"replies":[{"embeddable":true,"href":"https:\/\/www.ladislavjakl.cz\/index.php?rest_route=%2Fwp%2Fv2%2Fcomments&post=4416"}],"version-history":[{"count":1,"href":"https:\/\/www.ladislavjakl.cz\/index.php?rest_route=\/wp\/v2\/posts\/4416\/revisions"}],"predecessor-version":[{"id":4417,"href":"https:\/\/www.ladislavjakl.cz\/index.php?rest_route=\/wp\/v2\/posts\/4416\/revisions\/4417"}],"wp:attachment":[{"href":"https:\/\/www.ladislavjakl.cz\/index.php?rest_route=%2Fwp%2Fv2%2Fmedia&parent=4416"}],"wp:term":[{"taxonomy":"category","embeddable":true,"href":"https:\/\/www.ladislavjakl.cz\/index.php?rest_route=%2Fwp%2Fv2%2Fcategories&post=4416"},{"taxonomy":"post_tag","embeddable":true,"href":"https:\/\/www.ladislavjakl.cz\/index.php?rest_route=%2Fwp%2Fv2%2Ftags&post=4416"}],"curies":[{"name":"wp","href":"https:\/\/api.w.org\/{rel}","templated":true}]}}