{"id":444,"date":"2010-07-12T13:48:45","date_gmt":"2010-07-12T12:48:45","guid":{"rendered":"http:\/\/www.ladislavjakl.cz\/?p=444"},"modified":"2010-07-12T15:30:03","modified_gmt":"2010-07-12T14:30:03","slug":"kanalnici-nepomuzou-ct-bych-zrusil-opakuje-jakl","status":"publish","type":"post","link":"https:\/\/www.ladislavjakl.cz\/?p=444","title":{"rendered":"Kan\u00e1ln\u00edci nepom\u016f\u017eou. \u010cT bych zru\u0161il, opakuje Jakl"},"content":{"rendered":"<p>Chystan\u00e1  restrukturalizace v \u010cesk\u00e9 televizi nemus\u00ed b\u00fdt \u0159e\u0161en\u00edm. Jednotliv\u00e9 kan\u00e1ly  zase nehled\u00ed na div\u00e1ka, ale jen na spln\u011bn\u00ed vlastn\u00edch kv\u00f3t, tvrd\u00ed  prezident\u016fv tajemn\u00edk Ladislav Jakl.<\/p>\n<p><!--more-->Gener\u00e1ln\u00ed \u0159editel \u010cesk\u00e9 televize\u00a0Ji\u0159\u00ed Jane\u010dek ve st\u0159edu p\u0159edstav\u00ed Rad\u011b  \u010cT z\u00e1sadn\u00ed restrukturalizaci.\u00a0Do \u010dela ka\u017ed\u00e9ho programu by se m\u011bl  postavit jeden \u0159editel-&#8222;kan\u00e1ln\u00edk&#8220;, jak je neform\u00e1ln\u011b\u00a0naz\u00fdvaj\u00ed pracovn\u00edci  televize. Zda budou\u00a0m\u00edt zm\u011bny\u00a0pozitivn\u00ed dopad, o tom zna\u010dn\u011b pochybuje  tajemn\u00edk prezidenta republiky Ladislav Jakl.<\/p>\n<p>\u201eNev\u00edm, jestli pom\u016f\u017ee z\u0159\u00edzen\u00ed \u0161\u00e9f\u016f jednotliv\u00fdch kan\u00e1l\u016f, proto\u017ee by  nejd\u0159\u00edv musely skute\u010dn\u011b form\u00e1tovan\u00e9 kan\u00e1ly vzniknout,&#8220; p\u0159izn\u00e1v\u00e1 pro  Parlamentn\u00edListy.cz svou skepsi.<\/p>\n<p>Prezident\u016fv tajemn\u00edk podrobn\u011b definuje i chybnou programovou n\u00e1pl\u0148  jednotliv\u00fdch kan\u00e1l\u016f. \u201e\u010cT 1 odlo\u017eila zpravodajsk\u00e9 povinnosti na \u010cT 24 a  vesele tak m\u016f\u017ee vys\u00edlat jakoukoliv komerci. \u010cT 2 je pak \u00fapln\u00fd paskvil.  P\u016fl n\u00e1roda se tam pod\u00edv\u00e1 na nejkomer\u010dn\u011bj\u0161\u00ed fotbal \u010di hokej a pak p\u0159epne,  nebo\u0165 pak n\u00e1sleduje hudba z\u00a0respiria pro dva div\u00e1ky, aby se naplnila  kv\u00f3ta kulturn\u00edch po\u0159ad\u016f. To je koncepce kan\u00e1l\u016f? Ne, to je jen vyt\u011b\u017eov\u00e1n\u00ed  vys\u00edlac\u00edho \u010dasu, div\u00e1k \u010cT 2 neexistuje, jen div\u00e1k jednotliv\u00fdch po\u0159ad\u016f. O  kan\u00e1lu \u010cT 4, kde se za slu\u017ebu ve\u0159ejnosti hrazenou z\u00a0poplatk\u016f pova\u017euje  golf a poker, rad\u011bji nemluvit. Jestli je institut \u0159editel\u016f kan\u00e1l\u016f krokem  ke skute\u010dn\u00e9 existenci kan\u00e1l\u016f, to tedy nev\u00edm,&#8220; sd\u011blil redakci Jakl.<\/p>\n<p>Jednou v\u011btou pak Jakl opakuje sv\u00e9 dlouhodob\u00e9 stanovisko, \u017ee \u201e\u010cesk\u00e1  televize by m\u011bla b\u00fdt zru\u0161ena&#8220;.<\/p>\n<p><a href=\"http:\/\/www.parlamentnilisty.cz\/parlament\/169933.aspx\" target=\"_blank\">ZDROJ<\/a><\/p>\n","protected":false},"excerpt":{"rendered":"<p>Chystan\u00e1 restrukturalizace v \u010cesk\u00e9 televizi nemus\u00ed b\u00fdt \u0159e\u0161en\u00edm. Jednotliv\u00e9 kan\u00e1ly zase nehled\u00ed na div\u00e1ka, ale jen na spln\u011bn\u00ed vlastn\u00edch kv\u00f3t, tvrd\u00ed prezident\u016fv tajemn\u00edk Ladislav Jakl.<\/p>\n","protected":false},"author":1,"featured_media":0,"comment_status":"open","ping_status":"open","sticky":false,"template":"","format":"standard","meta":{"ngg_post_thumbnail":0,"footnotes":""},"categories":[11],"tags":[],"class_list":["post-444","post","type-post","status-publish","format-standard","hentry","category-ozvena"],"_links":{"self":[{"href":"https:\/\/www.ladislavjakl.cz\/index.php?rest_route=\/wp\/v2\/posts\/444","targetHints":{"allow":["GET"]}}],"collection":[{"href":"https:\/\/www.ladislavjakl.cz\/index.php?rest_route=\/wp\/v2\/posts"}],"about":[{"href":"https:\/\/www.ladislavjakl.cz\/index.php?rest_route=\/wp\/v2\/types\/post"}],"author":[{"embeddable":true,"href":"https:\/\/www.ladislavjakl.cz\/index.php?rest_route=\/wp\/v2\/users\/1"}],"replies":[{"embeddable":true,"href":"https:\/\/www.ladislavjakl.cz\/index.php?rest_route=%2Fwp%2Fv2%2Fcomments&post=444"}],"version-history":[{"count":3,"href":"https:\/\/www.ladislavjakl.cz\/index.php?rest_route=\/wp\/v2\/posts\/444\/revisions"}],"predecessor-version":[{"id":448,"href":"https:\/\/www.ladislavjakl.cz\/index.php?rest_route=\/wp\/v2\/posts\/444\/revisions\/448"}],"wp:attachment":[{"href":"https:\/\/www.ladislavjakl.cz\/index.php?rest_route=%2Fwp%2Fv2%2Fmedia&parent=444"}],"wp:term":[{"taxonomy":"category","embeddable":true,"href":"https:\/\/www.ladislavjakl.cz\/index.php?rest_route=%2Fwp%2Fv2%2Fcategories&post=444"},{"taxonomy":"post_tag","embeddable":true,"href":"https:\/\/www.ladislavjakl.cz\/index.php?rest_route=%2Fwp%2Fv2%2Ftags&post=444"}],"curies":[{"name":"wp","href":"https:\/\/api.w.org\/{rel}","templated":true}]}}