{"id":4448,"date":"2013-12-06T13:05:56","date_gmt":"2013-12-06T12:05:56","guid":{"rendered":"http:\/\/www.ladislavjakl.cz\/?p=4448"},"modified":"2013-12-06T13:05:56","modified_gmt":"2013-12-06T12:05:56","slug":"ktera-kniha-vas-nejvice-zaujala-v-uplynulem-roce","status":"publish","type":"post","link":"https:\/\/www.ladislavjakl.cz\/?p=4448","title":{"rendered":"Kter\u00e1 kniha V\u00e1s nejv\u00edce zaujala v uplynul\u00e9m roce?"},"content":{"rendered":"<p>Sl\u00e1va a z\u00e1nik star\u00fdch pra\u017esk\u00fdch pivovar\u016f, 2. d\u00edl \u2013 Nov\u00e9 m\u011bsto, Stanislav Musil, nakladatelstv\u00ed Plot, 2013. Ohromn\u00e9 Musilovo badatelsk\u00e9 d\u00edlo se letos do\u010dkalo sv\u00e9ho impozantn\u00edho pokra\u010dov\u00e1n\u00ed, je\u0161t\u011b informa\u010dn\u011b i obrazov\u011b bohat\u0161\u00edho, ne\u017e byl p\u0159edchoz\u00ed d\u00edl v\u011bnovan\u00fd Star\u00e9mu M\u011bstu.<\/p>\n<p><!--more-->Musil jde Prahou d\u016fm od domu a mapuje stalet\u00ed historie pra\u017esk\u00e9ho va\u0159en\u00ed piva. D\u00edlo ur\u010dit\u011b zaujme i ty nepochopiteln\u00e9 \u010dten\u00e1\u0159e, kte\u0159\u00ed nepova\u017euj\u00ed pivo za hlavn\u00ed v\u011bc na sv\u011bt\u011b. Najdou v\u00a0n\u011bm toti\u017e mnoho cenn\u00fdch post\u0159eh\u016f o stavebn\u00ed historii star\u00e9 Prahy, o ekonomick\u00e9m v\u00fdznamu pivovar\u016f i o jejich spole\u010densk\u00e9 roli. A na ka\u017edou ulici se u\u017e budou d\u00edvat jin\u00fdma o\u010dima. Moc hezk\u00e1 je i nejnov\u011bj\u0161\u00ed kniha Tom\u00e1\u0161e Cihl\u00e1\u0159e Po\u0161umavsk\u00e9 pivovary. Ale kdo ten kraj m\u00e1 r\u00e1d jako j\u00e1, nebude tuto knihu \u010d\u00edst bez slzy v\u00a0oku. Kolik kr\u00e1sn\u00fdch pivovar\u016f bylo tak o\u0161kliv\u011b zmarn\u011bno\u2026<\/p>\n<p><em>(ps\u00e1no pro Newsletter IVK)<br \/>\n<\/em><\/p>\n<p>L. J.<\/p>\n","protected":false},"excerpt":{"rendered":"<p>Sl\u00e1va a z\u00e1nik star\u00fdch pra\u017esk\u00fdch pivovar\u016f, 2. d\u00edl \u2013 Nov\u00e9 m\u011bsto, Stanislav Musil, nakladatelstv\u00ed Plot, 2013. Ohromn\u00e9 Musilovo badatelsk\u00e9 d\u00edlo se letos do\u010dkalo sv\u00e9ho impozantn\u00edho pokra\u010dov\u00e1n\u00ed, je\u0161t\u011b informa\u010dn\u011b i obrazov\u011b bohat\u0161\u00edho, ne\u017e byl p\u0159edchoz\u00ed d\u00edl v\u011bnovan\u00fd Star\u00e9mu M\u011bstu.<\/p>\n","protected":false},"author":1,"featured_media":0,"comment_status":"open","ping_status":"open","sticky":false,"template":"","format":"standard","meta":{"ngg_post_thumbnail":0,"footnotes":""},"categories":[18],"tags":[],"class_list":["post-4448","post","type-post","status-publish","format-standard","hentry","category-postrehy"],"_links":{"self":[{"href":"https:\/\/www.ladislavjakl.cz\/index.php?rest_route=\/wp\/v2\/posts\/4448","targetHints":{"allow":["GET"]}}],"collection":[{"href":"https:\/\/www.ladislavjakl.cz\/index.php?rest_route=\/wp\/v2\/posts"}],"about":[{"href":"https:\/\/www.ladislavjakl.cz\/index.php?rest_route=\/wp\/v2\/types\/post"}],"author":[{"embeddable":true,"href":"https:\/\/www.ladislavjakl.cz\/index.php?rest_route=\/wp\/v2\/users\/1"}],"replies":[{"embeddable":true,"href":"https:\/\/www.ladislavjakl.cz\/index.php?rest_route=%2Fwp%2Fv2%2Fcomments&post=4448"}],"version-history":[{"count":1,"href":"https:\/\/www.ladislavjakl.cz\/index.php?rest_route=\/wp\/v2\/posts\/4448\/revisions"}],"predecessor-version":[{"id":4449,"href":"https:\/\/www.ladislavjakl.cz\/index.php?rest_route=\/wp\/v2\/posts\/4448\/revisions\/4449"}],"wp:attachment":[{"href":"https:\/\/www.ladislavjakl.cz\/index.php?rest_route=%2Fwp%2Fv2%2Fmedia&parent=4448"}],"wp:term":[{"taxonomy":"category","embeddable":true,"href":"https:\/\/www.ladislavjakl.cz\/index.php?rest_route=%2Fwp%2Fv2%2Fcategories&post=4448"},{"taxonomy":"post_tag","embeddable":true,"href":"https:\/\/www.ladislavjakl.cz\/index.php?rest_route=%2Fwp%2Fv2%2Ftags&post=4448"}],"curies":[{"name":"wp","href":"https:\/\/api.w.org\/{rel}","templated":true}]}}