{"id":4456,"date":"2013-12-10T11:31:06","date_gmt":"2013-12-10T10:31:06","guid":{"rendered":"http:\/\/www.ladislavjakl.cz\/?p=4456"},"modified":"2013-12-10T11:33:37","modified_gmt":"2013-12-10T10:33:37","slug":"vitezem-skutecne-ligy-jsou-landfil-pristi-rok-se-soutez-rozsiri-na-slovensko","status":"publish","type":"post","link":"https:\/\/www.ladislavjakl.cz\/?p=4456","title":{"rendered":"V\u00edt\u011bzem Skute\u010dn\u00e9 ligy jsou Landfil. P\u0159\u00ed\u0161t\u00ed rok se sout\u011b\u017e roz\u0161\u00ed\u0159\u00ed na Slovensko"},"content":{"rendered":"<p>V sobotu 7. prosince prob\u011bhlo v pra\u017esk\u00e9m  klubu Nov\u00e1 Chmelnice fin\u00e1le dal\u0161\u00edho ro\u010dn\u00edku talentov\u00e9 sout\u011b\u017ee kapel  Skute\u010dn\u00e1 liga. V pr\u016fb\u011bhu odpoledne a ve\u010dera odehr\u00e1lo sv\u016fj koncert \u0161est  skupin. Zv\u00edt\u011bzili Landfil p\u0159ed Disconnexion a CactusShowBand.<\/p>\n<p><!--more--><\/p>\n<p><img loading=\"lazy\" decoding=\"async\" src=\"http:\/\/www.ireport.cz\/images\/ireport\/clanky\/petr_obr\/NEWS\/skutecna_liga_landfil.jpg\" alt=\"skutecna liga landfil\" width=\"381\" height=\"255\" \/><br \/>\nLandfil<\/p>\n<p>O v\u00edt\u011bz\u00edch rozhodovala porota, kterou tvo\u0159ili nap\u0159. Michael Vikto\u0159\u00edk, Bohou\u0161 Zatloukal, Josie (<a href=\"http:\/\/www.ireport.cz\/interpreti\/18257-koblizc.html\" target=\"_blank\">Kobl\u00ed\u017ec!<\/a>) Ladislav Jakl, <a href=\"http:\/\/www.ireport.cz\/redaktori-ireport\/17356-petr-koral.html\" target=\"_blank\">Petr Kor\u00e1l<\/a> a dal\u0161\u00ed. Po vyhl\u00e1\u0161en\u00ed sout\u011b\u017ee n\u00e1sledoval akustick\u00fd koncert skupiny <a href=\"http:\/\/www.ireport.cz\/interpreti\/18257-koblizc.html\" target=\"_blank\">Kobl\u00ed\u017ec!<\/a>.<\/p>\n<p>Novinkou pro p\u0159\u00ed\u0161t\u00ed rok bude roz\u0161\u00ed\u0159en\u00ed Skute\u010dn\u00e9 ligy i na  Slovensko. Dojde ke spojen\u00ed se slovensk\u00fdmi organiz\u00e1tory talentov\u00e9  sout\u011b\u017ee Stropkovsk\u00e1 Hudobn\u00e1 Liga a sjednocen\u00ed pravidel a konceptu  sout\u011b\u017ee. <em>\u201eJe to velk\u00fd posun sm\u011brem k evropsk\u00e9 sout\u011b\u017ei, kterou chceme spole\u010dn\u011b budovat a podporovat kapel je\u0161t\u011b v\u00edce,&#8220;<\/em> \u0159\u00edk\u00e1 hlavn\u00ed po\u0159adatel Skute\u010dn\u00e9 ligy Luk\u00e1\u0161 Fousek.<span> <\/span><\/p>\n<p><span style=\"margin-bottom: 10px; float: left; display: inline-block;\"><a title=\"DAL\u0160\u00cd FOTKY: V\u00edt\u011bzem Skute\u010dn\u00e9 ligy jsou Landfil. P\u0159\u00ed\u0161t\u00ed rok se sout\u011b\u017e roz\u0161\u00ed\u0159\u00ed na Slovensko\" href=\"http:\/\/www.ireport.cz\/images\/ireport\/clanky\/petr_obr\/NEWS\/skutecna_liga_disconnexion.jpg\" target=\"_blank\"><\/a><\/span><\/p>\n<p><img loading=\"lazy\" decoding=\"async\" src=\"http:\/\/www.ireport.cz\/images\/ireport\/clanky\/petr_obr\/NEWS\/skutecna_liga_disconnexion.jpg\" alt=\"skutecna liga disconnexion\" width=\"350\" height=\"524\" \/><\/p>\n<p>Disconnexion<\/p>\n<p><strong>Skute\u010dn\u00e1 liga 2013 &#8211; v\u00fdsledky<\/strong><\/p>\n<p>1. Muzikant roku &#8211; ACID (kytara) &#8211; silentforms<br \/>\n2. Zp\u011bv\u00e1k roku &#8211; Vojta Svato\u0161 &#8211; FriedAce<br \/>\n3. Zp\u011bva\u010dka roku &#8211; Ivana Kova\u010dicov\u00e1 &#8211; Landfil<br \/>\n4. Image a projev &#8211; CaktusShowband<br \/>\n5. Cena div\u00e1k\u016f (www.samosebou.cz) &#8211; Wolfarian<br \/>\n6. Kytarista roku &#8211; Martin J\u00e1chym, kapela Marry B<br \/>\n7. P\u0159\u00ednos hudb\u011b 2013 &#8211; Ing.Jan \u0160orm<\/p>\n<p>Hlavn\u00ed cena:<br \/>\n1. Landfil<br \/>\n2. Disconnexion<br \/>\n3. CaktusShowband<br \/>\nDal\u0161\u00ed finalist\u00e9: FriedAce, ReservoarDogz, Marry B<\/p>\n<p>Galerie fotek &#8211; <a href=\"https:\/\/www.facebook.com\/photo.php?fbid=10151872012264151&amp;set=a.10151872005794151.1073741828.62018349150&amp;type=3&amp;theater\" target=\"_blank\">ZDE<\/a><\/p>\n<p><a href=\"http:\/\/www.skutecnaliga.cz\" target=\"_blank\">www.skutecnaliga.cz<\/a><\/p>\n<p><a href=\"http:\/\/www.ireport.cz\/news\/18252-vitezem-skutecne-ligy-jsou-landfil-pristi-rok-se-soutez-rozsiri-i-na-slovensko.html\" target=\"_blank\">Zdroj<\/a><\/p>\n","protected":false},"excerpt":{"rendered":"<p>V sobotu 7. prosince prob\u011bhlo v pra\u017esk\u00e9m klubu Nov\u00e1 Chmelnice fin\u00e1le dal\u0161\u00edho ro\u010dn\u00edku talentov\u00e9 sout\u011b\u017ee kapel Skute\u010dn\u00e1 liga. V pr\u016fb\u011bhu odpoledne a ve\u010dera odehr\u00e1lo sv\u016fj koncert \u0161est skupin. Zv\u00edt\u011bzili Landfil p\u0159ed Disconnexion a CactusShowBand.<\/p>\n","protected":false},"author":1,"featured_media":0,"comment_status":"open","ping_status":"open","sticky":false,"template":"","format":"standard","meta":{"ngg_post_thumbnail":0,"footnotes":""},"categories":[11],"tags":[],"class_list":["post-4456","post","type-post","status-publish","format-standard","hentry","category-ozvena"],"_links":{"self":[{"href":"https:\/\/www.ladislavjakl.cz\/index.php?rest_route=\/wp\/v2\/posts\/4456","targetHints":{"allow":["GET"]}}],"collection":[{"href":"https:\/\/www.ladislavjakl.cz\/index.php?rest_route=\/wp\/v2\/posts"}],"about":[{"href":"https:\/\/www.ladislavjakl.cz\/index.php?rest_route=\/wp\/v2\/types\/post"}],"author":[{"embeddable":true,"href":"https:\/\/www.ladislavjakl.cz\/index.php?rest_route=\/wp\/v2\/users\/1"}],"replies":[{"embeddable":true,"href":"https:\/\/www.ladislavjakl.cz\/index.php?rest_route=%2Fwp%2Fv2%2Fcomments&post=4456"}],"version-history":[{"count":4,"href":"https:\/\/www.ladislavjakl.cz\/index.php?rest_route=\/wp\/v2\/posts\/4456\/revisions"}],"predecessor-version":[{"id":4460,"href":"https:\/\/www.ladislavjakl.cz\/index.php?rest_route=\/wp\/v2\/posts\/4456\/revisions\/4460"}],"wp:attachment":[{"href":"https:\/\/www.ladislavjakl.cz\/index.php?rest_route=%2Fwp%2Fv2%2Fmedia&parent=4456"}],"wp:term":[{"taxonomy":"category","embeddable":true,"href":"https:\/\/www.ladislavjakl.cz\/index.php?rest_route=%2Fwp%2Fv2%2Fcategories&post=4456"},{"taxonomy":"post_tag","embeddable":true,"href":"https:\/\/www.ladislavjakl.cz\/index.php?rest_route=%2Fwp%2Fv2%2Ftags&post=4456"}],"curies":[{"name":"wp","href":"https:\/\/api.w.org\/{rel}","templated":true}]}}