{"id":4461,"date":"2013-12-12T10:17:27","date_gmt":"2013-12-12T09:17:27","guid":{"rendered":"http:\/\/www.ladislavjakl.cz\/?p=4461"},"modified":"2013-12-12T10:17:27","modified_gmt":"2013-12-12T09:17:27","slug":"predbezna-opatrnost-nam-nove-veli-bojujme-s-ochlazovanim","status":"publish","type":"post","link":"https:\/\/www.ladislavjakl.cz\/?p=4461","title":{"rendered":"P\u0159edb\u011b\u017en\u00e1 opatrnost n\u00e1m nov\u011b vel\u00ed: bojujme s ochlazov\u00e1n\u00edm!"},"content":{"rendered":"<p>P\u0159edb\u011b\u017en\u00e1 opatrnost je skv\u011bl\u00fd princip. Nen\u00ed to jen tak  ledajak\u00e1 oby\u010dejn\u00e1 zastaral\u00e1 opatrnost. Ta b\u00fdvala postavena na  zku\u0161enosti, znalosti, informac\u00edch, rozumu. Jen\u017ee co kdy\u017e n\u00e1m hroz\u00ed cosi,  s\u00a0\u010d\u00edm \u017e\u00e1dnou zku\u0161enost nem\u00e1me? Bu\u010fme tedy opatrni p\u0159edb\u011b\u017en\u011b, co kdyby. <!--more--><\/p>\n<div>\n<p>A tak jsme z\u00a0p\u0159edb\u011b\u017en\u00e9 opatrnosti p\u0159ed 30 lety zak\u00e1zali freony,  proto\u017ee co kdy\u017e zrovna ony byly p\u0159\u00ed\u010dinou tehdej\u0161\u00edho sl\u00e1bnut\u00ed ozonov\u00e9  vrstvy, chr\u00e1n\u00edc\u00ed \u017eivot p\u0159ed smrt\u00edc\u00edm z\u00e1\u0159en\u00edm. Sice jsme tehdy freony  nedok\u00e1zali usv\u011bd\u010dit a prok\u00e1zat jim vinu na zlo\u010dinu vyvra\u017ed\u011bn\u00ed oz\u00f3nu, ale  co kdyby. Sta\u010dilo podez\u0159en\u00ed a miliardy l\u00e9taly oknem. A tam je posb\u00edral  byznys, kter\u00fd byl p\u0159edb\u011b\u017en\u011b nejl\u00e9pe p\u0159ipraven na nov\u00e9 z\u00e1kazy.  Zakazovatel\u00e9 jim toti\u017e (jist\u011b nezi\u0161tn\u011b) v\u010das o sv\u00fdch pl\u00e1nech \u0159ekli.<\/p>\n<p>Stejn\u011b tak jsme za\u010dali p\u0159ed dvaceti lety bojovat s\u00a0glob\u00e1ln\u00edm  oteplov\u00e1n\u00edm. Sice jsme ho neum\u011bli prok\u00e1zat a o jeho p\u0159\u00edpadn\u00fdch p\u0159\u00ed\u010din\u00e1ch  jsme nem\u011bli tu\u0161en\u00ed, ale co kdyby za t\u00edm byl lidmi vypou\u0161t\u011bn\u00fd fosiln\u00ed  uhl\u00edk? A za\u010daly p\u0159edb\u011b\u017en\u00e9 z\u00e1kazy, dotace a pok\u0159iven\u00ed trhu, na \u010dem\u017e zase  p\u0159ipraven\u00fd byznys vyd\u011blal miliardy.<\/p>\n<p>M\u00e1me tu ale probl\u00e9m nov\u00fd, dokonce kombinuj\u00edc\u00ed oba p\u0159edchoz\u00ed. Oz\u00f3nu po  letech zase za\u010dalo ub\u00fdvat, dokonce se v\u00a0pol\u00e1rn\u00edch oblastech znovu mo\u017en\u00e1  ukazuje ozonov\u00e1 d\u00edrka, hroz\u00edc\u00ed dosp\u011bt do stadia d\u00edry. Freony jsou mimo  podez\u0159en\u00ed, byly u\u017e d\u0159\u00edve popraveny za jin\u00fd zlo\u010din, tak\u017ee maj\u00ed dokonal\u00e9  alibi. Vt\u00edr\u00e1 se zl\u00e1 p\u0159edtucha: za \u00fabytek oz\u00f3nu m\u016f\u017ee pr\u00e1v\u011b za\u010d\u00ednaj\u00edc\u00ed  ochlazov\u00e1n\u00ed. Oz\u00f3n je toti\u017e teplomiln\u00fd a mr\u00e1z ho kos\u00ed.<\/p>\n<p>Tak\u017ee zotaven\u00ed vrstvy bylo zp\u016fsobeno oteplen\u00edm v\u00a0letech 1975 \u2013 1998,  ne popravou freon\u016f. Od t\u00e9 doby se zas ochlazuje a oz\u00f3n op\u011bt ch\u0159adne.  Princip p\u0159edb\u011b\u017en\u00e9 opatrnosti vel\u00ed jedin\u00e9: je t\u0159eba zatopit! Oh\u0159\u00e1t p\u00f3ly!  Sice nev\u00edme jak, proto\u017ee uhl\u00edk v\u00a0atmosf\u00e9\u0159e podle v\u0161eho za minul\u00fdm  oteplen\u00edm nestoj\u00ed (kdy\u017e ho vesele p\u0159ib\u00fdv\u00e1 a teplota jde dol\u016f), ale my u\u017e  n\u011bco vymysl\u00edme. P\u0159edb\u011b\u017en\u011b opatrn\u011b.<\/p>\n<p>Nebo je je\u0161t\u011b jedna mo\u017enost. P\u0159estat troj\u010dit s\u00a0p\u0159edb\u011b\u017enou opatrnost\u00ed a  nevrhat se do \u0161\u00edlen\u00fdch, drah\u00fdch a \u010dlov\u011bka otravuj\u00edc\u00edch kampan\u00ed tu proti  jednomu riziku, tu proti jin\u00e9mu. To n\u00e1m vel\u00ed opatrnost oby\u010dejn\u00e1.  Proto\u017ee p\u0159edb\u011b\u017en\u011b opatrn\u00fd \u010dlov\u011bk vlastn\u011b nem\u016f\u017ee ani vyt\u00e1hnout paty  z\u00a0domu a chodit po ulici. Co kdyby za ka\u017ed\u00fdm rohem \u010d\u00edhal lev, krokod\u00fdl  nebo Burs\u00edk\u2026<\/p>\n<p>\u010ct\u011bte: <a href=\"http:\/\/www.osel.cz\/index.php?clanek=7332\" target=\"_blank\">http:\/\/www.osel.cz\/index.php?clanek=7332<\/a><\/p>\n<p><a href=\"http:\/\/jakl.blog.idnes.cz\/c\/386584\/Predbezna-opatrnost-nam-nove-veli-bojujme-s-ochlazovanim.html\" target=\"_blank\">Zdroj<\/a><\/div>\n","protected":false},"excerpt":{"rendered":"<p>P\u0159edb\u011b\u017en\u00e1 opatrnost je skv\u011bl\u00fd princip. Nen\u00ed to jen tak ledajak\u00e1 oby\u010dejn\u00e1 zastaral\u00e1 opatrnost. Ta b\u00fdvala postavena na zku\u0161enosti, znalosti, informac\u00edch, rozumu. Jen\u017ee co kdy\u017e n\u00e1m hroz\u00ed cosi, s\u00a0\u010d\u00edm \u017e\u00e1dnou zku\u0161enost nem\u00e1me? Bu\u010fme tedy opatrni p\u0159edb\u011b\u017en\u011b, co kdyby.<\/p>\n","protected":false},"author":1,"featured_media":0,"comment_status":"open","ping_status":"open","sticky":false,"template":"","format":"standard","meta":{"ngg_post_thumbnail":0,"footnotes":""},"categories":[10],"tags":[],"class_list":["post-4461","post","type-post","status-publish","format-standard","hentry","category-zlehka"],"_links":{"self":[{"href":"https:\/\/www.ladislavjakl.cz\/index.php?rest_route=\/wp\/v2\/posts\/4461","targetHints":{"allow":["GET"]}}],"collection":[{"href":"https:\/\/www.ladislavjakl.cz\/index.php?rest_route=\/wp\/v2\/posts"}],"about":[{"href":"https:\/\/www.ladislavjakl.cz\/index.php?rest_route=\/wp\/v2\/types\/post"}],"author":[{"embeddable":true,"href":"https:\/\/www.ladislavjakl.cz\/index.php?rest_route=\/wp\/v2\/users\/1"}],"replies":[{"embeddable":true,"href":"https:\/\/www.ladislavjakl.cz\/index.php?rest_route=%2Fwp%2Fv2%2Fcomments&post=4461"}],"version-history":[{"count":1,"href":"https:\/\/www.ladislavjakl.cz\/index.php?rest_route=\/wp\/v2\/posts\/4461\/revisions"}],"predecessor-version":[{"id":4462,"href":"https:\/\/www.ladislavjakl.cz\/index.php?rest_route=\/wp\/v2\/posts\/4461\/revisions\/4462"}],"wp:attachment":[{"href":"https:\/\/www.ladislavjakl.cz\/index.php?rest_route=%2Fwp%2Fv2%2Fmedia&parent=4461"}],"wp:term":[{"taxonomy":"category","embeddable":true,"href":"https:\/\/www.ladislavjakl.cz\/index.php?rest_route=%2Fwp%2Fv2%2Fcategories&post=4461"},{"taxonomy":"post_tag","embeddable":true,"href":"https:\/\/www.ladislavjakl.cz\/index.php?rest_route=%2Fwp%2Fv2%2Ftags&post=4461"}],"curies":[{"name":"wp","href":"https:\/\/api.w.org\/{rel}","templated":true}]}}