{"id":4468,"date":"2013-12-12T10:22:11","date_gmt":"2013-12-12T09:22:11","guid":{"rendered":"http:\/\/www.ladislavjakl.cz\/?p=4468"},"modified":"2013-12-12T10:24:00","modified_gmt":"2013-12-12T09:24:00","slug":"do-prdele-jo-pod-kridly-klause-o-drzem-moravcovi-ceskych-novinarich-a-babisovi-s-bakalou","status":"publish","type":"post","link":"https:\/\/www.ladislavjakl.cz\/?p=4468","title":{"rendered":"Do prdele, jo. Pod k\u0159\u00eddly Klause o drz\u00e9m Moravcovi, \u010desk\u00fdch novin\u00e1\u0159\u00edch a Babi\u0161ovi s Bakalou"},"content":{"rendered":"<p>Sou\u010dasn\u00fd syst\u00e9m je destruovan\u00fd, prom\u011bna m\u00e9di\u00ed a jejich role  dramatick\u00e1. Ukazuje se v\u0161ak, \u017ee p\u0159\u00edze\u0148 m\u00e9di\u00ed jak\u00e9koli politick\u00e9 stran\u011b i  osobnosti v sou\u010dasn\u00e9 dob\u011b je sp\u00ed\u0161e polibkem smrti. I to jsou slova,  kter\u00e1 zazn\u011bla v pond\u011bl\u00ed ve\u010der z \u00fast n\u011bkolika zn\u00e1m\u00fdch \u0159e\u010dn\u00edk\u016f na t\u00e9ma  m\u00e9dia.<\/p>\n<p><!--more--><\/p>\n<p>M\u00e9dia, mediokracie a politika \u2013 to byla toti\u017e hlavn\u00ed t\u0159i t\u00e9mata dal\u0161\u00edho  semin\u00e1\u0159e po\u0159\u00e1dan\u00e9ho Institutem V\u00e1clava Klause. A jeliko\u017e p\u0159edn\u00e1\u0161ej\u00edc\u00edmi  byly zaj\u00edmav\u00e9 osobnosti, zaj\u00edmav\u00e9 byly i n\u00e1zory, kter\u00e9 tam zazn\u011bly.  Zaj\u00edmav\u00e1 jm\u00e9na v\u0161ak zdobila i obecenstvo (mimo jin\u00e9 ministr kultury  v\u00a0demisi Ji\u0159\u00ed Balv\u00edn, i dva dal\u0161\u00ed exminist\u0159i).<\/p>\n<p>Jist\u00fdm vod\u00edtkem cel\u00e9ho pond\u011bln\u00edho podve\u010dera byla nov\u00e1 kniha publicisty a  medi\u00e1ln\u00edho analytika Petra \u017dantovsk\u00e9ho s\u00a0n\u00e1zvem \u010cesk\u00e1 politika a m\u00e9dia  po roce 1989.<\/p>\n<p>Publicista <strong>Petr \u017dantovsk\u00fd<\/strong>, kter\u00fd ka\u017ed\u00fd t\u00fdden hodnot\u00ed  uplynul\u00e9 dny v\u00a0m\u00e9di\u00edch i pro Parlamentn\u00edListy.cz, promluvil mimo jin\u00e9 o  okam\u017eiku, kdy dost\u00e1vaj\u00ed politici i strany polibek smrti od m\u00e9di\u00ed, i o  tom, pro\u010d se n\u011bkte\u0159\u00ed st\u00e1vaj\u00ed \u201emodlou na hlin\u011bn\u00fdch noh\u00e1ch\u201c.<\/p>\n<p>\u201eVe\u0159ejnost se za\u010d\u00edn\u00e1 \u0159\u00eddit sp\u00ed\u0161e opakem toho, co na ni m\u00e9dia chrl\u00ed.  V\u00a0posledn\u00ed dob\u011b jsme m\u011bli mo\u017enost to sledovat jak p\u0159i prvn\u00ed p\u0159\u00edm\u00e9 volb\u011b  hlavy st\u00e1tu, tak p\u0159i p\u0159ed\u010dasn\u00fdch volb\u00e1ch te\u010f na podzim,\u201c \u0159ekl \u017dantovsk\u00fd.  Podle n\u011bj se tak d\u00e1 hovo\u0159it o tom, \u017ee byla zavr\u0161ena dosavadn\u00ed  paradigmatick\u00e1 zm\u011bna.<\/p>\n<p><strong>\u017dantovsk\u00fd: M\u00e9dia boj o d\u016fv\u011bru ve\u0159ejnosti prohr\u00e1la<\/strong><\/p>\n<p>Varoval v\u0161ak d\u00e1le i p\u0159ed t\u00edm, \u017ee \u010desk\u00fd medi\u00e1ln\u00ed trh brzy zcela ovl\u00e1dnou  dv\u011b osoby &#8211; Zden\u011bk Bakala a Andrej Babi\u0161. T\u00edm m\u016f\u017ee doch\u00e1zet k\u00a0tomu, \u017ee  bude zcela deformov\u00e1n trh s\u00a0informacemi. I proto Petra \u017dantovsk\u00e9ho  zarazilo, \u017ee majetkov\u00e9 vstupy obou magn\u00e1t\u016f nevyvolaly u ve\u0159ejnosti, ale i  ostatn\u00edch m\u00e9di\u00ed, v\u00fdrazn\u011bj\u0161\u00ed ohlas.<\/p>\n<div>\n<div style=\"text-align: right\"><strong> <\/strong><\/div>\n<\/div>\n<p>\u201eM\u00e9dia t\u00edm sv\u016fj boj o d\u016fv\u011bru ve\u0159ejnosti natrvalo prohr\u00e1la. T\u00edm skon\u010dil  ten polistopadov\u00fd \u00e9tos. A m\u016f\u017eeme \u0159\u00edci, \u017ee n\u00e1m ji\u017e nevl\u00e1dne ani politika,  ani m\u00e9dia, sp\u00ed\u0161 oligarchov\u00e9 a jejich z\u00e1jmy. Dne\u0161n\u00ed re\u017eim tedy ji\u017e  mediokracii neumo\u017en\u00ed. Dostal toti\u017e, co cht\u011bl, te\u010f m\u00e9dia bude \u010dekat sp\u00ed\u0161e  uml\u010dov\u00e1n\u00ed,\u201c zakon\u010dil pon\u011bkud pochmurn\u011b svoji vizi budoucnosti  \u017dantovsk\u00fd.<\/p>\n<p><strong>Profesor Bedn\u00e1\u0159 promluvil o nadvl\u00e1d\u011b pr\u016fm\u011brnosti <\/strong><\/p>\n<p>Podle profesora <strong>Miloslava Bedn\u00e1\u0159e<\/strong> m\u00e9dia usiluj\u00ed o vliv na podobu demokracie \u010di na jej\u00ed podstatnou zm\u011bnu. P\u0159itom jsou ovliv\u0148ov\u00e1na nadvl\u00e1dou pr\u016fm\u011brnosti.<\/p>\n<p>Ke sv\u00e9 mal\u00e9 anal\u00fdze pak p\u0159ipomn\u011bl ale i dobu kr\u00e1tce po roce 1989.<\/p>\n<p>\u201ePo sametov\u00e9 revoluci se m\u00e9dia v\u00fdrazn\u011b postavila na stranu tehdej\u0161\u00edho  Ob\u010dansk\u00e9ho f\u00f3ra (OF) a t\u00edm se za\u010dala m\u00e9dia v\u00fdznamn\u011b orientovat pouze  pravicov\u011b. Mohli jsme tak b\u00fdt sv\u011bdky ideologick\u00e9ho fenom\u00e9nu ve stylu  komunismu naruby. Ten ideologick\u00fd fanatismus jsme vid\u011bli a mnohdy v\u00edd\u00e1me  st\u00e1le, pouze v\u00a0demokratick\u00e9m obalu. J\u00e1 bych to pojmenoval tak, \u017ee  v\u00a0z\u00e1sad\u011b \u0161lo o p\u0159evzet\u00ed novohenleinovsk\u00e9 ideologie, ve kter\u00e9 bylo t\u0159eba  naj\u00edt konkr\u00e9tn\u00edho vin\u00edka. A t\u00edm se stal komunismus. Na nekritick\u00e9m  \u0161\u00ed\u0159en\u00ed t\u00e9to my\u0161lenky se pak po celou dobu pod\u00edl\u00ed hlavn\u00ed proud medi\u00e1ln\u00ed  sc\u00e9ny a trv\u00e1 to v\u00a0podstat\u011b dodnes,\u201c \u0159ekl profesor Bedn\u00e1\u0159, jinak t\u00e9\u017e  n\u011bkdej\u0161\u00ed m\u00edstop\u0159edseda Strany svobodn\u00fdch ob\u010dan\u016f.<\/p>\n<p>Upozornil tak\u00e9 na to, \u017ee hlavn\u00ed medi\u00e1ln\u00ed proud si tak n\u00e1rokuje pr\u00e1vo na  ideologicko-autoritativn\u00ed soud. To sv\u011bd\u010d\u00ed podle n\u011bj o jist\u00e9 slabosti  politick\u00e9ho postkomunistick\u00e9ho uva\u017eov\u00e1n\u00ed, kter\u00e9 se v\u0161ak brzy stalo  standardn\u00ed.<\/p>\n<p><strong>Ladislav Jakl: Pohled z\u00a0obou stran <\/strong><\/p>\n<p>O b\u00fdval\u00e9m \u0159editeli politick\u00e9ho odboru Kancel\u00e1\u0159e prezidenta republiky a hudebn\u00edkovi <strong>Ladislavu Jaklovi<\/strong> se  v\u00ed tak\u00e9 to, \u017ee pracoval rovn\u011b\u017e jako novin\u00e1\u0159 a sem tam \u010dl\u00e1nky st\u00e1le  je\u0161t\u011b p\u00ed\u0161e\u2026 I proto mohl p\u0159ed publikem shrnout objektivn\u011b pohledy z\u00a0obou  stran.<\/p>\n<p>Zpo\u010d\u00e1tku sice vypadalo, \u017ee bude jeho vystoupen\u00ed velmi stru\u010dn\u00e9 a kr\u00e1tk\u00e9,  ale pak se s\u00a0nads\u00e1zkou odvolal na sv\u00e9ho nep\u0159\u00edtomn\u00e9ho \u0161\u00e9fa V\u00e1clava  Klause s\u00a0t\u00edm, \u017ee by si jinak nezaslou\u017eil sv\u016fj plat, a proto p\u0159ece jen  sv\u00e9 n\u00e1zory rozvede.<\/p>\n<p>P\u0159esto pokra\u010doval i po chv\u00edli st\u00e1le je\u0161t\u011b na ne zcela v\u00e1\u017enou notu.  Zm\u00ednil se toti\u017e i o jist\u00e9m \u017eivo\u010di\u0161n\u00e9m druhu roz\u0161\u00ed\u0159en\u00e9m zejm\u00e9na v\u00a0m\u00edrn\u00e9m  zem\u011bpisn\u00e9m p\u00e1smu severn\u00ed polokoule. Na mysli m\u011bl medi\u00e1ln\u00ed odborn\u00edky  (ano, i vedle v\u00a0tu chv\u00edli sed\u00edc\u00edho Petra \u017dantovsk\u00e9ho).<\/p>\n<p>\u201eVytv\u00e1\u0159\u00ed dojem, \u017ee m\u00e9dia podl\u00e9haj\u00ed jin\u00fdm z\u00e1kon\u016fm ne\u017e jin\u00e9 oblasti  lidsk\u00e9 \u010dinnosti. A to je \u0161patn\u011b. Pravidla mezilidsk\u00e9 interakce by m\u011bla  fungovat stejn\u011b jako v\u00a0jin\u00fdch profes\u00edch,\u201c \u0159ekl na adresu medi\u00e1ln\u00edch  analytik\u016f.<\/p>\n<p>Podle n\u011bj mediokracie neexistuje v\u00a0prav\u00e9m slova smyslu nikde, pon\u011bvad\u017e  by to znamenalo, \u017ee mus\u00ed tak\u00e9 existovat vl\u00e1da medi\u00e1ln\u00edch magn\u00e1t\u016f \u2013 a ta  t\u00e9\u017e nikde nen\u00ed. \u201eM\u00e9dia jsou jen n\u00e1stroj k\u00a0z\u00edsk\u00e1v\u00e1n\u00ed ur\u010dit\u00fdch z\u00e1m\u011br\u016f. Je  nesporn\u00e9, \u017ee v\u0161ak manipuluj\u00ed ve\u0159ejn\u00fdm m\u00edn\u011bn\u00edm, co\u017e je i snadno  pozorovateln\u00e9. Je t\u0159eba na n\u011b p\u0159esto pohl\u00ed\u017eet okem st\u0159\u00edzliv\u00fdm. Nesm\u00edme  si nechat namluvit to, \u017ee jsou m\u00e9dia n\u011b\u010d\u00edm jin\u00fdm. Mohlo by tak vznikat  poku\u0161en\u00ed tu bestii hl\u00eddat, aby ne\u0161kodila, nebo ji naopak pov\u00fd\u0161it na  hl\u00edda\u010de demokracie, tedy nade v\u0161e. Oboj\u00ed je riziko,\u201c uvedl Jakl.<\/p>\n<p>Pouk\u00e1zal pak na dal\u0161\u00ed jev. Toti\u017e, \u017ee jsou v\u00a0sou\u010dasn\u00e9 dob\u011b snadno  pozorovateln\u00e9 v\u00a0m\u00e9di\u00edch kampan\u011b. \u201eNav\u00edc nesta\u010d\u00ed, \u017ee o v\u011bcech, kter\u00fdmi  n\u00e1s m\u00e9dia obklopuj\u00ed, p\u00ed\u0161ou a mnohdy je p\u0159ekrout\u00ed, ona n\u00e1m m\u00e9dia ur\u010duj\u00ed i  to, co se m\u00e1 st\u00e1t t\u00e9matem na\u0161ich rozhovor\u016f, debat t\u0159eba i n\u011bkde  v\u00a0hospod\u011b. A mnohdy to nejsme ani schopni rozeznat, domn\u00edv\u00e1me se, \u017ee n\u00e1s  to napadlo samotn\u00e9. P\u0159itom jsou to m\u00e9dia, co ta t\u00e9mata nastoluj\u00ed, ale  p\u0159itom zakr\u00fdvaj\u00ed jin\u00e1, t\u0159eba i d\u016fle\u017eit\u011bj\u0161\u00ed t\u00e9mata. A my tu jejich hru  hrajeme. Sta\u010d\u00ed se pod\u00edvat na Ot\u00e1zky V\u00e1clava Moravce, kter\u00fd to dokonce  bohorovn\u011b a drze netaj\u00ed a dokonce \u0159\u00edk\u00e1,\u201c pokra\u010doval Jakl.<\/p>\n<p>Kdy\u017e byl u t\u011bch konkr\u00e9tn\u00edch p\u0159\u00edpad\u016f, vzpomn\u011bl i na posledn\u00ed \u201e\u0161l\u00e1gr\u201c dn\u016f  \u2013 pu\u0161t\u011bn\u00e9 mikrofony u vyj\u00e1d\u0159en\u00ed premi\u00e9ra Ji\u0159\u00edho Rusnoka k\u00a0poh\u0159bu  Nelsona Mandely. \u201e\u0160lo o soukrom\u00fd rozhovor a pokud se n\u011bkdo pokrytecky  tv\u00e1\u0159\u00ed, \u017ee by premi\u00e9r nem\u011bl pou\u017e\u00edvat takov\u00e9 v\u00fdrazy, tak j\u00e1 \u201ado prdele,  jo\u2018, pokud se domn\u00edv\u00e1m, \u017ee hovo\u0159\u00edm mezi sv\u00fdmi,\u201c p\u0159iznal Jakl.<\/p>\n<p>Podle n\u011bj je v\u0161ak daleko z\u00e1va\u017en\u011bj\u0161\u00ed to, \u017ee si nikdo nev\u0161\u00edmal toho, jak  dalece je spole\u010densky nebezpe\u010dn\u00e9 takov\u00e9 vyj\u00e1d\u0159en\u00ed, jak\u00e9 to m\u016f\u017ee m\u00edt  dopady. \u201e\u017d\u00e1dn\u00e9. Ale nen\u00ed n\u00e1hodou, \u017ee se spole\u010dnost to, co Rusnok takto  pronesl, dozv\u011bd\u011bla, i kdy\u017e mi v\u011b\u0159te, \u017ee je podobn\u00fdch rozhovor\u016f nato\u010deno a  zaznamen\u00e1no spousta. Ale i JIN\u00ddCH lid\u00ed. Te\u010f se hodilo toto. Je to jeden  z\u00a0efekt\u016f um\u011ble nastolen\u00e9 agendy m\u00e9di\u00ed, kter\u00e1 vytla\u010duje ta t\u00e9mata a  agendu, kter\u00e1 by jinak byla p\u0159irozen\u00e1, ale kv\u016fli t\u00e9to a podobn\u00e9 n\u00e1m  unik\u00e1. Nenechme si pros\u00edm tedy ta t\u00e9mata d\u00e1le vnucovat, p\u0159em\u00fd\u0161lejme,  kdy\u017e si n\u011bco p\u0159e\u010dteme. Ptejme se, pro\u010d to n\u011bkdo m\u016f\u017ee ps\u00e1t, pro\u010d mi to  sd\u011bluje, pro\u010d tak a pro\u010d pr\u00e1v\u011b te\u010f,\u201c zakon\u010dil sv\u00e9 vystoupen\u00ed Ladislav  Jakl.<\/p>\n<p>Jako posledn\u00ed \u0159e\u010dn\u00edk vystoupil doktor politologie <strong>Zden\u011bk Zbo\u0159il<\/strong>.  Ten upozornil na to, \u017ee se \u010desk\u00e9 noviny, vyjma jedin\u00fdch, kter\u00e9 svoji  p\u0159\u00edslu\u0161nost k\u00a0jedn\u00e9 konkr\u00e9tn\u00ed politick\u00e9 stran\u011b netaj\u00ed, za svoje sympatie  \u010di p\u0159\u00edvr\u017eenectv\u00ed k\u00a0n\u011bjak\u00e9 politick\u00e9 orientaci styd\u00ed.<\/p>\n<p><strong>Pozor, novin\u00e1\u0159i nemus\u00ed b\u00fdt hl\u00eddac\u00edmi psy demokracie, ale sp\u00ed\u0161e hon\u00edc\u00edmi chrty<\/strong><\/p>\n<p>Jeliko\u017e se v\u011bnuje tento politolog i koment\u00e1\u0159\u016fm dokument\u00e1rn\u00edch film\u016f o  druh\u00e9 sv\u011btov\u00e9 v\u00e1lce a pov\u00e1le\u010dn\u00fdch letech, p\u0159iznal, \u017ee m\u011bl mo\u017enost  porovn\u00e1vat propagandu \u0161edes\u00e1t\u00fdch, sedmdes\u00e1t\u00fdch a pozd\u011bji i osmdes\u00e1t\u00fdch  let minul\u00e9ho stolet\u00ed a srovnat ji s\u00a0tou, kterou mnoz\u00ed ji\u017e pamatuj\u00ed z\u00a0let  devades\u00e1t\u00fdch. \u201eJedin\u00e9, \u010d\u00edm se ty propagandistick\u00e9 filmy li\u0161\u00ed, je  barevnost,\u201c konstatoval pro mnoh\u00e9 \u00fa\u010dastn\u00edky v\u00a0s\u00e1le mo\u017en\u00e1 z\u0159ejm\u011b  p\u0159ekvapiv\u011b Zbo\u0159il.<\/p>\n<p>Sm\u011brem k\u00a0novin\u00e1\u0159\u016fm pak uvedl to, \u017ee je t\u0159eba, aby m\u011bli na pam\u011bti, \u017ee i  kdy\u017e se pokl\u00e1daj\u00ed za hl\u00eddac\u00ed psy demokracie, mohou se velmi \u010dasto st\u00e1t a  st\u00e1vaj\u00ed se sp\u00ed\u0161e hon\u00edc\u00edmi chrty re\u017eimu.<\/p>\n<p>N\u011bkolik des\u00edtek, v\u011bt\u0161inou sp\u00ed\u0161e star\u0161\u00edch lid\u00ed, kte\u0159\u00ed se semin\u00e1\u0159e  z\u00fa\u010dastnili, se pak je\u0161t\u011b n\u011bkolik dal\u0161\u00edch minut po posledn\u00edm vystoupen\u00ed  p\u0159edn\u00e1\u0161ej\u00edc\u00edch ptalo na r\u016fzn\u00e1 aktu\u00e1ln\u00ed t\u00e9mata, ale i t\u00e9mata, kter\u00e1 se  mohla zd\u00e1t zd\u00e1nliv\u011b nesouvisej\u00edc\u00ed. P\u0159ed osmou hodinou ve\u010dern\u00ed s\u00e1l,  v\u00a0kter\u00e9m se semin\u00e1\u0159 uskute\u010dnil, potemn\u011bl. Zase p\u0159\u00ed\u0161t\u011b\u2026<\/p>\n<p><a href=\"http:\/\/www.parlamentnilisty.cz\/zpravy\/kauzy\/-Do-prdele-jo-Pod-kridly-Klause-o-drzem-Moravcovi-ceskych-novinarich-a-Babisovi-s-Bakalou-296408\" target=\"_blank\">Zdroj<\/a><\/p>\n","protected":false},"excerpt":{"rendered":"<p>Sou\u010dasn\u00fd syst\u00e9m je destruovan\u00fd, prom\u011bna m\u00e9di\u00ed a jejich role dramatick\u00e1. Ukazuje se v\u0161ak, \u017ee p\u0159\u00edze\u0148 m\u00e9di\u00ed jak\u00e9koli politick\u00e9 stran\u011b i osobnosti v sou\u010dasn\u00e9 dob\u011b je sp\u00ed\u0161e polibkem smrti. I to jsou slova, kter\u00e1 zazn\u011bla v pond\u011bl\u00ed ve\u010der z \u00fast n\u011bkolika zn\u00e1m\u00fdch \u0159e\u010dn\u00edk\u016f na t\u00e9ma m\u00e9dia.<\/p>\n","protected":false},"author":1,"featured_media":0,"comment_status":"open","ping_status":"open","sticky":false,"template":"","format":"standard","meta":{"ngg_post_thumbnail":0,"footnotes":""},"categories":[11],"tags":[],"class_list":["post-4468","post","type-post","status-publish","format-standard","hentry","category-ozvena"],"_links":{"self":[{"href":"https:\/\/www.ladislavjakl.cz\/index.php?rest_route=\/wp\/v2\/posts\/4468","targetHints":{"allow":["GET"]}}],"collection":[{"href":"https:\/\/www.ladislavjakl.cz\/index.php?rest_route=\/wp\/v2\/posts"}],"about":[{"href":"https:\/\/www.ladislavjakl.cz\/index.php?rest_route=\/wp\/v2\/types\/post"}],"author":[{"embeddable":true,"href":"https:\/\/www.ladislavjakl.cz\/index.php?rest_route=\/wp\/v2\/users\/1"}],"replies":[{"embeddable":true,"href":"https:\/\/www.ladislavjakl.cz\/index.php?rest_route=%2Fwp%2Fv2%2Fcomments&post=4468"}],"version-history":[{"count":3,"href":"https:\/\/www.ladislavjakl.cz\/index.php?rest_route=\/wp\/v2\/posts\/4468\/revisions"}],"predecessor-version":[{"id":4473,"href":"https:\/\/www.ladislavjakl.cz\/index.php?rest_route=\/wp\/v2\/posts\/4468\/revisions\/4473"}],"wp:attachment":[{"href":"https:\/\/www.ladislavjakl.cz\/index.php?rest_route=%2Fwp%2Fv2%2Fmedia&parent=4468"}],"wp:term":[{"taxonomy":"category","embeddable":true,"href":"https:\/\/www.ladislavjakl.cz\/index.php?rest_route=%2Fwp%2Fv2%2Fcategories&post=4468"},{"taxonomy":"post_tag","embeddable":true,"href":"https:\/\/www.ladislavjakl.cz\/index.php?rest_route=%2Fwp%2Fv2%2Ftags&post=4468"}],"curies":[{"name":"wp","href":"https:\/\/api.w.org\/{rel}","templated":true}]}}