{"id":4474,"date":"2013-12-16T10:28:59","date_gmt":"2013-12-16T09:28:59","guid":{"rendered":"http:\/\/www.ladislavjakl.cz\/?p=4474"},"modified":"2013-12-16T10:28:59","modified_gmt":"2013-12-16T09:28:59","slug":"jakl-si-strili-z-ekologu-freony-uz-jste-jednou-popravili-ted-uz-to-na-ne-nehodite","status":"publish","type":"post","link":"https:\/\/www.ladislavjakl.cz\/?p=4474","title":{"rendered":"Jakl si st\u0159\u00edl\u00ed z ekolog\u016f: Freony u\u017e jste jednou popravili, te\u010f u\u017e to na n\u011b nehod\u00edte"},"content":{"rendered":"<p>B\u00fdval\u00fd tajemn\u00edk V\u00e1clava Klause a v\u011b\u010dn\u00fd provokat\u00e9r Ladislav Jakl si trop\u00ed  legraci z ekolog\u016f. Podle Jakla jsou jejich varov\u00e1n\u00ed zalo\u017een\u00e1 na jen  p\u0159edpokladech a nikoli na zku\u0161enostech, znalosti a rozumu. Popisuje, na  jak\u00fdch z\u00e1kladech jsou takov\u00e1 opat\u0159en\u00ed zalo\u017eena.<\/p>\n<p><!--more--><\/p>\n<p>Varov\u00e1n\u00ed ekolog\u016f apeluj\u00ed podle Jakla na p\u0159edb\u011b\u017enou opatrnost, proto\u017ee  s mo\u017en\u00fdmi d\u016fsledky ochlazov\u00e1n\u00ed \u010di oteplov\u00e1n\u00ed zku\u0161enosti nem\u00e1me.<\/p>\n<p>Z p\u0159edb\u011b\u017en\u00e9 opatrnosti byly zak\u00e1z\u00e1ny freony, proto\u017ee co kdyby <a id=\"anchorbbtBubble80\">mohly<\/a> za \u201evyvra\u017e\u010fov\u00e1n\u00ed&#8220; ozonu a zv\u011bt\u0161ov\u00e1n\u00ed ozonov\u00e9 d\u00edry, p\u00ed\u0161e Jakl na blogu  iDnes.cz. Stejn\u011b tak je to dle Jakla i s tvrzen\u00edm, \u017ee lid\u00e9 nesou vinu na  glob\u00e1ln\u00edm oteplov\u00e1n\u00ed. Podle Jakla se na takov\u00e9m p\u0159edb\u011b\u017en\u00e9m opat\u0159en\u00ed  v\u017edy n\u011bkdo po\u0159\u00e1dn\u011b napakoval.<\/p>\n<p>\u201eM\u00e1me tu ale probl\u00e9m nov\u00fd, dokonce kombinuj\u00edc\u00ed oba p\u0159edchoz\u00ed. Oz\u00f3nu po letech zase <a id=\"anchorbbtBubble133\">za\u010dalo<\/a> ub\u00fdvat, dokonce se v pol\u00e1rn\u00edch oblastech znovu mo\u017en\u00e1 ukazuje ozonov\u00e1  d\u00edrka, hroz\u00edc\u00ed dosp\u011bt do stadia d\u00edry. Freony jsou mimo podez\u0159en\u00ed, byly  u\u017e d\u0159\u00edve popraveny za jin\u00fd zlo\u010din, tak\u017ee maj\u00ed dokonal\u00e9 alibi. Vt\u00edr\u00e1 se  zl\u00e1 p\u0159edtucha: za \u00fabytek oz\u00f3nu m\u016f\u017ee pr\u00e1v\u011b za\u010d\u00ednaj\u00edc\u00ed ochlazov\u00e1n\u00ed. Oz\u00f3n  je toti\u017e teplomiln\u00fd a mr\u00e1z ho kos\u00ed,&#8220; zesm\u011b\u0161\u0148uje Jakl varov\u00e1n\u00ed ekolog\u016f a  ordinuje ozonu po\u0159\u00e1dn\u011b topit, oh\u0159\u00e1t p\u00f3ly, aby se ozon zotavil.<\/p>\n<p>Podle Jakla by bylo nam\u00edst\u011b \u201enetroj\u010dit&#8220; a necpat miliardy do  p\u0159edb\u011b\u017en\u00fdch opat\u0159en\u00ed, kdy\u017e jist\u011b nev\u00edme, co zp\u016fsobuje chov\u00e1n\u00ed p\u0159\u00edrody.<\/p>\n<p><a href=\"http:\/\/domaci.eurozpravy.cz\/politika\/83577-jakl-si-strili-z-ekologu-freony-uz-jste-jednou-popravili-ted-uz-to-na-ne-nehodite\/\" target=\"_blank\">Zdroj<\/a><\/p>\n","protected":false},"excerpt":{"rendered":"<p>B\u00fdval\u00fd tajemn\u00edk V\u00e1clava Klause a v\u011b\u010dn\u00fd provokat\u00e9r Ladislav Jakl si trop\u00ed legraci z ekolog\u016f. Podle Jakla jsou jejich varov\u00e1n\u00ed zalo\u017een\u00e1 na jen p\u0159edpokladech a nikoli na zku\u0161enostech, znalosti a rozumu. Popisuje, na jak\u00fdch z\u00e1kladech jsou takov\u00e1 opat\u0159en\u00ed zalo\u017eena.<\/p>\n","protected":false},"author":1,"featured_media":0,"comment_status":"open","ping_status":"open","sticky":false,"template":"","format":"standard","meta":{"ngg_post_thumbnail":0,"footnotes":""},"categories":[11],"tags":[],"class_list":["post-4474","post","type-post","status-publish","format-standard","hentry","category-ozvena"],"_links":{"self":[{"href":"https:\/\/www.ladislavjakl.cz\/index.php?rest_route=\/wp\/v2\/posts\/4474","targetHints":{"allow":["GET"]}}],"collection":[{"href":"https:\/\/www.ladislavjakl.cz\/index.php?rest_route=\/wp\/v2\/posts"}],"about":[{"href":"https:\/\/www.ladislavjakl.cz\/index.php?rest_route=\/wp\/v2\/types\/post"}],"author":[{"embeddable":true,"href":"https:\/\/www.ladislavjakl.cz\/index.php?rest_route=\/wp\/v2\/users\/1"}],"replies":[{"embeddable":true,"href":"https:\/\/www.ladislavjakl.cz\/index.php?rest_route=%2Fwp%2Fv2%2Fcomments&post=4474"}],"version-history":[{"count":1,"href":"https:\/\/www.ladislavjakl.cz\/index.php?rest_route=\/wp\/v2\/posts\/4474\/revisions"}],"predecessor-version":[{"id":4475,"href":"https:\/\/www.ladislavjakl.cz\/index.php?rest_route=\/wp\/v2\/posts\/4474\/revisions\/4475"}],"wp:attachment":[{"href":"https:\/\/www.ladislavjakl.cz\/index.php?rest_route=%2Fwp%2Fv2%2Fmedia&parent=4474"}],"wp:term":[{"taxonomy":"category","embeddable":true,"href":"https:\/\/www.ladislavjakl.cz\/index.php?rest_route=%2Fwp%2Fv2%2Fcategories&post=4474"},{"taxonomy":"post_tag","embeddable":true,"href":"https:\/\/www.ladislavjakl.cz\/index.php?rest_route=%2Fwp%2Fv2%2Ftags&post=4474"}],"curies":[{"name":"wp","href":"https:\/\/api.w.org\/{rel}","templated":true}]}}