{"id":4476,"date":"2013-12-16T10:32:37","date_gmt":"2013-12-16T09:32:37","guid":{"rendered":"http:\/\/www.ladislavjakl.cz\/?p=4476"},"modified":"2013-12-16T10:32:37","modified_gmt":"2013-12-16T09:32:37","slug":"jaklovo-kopyto-ventilatory-a-mok","status":"publish","type":"post","link":"https:\/\/www.ladislavjakl.cz\/?p=4476","title":{"rendered":"Jaklovo kopyto: ventil\u00e1tory a mok"},"content":{"rendered":"<p>&#8212;&#8211;Original Message&#8212;&#8211;<\/p>\n<p>From: Jan Hapl<\/p>\n<p>Sent: Thursday, December 12, 2013 10:10 AM<\/p>\n<p>To: Jakl Ladislav<\/p>\n<p><!--more--><\/p>\n<p>Subject: KLIMA: Bojujme s ochlazov\u00e1n\u00edm! &#8211; Neviditeln\u00fd pes<\/p>\n<p>Dobr\u00fd den pane Jakle, coby hudebn\u00edk o\u0161lehan\u00fd v\u011btry ventil\u00e1tor\u016f no\u010dn\u00edch a denn\u00edch lok\u00e1l\u016f ch\u00e1pu, \u017ee se dok\u00e1\u017eete vyj\u00e1d\u0159it kvalifikovan\u011b ke kvalit\u011b pivn\u00edho moku, ale k problematice klimatu se rad\u011bji nevyjad\u0159ujte &#8211; aspo\u0148 ne na ve\u0159ejnosti. To p\u0159enechte zas jin\u00fdm odborn\u00edk\u016fm. Plat\u00ed to star\u00e9 dobr\u00e9 \u010desk\u00e9 p\u0159\u00edslov\u00ed- \u0160EV\u010cE DR\u017d SE SV\u00c9HO KOPITA.<\/p>\n<p>S pozdravem<\/p>\n<p><a href=\"http:\/\/neviditelnypes.lidovky.cz\/klima-bojujme-s-ochlazovanim-dia-\/p_klima.aspx?c=A131210_194602_p_klima_wag\" target=\"_blank\">http:\/\/neviditelnypes.lidovky.cz\/klima-bojujme-s-ochlazovanim-dia-\/p_klima.aspx?c=A131210_194602_p_klima_wag<\/a><\/p>\n<p>Dobr\u00fd den.<\/p>\n<p>J\u00e1 jsem se n\u011bkdy v \u017eivot\u011b vyjad\u0159oval ke klimatu? Nikoli. Vyjad\u0159uji se k politice a spole\u010densk\u00e9 debat\u011b. Mysl\u00edm, \u017ee v\u00e1m nevad\u00ed, kdy\u017e se n\u011bkdo &#8222;nedr\u017e\u00ed kopyta&#8220;. V\u00fdroky i v r\u00e1mci tohoto t\u00e9matu v\u00e1m nijak nevad\u00ed od politik\u016f, \u017eelezni\u010d\u00e1\u0159\u016f, zp\u011bv\u00e1k\u016f \u010di herc\u016f, jen kdy\u017e v\u00e1m konvenuj\u00ed.<\/p>\n<p>V t\u00e9to debat\u011b o klima nejde. Jde pr\u00e1v\u011b o fenom\u00e9n &#8222;p\u0159edb\u011b\u017en\u00e9 opatrnosti&#8220;. Na to je odborn\u00edkem ka\u017ed\u00fd, kdo \u017eije a mysl\u00ed. Ka\u017ed\u00fd v\u00ed, \u017ee opatrnost je pro p\u0159e\u017eit\u00ed d\u016fle\u017eit\u00e1. Ale mus\u00ed to b\u00fdt opatrnost p\u0159im\u011b\u0159en\u00e1.  Princip p\u0159edb\u011b\u017en\u00e9 opatrnosti stav\u00ed skute\u010dnou opatrnost \u00fapln\u011b na hlavu. Jednak ru\u0161\u00ed p\u0159im\u011b\u0159enost (ano, za ka\u017ed\u00fdm rohem m\u016f\u017ee b\u00fdt lev, tak\u017ee rad\u011bji nikam necho\u010fme, co kdyby), jednak je vnit\u0159n\u011b rozporn\u00fd, pop\u00edr\u00e1 s\u00e1m sebe. S odvol\u00e1n\u00edm na princip p\u0159edb\u011b\u017en\u00e9 opatrnosti se d\u011blaj\u00ed rozhodnut\u00ed velmi neopatrn\u00e1 a zbrkl\u00e1, a o tom jsem psal. Na co m\u00e1 b\u00fdt \u010dlov\u011bk odborn\u00edkem, aby sm\u011bl napsat fejeton o opatrnosti?<\/p>\n<p>Soudob\u00e1 &#8222;klimatick\u00e1&#8220; debata v\u016fbec nen\u00ed o klimatu. V\u017edy\u0165 i IPCC je politick\u00fd, ne odborn\u00fd org\u00e1n. Ta debata je o politick\u00fdch rozhodnut\u00edch. Proto nepat\u0159\u00ed &#8222;odborn\u00edk\u016fm&#8220;, kte\u0159\u00ed jsou t\u00edm l\u00e9pe placeni, \u010d\u00edm  v\u00edce stra\u0161\u00ed (u\u017e od dob \u0161aman\u016f). Pat\u0159\u00ed cel\u00e9 ve\u0159ejnosti, proto\u017ee jde o jejich pen\u00edze a svobodu.<\/p>\n<p>A na z\u00e1v\u011br: v\u00e1\u0161 vl\u00eddn\u00fd dopis nen\u00ed ni\u010d\u00edm jin\u00fdm ne\u017e pokusem o uml\u010dov\u00e1n\u00ed. Klidn\u011b pi\u0161t\u011b polemiku, nesouhlaste, ale pro\u010d mi chcete selektovat t\u00e9mata m\u00fdch blog\u016f? Pod\u00edvejte se na ostatn\u00ed. Ka\u017ed\u00fd p\u00ed\u0161e o\u00a0 \u010demkoli a je to dob\u0159e. Ka\u017ed\u00fd asi sm\u00ed, ale j\u00e1 podle v\u00e1s ne.<\/p>\n<p>Zdrav\u00ed L. Jakl<\/p>\n","protected":false},"excerpt":{"rendered":"<p>&#8212;&#8211;Original Message&#8212;&#8211; From: Jan Hapl Sent: Thursday, December 12, 2013 10:10 AM To: Jakl Ladislav<\/p>\n","protected":false},"author":1,"featured_media":0,"comment_status":"open","ping_status":"open","sticky":false,"template":"","format":"standard","meta":{"ngg_post_thumbnail":0,"footnotes":""},"categories":[6],"tags":[],"class_list":["post-4476","post","type-post","status-publish","format-standard","hentry","category-co-jsem-nerekl"],"_links":{"self":[{"href":"https:\/\/www.ladislavjakl.cz\/index.php?rest_route=\/wp\/v2\/posts\/4476","targetHints":{"allow":["GET"]}}],"collection":[{"href":"https:\/\/www.ladislavjakl.cz\/index.php?rest_route=\/wp\/v2\/posts"}],"about":[{"href":"https:\/\/www.ladislavjakl.cz\/index.php?rest_route=\/wp\/v2\/types\/post"}],"author":[{"embeddable":true,"href":"https:\/\/www.ladislavjakl.cz\/index.php?rest_route=\/wp\/v2\/users\/1"}],"replies":[{"embeddable":true,"href":"https:\/\/www.ladislavjakl.cz\/index.php?rest_route=%2Fwp%2Fv2%2Fcomments&post=4476"}],"version-history":[{"count":1,"href":"https:\/\/www.ladislavjakl.cz\/index.php?rest_route=\/wp\/v2\/posts\/4476\/revisions"}],"predecessor-version":[{"id":4477,"href":"https:\/\/www.ladislavjakl.cz\/index.php?rest_route=\/wp\/v2\/posts\/4476\/revisions\/4477"}],"wp:attachment":[{"href":"https:\/\/www.ladislavjakl.cz\/index.php?rest_route=%2Fwp%2Fv2%2Fmedia&parent=4476"}],"wp:term":[{"taxonomy":"category","embeddable":true,"href":"https:\/\/www.ladislavjakl.cz\/index.php?rest_route=%2Fwp%2Fv2%2Fcategories&post=4476"},{"taxonomy":"post_tag","embeddable":true,"href":"https:\/\/www.ladislavjakl.cz\/index.php?rest_route=%2Fwp%2Fv2%2Ftags&post=4476"}],"curies":[{"name":"wp","href":"https:\/\/api.w.org\/{rel}","templated":true}]}}