{"id":4478,"date":"2013-12-16T10:33:34","date_gmt":"2013-12-16T09:33:34","guid":{"rendered":"http:\/\/www.ladislavjakl.cz\/?p=4478"},"modified":"2013-12-16T10:33:34","modified_gmt":"2013-12-16T09:33:34","slug":"provokater-jakl-se-trese-na-vysledek-babisova-soudu","status":"publish","type":"post","link":"https:\/\/www.ladislavjakl.cz\/?p=4478","title":{"rendered":"Provokat\u00e9r Jakl se t\u0159ese na v\u00fdsledek Babi\u0161ova soudu"},"content":{"rendered":"<p>Poslanec za hnut\u00ed ANO 2011 Ji\u0159\u00ed Zlatu\u0161ka ohromil sv\u00fdm v\u00fdrokem div\u00e1ky  \u010cesk\u00e9 televize. K jeho slov\u016fm se vyj\u00e1d\u0159il i b\u00fdval\u00fd tajemn\u00edk V\u00e1clava  Klause Ladislav Jakl, kter\u00fd je zn\u00e1m pro sv\u016fj r\u00fdpav\u00fd humor.<\/p>\n<p><!--more--><\/p>\n<p>B\u00fdval\u00fd rektor Masarykovy univerzity v Brn\u011b a sou\u010dasn\u00fd poslanec Ji\u0159\u00ed  Zlatu\u0161ka v Hyde parku \u010cesk\u00e9 televize promluvil i k t\u00e9matu \u00fadajn\u00e9  spolupr\u00e1ce p\u0159edsedy hnut\u00ed ANO 2011 Andreje Babi\u0161e s StB, kterou \u0159e\u0161\u00ed  bratislavsk\u00fd soud.<\/p>\n<p>\u201eJ\u00e1 jsem ty matri\u00e1ly vid\u011bl a ta mo\u017enost odsuzuj\u00edc\u00edho v\u00fdroku soudu je tak mal\u00e1, \u017ee tady <a id=\"anchorbbtBubble100\">mohu<\/a> snad sl\u00edbit, \u017ee se ob\u011bs\u00edm, pokud na n\u011bj dojde. J\u00e1 toti\u017e v\u011b\u0159\u00edm, \u017ee na n\u011bj nedojde,&#8220; uvedl k Babi\u0161ovu soudu Zlatu\u0161ka.<\/p>\n<p>Ladislav Jakl si neodpustil r\u00fdpavou pozn\u00e1mku na \u00fa\u010det obou zmi\u0148ovan\u00fdch: \u201eDv\u011b mouchy jednou ranou. Skv\u011bl\u00e1 zpr\u00e1va.&#8220;<\/p>\n<p><a href=\"http:\/\/domaci.eurozpravy.cz\/politika\/83646-provokater-jakl-se-trese-na-vysledek-babisova-soudu\/\" target=\"_blank\">Zdroj<\/a><\/p>\n","protected":false},"excerpt":{"rendered":"<p>Poslanec za hnut\u00ed ANO 2011 Ji\u0159\u00ed Zlatu\u0161ka ohromil sv\u00fdm v\u00fdrokem div\u00e1ky \u010cesk\u00e9 televize. K jeho slov\u016fm se vyj\u00e1d\u0159il i b\u00fdval\u00fd tajemn\u00edk V\u00e1clava Klause Ladislav Jakl, kter\u00fd je zn\u00e1m pro sv\u016fj r\u00fdpav\u00fd humor.<\/p>\n","protected":false},"author":1,"featured_media":0,"comment_status":"open","ping_status":"open","sticky":false,"template":"","format":"standard","meta":{"ngg_post_thumbnail":0,"footnotes":""},"categories":[11],"tags":[],"class_list":["post-4478","post","type-post","status-publish","format-standard","hentry","category-ozvena"],"_links":{"self":[{"href":"https:\/\/www.ladislavjakl.cz\/index.php?rest_route=\/wp\/v2\/posts\/4478","targetHints":{"allow":["GET"]}}],"collection":[{"href":"https:\/\/www.ladislavjakl.cz\/index.php?rest_route=\/wp\/v2\/posts"}],"about":[{"href":"https:\/\/www.ladislavjakl.cz\/index.php?rest_route=\/wp\/v2\/types\/post"}],"author":[{"embeddable":true,"href":"https:\/\/www.ladislavjakl.cz\/index.php?rest_route=\/wp\/v2\/users\/1"}],"replies":[{"embeddable":true,"href":"https:\/\/www.ladislavjakl.cz\/index.php?rest_route=%2Fwp%2Fv2%2Fcomments&post=4478"}],"version-history":[{"count":1,"href":"https:\/\/www.ladislavjakl.cz\/index.php?rest_route=\/wp\/v2\/posts\/4478\/revisions"}],"predecessor-version":[{"id":4479,"href":"https:\/\/www.ladislavjakl.cz\/index.php?rest_route=\/wp\/v2\/posts\/4478\/revisions\/4479"}],"wp:attachment":[{"href":"https:\/\/www.ladislavjakl.cz\/index.php?rest_route=%2Fwp%2Fv2%2Fmedia&parent=4478"}],"wp:term":[{"taxonomy":"category","embeddable":true,"href":"https:\/\/www.ladislavjakl.cz\/index.php?rest_route=%2Fwp%2Fv2%2Fcategories&post=4478"},{"taxonomy":"post_tag","embeddable":true,"href":"https:\/\/www.ladislavjakl.cz\/index.php?rest_route=%2Fwp%2Fv2%2Ftags&post=4478"}],"curies":[{"name":"wp","href":"https:\/\/api.w.org\/{rel}","templated":true}]}}