{"id":4505,"date":"2013-12-30T19:06:21","date_gmt":"2013-12-30T18:06:21","guid":{"rendered":"http:\/\/www.ladislavjakl.cz\/?p=4505"},"modified":"2013-12-30T19:06:21","modified_gmt":"2013-12-30T18:06:21","slug":"prezident-zeman-projev-nepresunul-zrusil-ho","status":"publish","type":"post","link":"https:\/\/www.ladislavjakl.cz\/?p=4505","title":{"rendered":"Prezident Zeman projev nep\u0159esunul, zru\u0161il ho"},"content":{"rendered":"<p>Prezident Milo\u0161 Zeman \u0159\u00edk\u00e1, \u017ee v\u00e1no\u010dn\u00edm term\u00ednem sv\u00e9ho televizn\u00edho vystoupen\u00ed navazuje na Masaryka. Nejde ale o term\u00edn, n\u00fdbr\u017e o \u017e\u00e1nr.<\/p>\n<p><!--more--><\/p>\n<p>Na jakou tradici Zeman navazuje, kdy\u017e vlastn\u011b zcela zru\u0161il skute\u010dn\u00fd projev hlavy st\u00e1tu o na\u0161\u00ed zemi, o spole\u010dnosti, o dob\u011b, o sm\u011bru, kudy j\u00edt?\u00a0Na jakou tradi<span>ci nav\u00e1zal, kdy\u017e v\u00e1\u017en\u00fd projev nahradil pouh\u00fdm nez\u00e1vazn\u00fdm pozdravem pln\u00fdm sebechv\u00e1ly? Leda s\u00e1m na sebe, kdy\u017e u\u017e hlavn\u00ed projev roku, tedy ke st\u00e1tn\u00edmu sv\u00e1tku 28. \u0159\u00edjna, nahradil pouhou obhajobou sv\u00fdch rozhodnut\u00ed o medail\u00edch.\u00a0Zeman se pr\u00e1ci vyh\u00fdb\u00e1. \u010cinnost vlastn\u00edho \u00fa\u0159adu ho nezaj\u00edm\u00e1, profesury hodil na ministra, milosti proti\u00fastavn\u011b tak\u00e9 na ministra, pov\u00edda\u010dky o sledov\u00e1n\u00ed legislativn\u00edho procesu z\u016fstaly u ledu, sliby o n\u00e1v\u0161t\u011bv\u00e1ch vl\u00e1dy tak\u00e9.\u00a0Pro na\u0161e prezidenty byly novoro\u010dn\u00ed projevy v\u017edy povinnost\u00ed, z\u00e1vazkem v\u016f\u010di ve\u0159ejnosti. Nelze je nahradit pov\u00edd\u00e1n\u00edm o tom, jak se prezidentovi l\u00edb\u00ed v kancel\u00e1\u0159i. <\/span><\/p>\n<p><span> Jestli se prezident Zeman nec\u00edtil na \u017eiv\u00fd projev po Silvestru, mohl ho po Havlov\u011b a Hus\u00e1kov\u011b vzoru p\u0159edto\u010dit a nast\u0159\u00edhat. Ale nem\u011bl se tomuto \u00fakolu vyhnout.<\/span><\/p>\n<p><span>L. J.<\/span><\/p>\n","protected":false},"excerpt":{"rendered":"<p>Prezident Milo\u0161 Zeman \u0159\u00edk\u00e1, \u017ee v\u00e1no\u010dn\u00edm term\u00ednem sv\u00e9ho televizn\u00edho vystoupen\u00ed navazuje na Masaryka. Nejde ale o term\u00edn, n\u00fdbr\u017e o \u017e\u00e1nr.<\/p>\n","protected":false},"author":1,"featured_media":0,"comment_status":"open","ping_status":"open","sticky":false,"template":"","format":"standard","meta":{"ngg_post_thumbnail":0,"footnotes":""},"categories":[18],"tags":[],"class_list":["post-4505","post","type-post","status-publish","format-standard","hentry","category-postrehy"],"_links":{"self":[{"href":"https:\/\/www.ladislavjakl.cz\/index.php?rest_route=\/wp\/v2\/posts\/4505","targetHints":{"allow":["GET"]}}],"collection":[{"href":"https:\/\/www.ladislavjakl.cz\/index.php?rest_route=\/wp\/v2\/posts"}],"about":[{"href":"https:\/\/www.ladislavjakl.cz\/index.php?rest_route=\/wp\/v2\/types\/post"}],"author":[{"embeddable":true,"href":"https:\/\/www.ladislavjakl.cz\/index.php?rest_route=\/wp\/v2\/users\/1"}],"replies":[{"embeddable":true,"href":"https:\/\/www.ladislavjakl.cz\/index.php?rest_route=%2Fwp%2Fv2%2Fcomments&post=4505"}],"version-history":[{"count":1,"href":"https:\/\/www.ladislavjakl.cz\/index.php?rest_route=\/wp\/v2\/posts\/4505\/revisions"}],"predecessor-version":[{"id":4506,"href":"https:\/\/www.ladislavjakl.cz\/index.php?rest_route=\/wp\/v2\/posts\/4505\/revisions\/4506"}],"wp:attachment":[{"href":"https:\/\/www.ladislavjakl.cz\/index.php?rest_route=%2Fwp%2Fv2%2Fmedia&parent=4505"}],"wp:term":[{"taxonomy":"category","embeddable":true,"href":"https:\/\/www.ladislavjakl.cz\/index.php?rest_route=%2Fwp%2Fv2%2Fcategories&post=4505"},{"taxonomy":"post_tag","embeddable":true,"href":"https:\/\/www.ladislavjakl.cz\/index.php?rest_route=%2Fwp%2Fv2%2Ftags&post=4505"}],"curies":[{"name":"wp","href":"https:\/\/api.w.org\/{rel}","templated":true}]}}