{"id":4510,"date":"2014-01-02T15:31:49","date_gmt":"2014-01-02T14:31:49","guid":{"rendered":"http:\/\/www.ladislavjakl.cz\/?p=4510"},"modified":"2014-01-02T15:31:49","modified_gmt":"2014-01-02T14:31:49","slug":"jakl-kritizuje-zemana-kvuli-novorocnimu-projevu-vyhyba-se","status":"publish","type":"post","link":"https:\/\/www.ladislavjakl.cz\/?p=4510","title":{"rendered":"Jakl kritizuje Zemana kv\u016fli novoro\u010dn\u00edmu projevu: Vyh\u00fdb\u00e1 se"},"content":{"rendered":"<p>Prezident Zeman projev nep\u0159esunul, zru\u0161il ho, tvrd\u00ed spolupracovn\u00edk V\u00e1clava Klause a jeho b\u00fdval\u00fd tajemn\u00edk Ladislav Jakl. Oponuje tak Zemanov\u011b argumentu, \u017ee jen zm\u011bnil datum sv\u00e9ho televizn\u00edho vystoupen\u00ed.<\/p>\n<p><!--more--><\/p>\n<p>Prezident Milo\u0161 Zeman \u0159\u00edk\u00e1, \u017ee v\u00e1no\u010dn\u00edm term\u00ednem sv\u00e9ho televizn\u00edho vystoupen\u00ed navazuje na prvn\u00edho \u010deskoslovensk\u00e9ho prezidenta Tom\u00e1\u0161e G. Masaryka, kdy\u017e zru\u0161il tradici novoro\u010dn\u00edho projevu zavedenou Klementem Gottwaldem a obnovil tradici Masarykov\u00fdch &#8222;v\u00e1no\u010dn\u00edch poselstv\u00ed&#8220;.<\/p>\n<p>Podle Jakla ale nejde o term\u00edn, n\u00fdbr\u017e o \u017e\u00e1nr.<\/p>\n<p>&#8222;Na jakou tradici Zeman navazuje, kdy\u017e vlastn\u011b zcela zru\u0161il skute\u010dn\u00fd projev hlavy st\u00e1tu o na\u0161\u00ed zemi, o spole\u010dnosti, o dob\u011b, o sm\u011bru, kudy j\u00edt? Na jakou tradici nav\u00e1zal, kdy\u017e v\u00e1\u017en\u00fd projev nahradil pouh\u00fdm nez\u00e1vazn\u00fdm pozdravem pln\u00fdm sebechv\u00e1ly?&#8220; pt\u00e1 se Jakl ve sv\u00e9m kr\u00e1tk\u00e9m zamy\u0161len\u00ed.<\/p>\n<p>H\u00e1jek kritizuje Zemana: Je pohodln\u00fd, vyh\u00fdb\u00e1 se pr\u00e1ci<\/p>\n<p>Nav\u00e1zal tak podle n\u011bho leda s\u00e1m na sebe, kdy\u017e u\u017e hlavn\u00ed projev roku, tedy projev ke st\u00e1tn\u00edmu sv\u00e1tku 28. \u0159\u00edjna, nahradil pouhou obhajobou sv\u00fdch rozhodnut\u00ed o medail\u00edch.<\/p>\n<p>&#8222;Zeman se pr\u00e1ci vyh\u00fdb\u00e1. \u010cinnost vlastn\u00edho \u00fa\u0159adu ho nezaj\u00edm\u00e1, profesury hodil na ministra, milosti proti\u00fastavn\u011b tak\u00e9 na ministra, pov\u00edda\u010dky o sledov\u00e1n\u00ed legislativn\u00edho procesu z\u016fstaly u ledu, sliby o n\u00e1v\u0161t\u011bv\u00e1ch vl\u00e1dy tak\u00e9. Pro na\u0161e prezidenty byly novoro\u010dn\u00ed projevy v\u017edy povinnost\u00ed, z\u00e1vazkem v\u016f\u010di ve\u0159ejnosti. Nelze je nahradit pov\u00edd\u00e1n\u00edm o tom, jak se prezidentovi l\u00edb\u00ed v kancel\u00e1\u0159i,&#8220; je p\u0159esv\u011bd\u010den b\u00fdval\u00fd \u0159editel politick\u00e9ho odboru prezidenta republiky.<\/p>\n<p>A dod\u00e1v\u00e1: &#8222;Jestli se prezident Zeman nec\u00edtil na \u017eiv\u00fd projev po Silvestru, mohl ho po Havlov\u011b a Hus\u00e1kov\u011b vzoru p\u0159edto\u010dit a nast\u0159\u00edhat. Ale nem\u011bl se tomuto \u00fakolu vyhnout.&#8220;<\/p>\n<p><a href=\"http:\/\/www.prvnizpravy.cz\/zpravy\/politika\/jakl-kritizuje-zemana-kvuli-novorocnimu-projevu-vyhyba-se-praci\/\" target=\"_blank\">Zdroj<\/a><\/p>\n","protected":false},"excerpt":{"rendered":"<p>Prezident Zeman projev nep\u0159esunul, zru\u0161il ho, tvrd\u00ed spolupracovn\u00edk V\u00e1clava Klause a jeho b\u00fdval\u00fd tajemn\u00edk Ladislav Jakl. Oponuje tak Zemanov\u011b argumentu, \u017ee jen zm\u011bnil datum sv\u00e9ho televizn\u00edho vystoupen\u00ed.<\/p>\n","protected":false},"author":1,"featured_media":0,"comment_status":"open","ping_status":"open","sticky":false,"template":"","format":"standard","meta":{"ngg_post_thumbnail":0,"footnotes":""},"categories":[11],"tags":[],"class_list":["post-4510","post","type-post","status-publish","format-standard","hentry","category-ozvena"],"_links":{"self":[{"href":"https:\/\/www.ladislavjakl.cz\/index.php?rest_route=\/wp\/v2\/posts\/4510","targetHints":{"allow":["GET"]}}],"collection":[{"href":"https:\/\/www.ladislavjakl.cz\/index.php?rest_route=\/wp\/v2\/posts"}],"about":[{"href":"https:\/\/www.ladislavjakl.cz\/index.php?rest_route=\/wp\/v2\/types\/post"}],"author":[{"embeddable":true,"href":"https:\/\/www.ladislavjakl.cz\/index.php?rest_route=\/wp\/v2\/users\/1"}],"replies":[{"embeddable":true,"href":"https:\/\/www.ladislavjakl.cz\/index.php?rest_route=%2Fwp%2Fv2%2Fcomments&post=4510"}],"version-history":[{"count":1,"href":"https:\/\/www.ladislavjakl.cz\/index.php?rest_route=\/wp\/v2\/posts\/4510\/revisions"}],"predecessor-version":[{"id":4511,"href":"https:\/\/www.ladislavjakl.cz\/index.php?rest_route=\/wp\/v2\/posts\/4510\/revisions\/4511"}],"wp:attachment":[{"href":"https:\/\/www.ladislavjakl.cz\/index.php?rest_route=%2Fwp%2Fv2%2Fmedia&parent=4510"}],"wp:term":[{"taxonomy":"category","embeddable":true,"href":"https:\/\/www.ladislavjakl.cz\/index.php?rest_route=%2Fwp%2Fv2%2Fcategories&post=4510"},{"taxonomy":"post_tag","embeddable":true,"href":"https:\/\/www.ladislavjakl.cz\/index.php?rest_route=%2Fwp%2Fv2%2Ftags&post=4510"}],"curies":[{"name":"wp","href":"https:\/\/api.w.org\/{rel}","templated":true}]}}