{"id":453,"date":"2010-07-22T13:54:30","date_gmt":"2010-07-22T12:54:30","guid":{"rendered":"http:\/\/www.ladislavjakl.cz\/?p=453"},"modified":"2010-07-28T15:56:09","modified_gmt":"2010-07-28T14:56:09","slug":"bartova-modni-policie","status":"publish","type":"post","link":"https:\/\/www.ladislavjakl.cz\/?p=453","title":{"rendered":"B\u00e1rtova m\u00f3dn\u00ed policie"},"content":{"rendered":"<p>B\u00fdval\u00fd poslanec, kn\u011bz, sen\u00e1tor a hlavn\u011b velmi koloristn\u00ed figurka podpalub\u00ed \u010desk\u00e9 spole\u010densk\u00e9 a politick\u00e9 sc\u00e9ny Zden\u011bk B\u00e1rta se kone\u010dn\u011b na\u0161el. Bude fungovat jako org\u00e1n m\u00f3dn\u00ed policie ve\u0159ejn\u00e9ho \u017eivota.<\/p>\n<p><!--more-->U\u017e jsme o nich sly\u0161eli. P\u00ed\u0161ou v\u00a0r\u016fzn\u00fdch bulv\u00e1rech o proh\u0159e\u0161c\u00edch celebrit v obl\u00e9k\u00e1n\u00ed. B\u00e1rta si pro za\u010d\u00e1tek na\u0161el snadn\u00fd ter\u010d a to sice mne. J\u00e1 se nejl\u00e9pe c\u00edt\u00edm oble\u010den\u00fd jako bezdomovec, na mn\u011b si smlsne ka\u017ed\u00fd m\u00f3dn\u00ed policajt. Za komunist\u016f m\u011b policajti opravdov\u00ed honili s\u00a0n\u016f\u017ekami a na \u0161kol\u00e1ch mi zakazovali obl\u00edben\u00e1 trika, pan B\u00e1rta v\u00a0t\u00e9to \u010destn\u00e9 tradici bol\u0161evick\u00e9 buzerace hrd\u011b pokra\u010duje.<\/p>\n<p>Postavil sv\u016fj \u010dl\u00e1nek koluj\u00edc\u00ed po internetu (<a href=\"http:\/\/www.denikreferendum.cz\/clanek\/4933-zvykame-si-opet-postupne-na-hnedou\">http:\/\/www.denikreferendum.cz\/clanek\/4933-zvykame-si-opet-postupne-na-hnedou<\/a>) na tom, \u017ee jsem promluvil na demonstraci hnut\u00ed D.O.S.T. oble\u010den\u00fd v\u00a0hn\u011bd\u00e9m. A pokra\u010duje, \u017ee jsem tak byl oble\u010den v\u00a0tradi\u010dn\u00e9 barv\u011b my\u0161lenkov\u00e9ho sm\u011bru, kter\u00fd jsem p\u0159i\u0161el podpo\u0159it.<\/p>\n<p>B\u00e1rta pak kup\u00ed hromadu dal\u0161\u00edch sprost\u00fdch ur\u00e1\u017eek a pomluv, kdy\u017e mne a iniciativu D.O.S.T. d\u00e1v\u00e1 do souvislosti s\u00a0nacisty, rasisty, xenofoby, antisemity, fa\u0161isty, neofa\u0161isty, zjevn\u00fdmi neonacisty, holohlavci a tak d\u00e1l. Nem\u00e1 jedin\u00fd argument, sv\u00e9 sprostoty neop\u00edr\u00e1 o jedin\u00fd doklad podobn\u00fdch tendenc\u00ed. Sta\u010d\u00ed mu barva oble\u010den\u00ed. B\u00e1rta n\u00e1s v\u00edt\u00e1 v\u00a0nov\u00fdch omyvateln\u00fdch \u010dasech, kdy n\u00e1s boj\u016fvky podobn\u00fdch fanatik\u016f budou odchyt\u00e1vat na ulici, strh\u00e1vat n\u00e1m \u0161aty a navl\u00e9kat n\u00e1s do schv\u00e1len\u00fdch uniforem.<\/p>\n<p>Nen\u00ed divu, \u017ee tento B\u00e1rt\u016fv text prezentovala na sv\u00e9m blogu jak\u00e1si pan\u00ed Tydlit\u00e1tov\u00e1, kter\u00e1 inspirovala iniciativu Zelen\u00e1 levice, vyz\u00fdvaj\u00edc\u00ed k\u00a0fyzick\u00e9 likvidaci, k\u00a0post\u0159\u00edlen\u00ed, pov\u011b\u0161en\u00ed a sp\u00e1len\u00ed des\u00edtek konzervativn\u00edch osobnost\u00ed v\u010detn\u011b mne. Aspo\u0148 v\u00edme, jak\u00fdmi podzemn\u00edmi vodami je nap\u00e1jena politicky korektn\u00ed agresivita lid\u00ed jako je B\u00e1rta a Tydlit\u00e1tov\u00e1.<\/p>\n<p>Mimochodem, to m\u00e9 oble\u010den\u00ed je \u010dern\u00e9. Ob\u00e1v\u00e1m se ale, \u017ee ani \u010dern\u00e1 by u B\u00e1rtovy m\u00f3dn\u00ed policie nepro\u0161la.<\/p>\n<p>L. J. ps\u00e1no pro iDnes<\/p>\n","protected":false},"excerpt":{"rendered":"<p>B\u00fdval\u00fd poslanec, kn\u011bz, sen\u00e1tor a hlavn\u011b velmi koloristn\u00ed figurka podpalub\u00ed \u010desk\u00e9 spole\u010densk\u00e9 a politick\u00e9 sc\u00e9ny Zden\u011bk B\u00e1rta se kone\u010dn\u011b na\u0161el. Bude fungovat jako org\u00e1n m\u00f3dn\u00ed policie ve\u0159ejn\u00e9ho \u017eivota.<\/p>\n","protected":false},"author":1,"featured_media":0,"comment_status":"open","ping_status":"open","sticky":false,"template":"","format":"standard","meta":{"ngg_post_thumbnail":0,"footnotes":""},"categories":[6],"tags":[],"class_list":["post-453","post","type-post","status-publish","format-standard","hentry","category-co-jsem-nerekl"],"_links":{"self":[{"href":"https:\/\/www.ladislavjakl.cz\/index.php?rest_route=\/wp\/v2\/posts\/453","targetHints":{"allow":["GET"]}}],"collection":[{"href":"https:\/\/www.ladislavjakl.cz\/index.php?rest_route=\/wp\/v2\/posts"}],"about":[{"href":"https:\/\/www.ladislavjakl.cz\/index.php?rest_route=\/wp\/v2\/types\/post"}],"author":[{"embeddable":true,"href":"https:\/\/www.ladislavjakl.cz\/index.php?rest_route=\/wp\/v2\/users\/1"}],"replies":[{"embeddable":true,"href":"https:\/\/www.ladislavjakl.cz\/index.php?rest_route=%2Fwp%2Fv2%2Fcomments&post=453"}],"version-history":[{"count":3,"href":"https:\/\/www.ladislavjakl.cz\/index.php?rest_route=\/wp\/v2\/posts\/453\/revisions"}],"predecessor-version":[{"id":455,"href":"https:\/\/www.ladislavjakl.cz\/index.php?rest_route=\/wp\/v2\/posts\/453\/revisions\/455"}],"wp:attachment":[{"href":"https:\/\/www.ladislavjakl.cz\/index.php?rest_route=%2Fwp%2Fv2%2Fmedia&parent=453"}],"wp:term":[{"taxonomy":"category","embeddable":true,"href":"https:\/\/www.ladislavjakl.cz\/index.php?rest_route=%2Fwp%2Fv2%2Fcategories&post=453"},{"taxonomy":"post_tag","embeddable":true,"href":"https:\/\/www.ladislavjakl.cz\/index.php?rest_route=%2Fwp%2Fv2%2Ftags&post=453"}],"curies":[{"name":"wp","href":"https:\/\/api.w.org\/{rel}","templated":true}]}}