{"id":4540,"date":"2014-01-20T14:03:50","date_gmt":"2014-01-20T13:03:50","guid":{"rendered":"http:\/\/www.ladislavjakl.cz\/?p=4540"},"modified":"2014-01-20T14:03:50","modified_gmt":"2014-01-20T13:03:50","slug":"ladislav-jakl-postavit-blobotnici-klidne-ale-za-svy","status":"publish","type":"post","link":"https:\/\/www.ladislavjakl.cz\/?p=4540","title":{"rendered":"Ladislav Jakl: Postavit blobotnici? Klidn\u011b, ale za sv\u00fd."},"content":{"rendered":"<p>Ptali se m\u011b n\u011bkte\u0159\u00ed novin\u00e1\u0159i, co \u0159\u00edk\u00e1m iniciativ\u011b aspiranta na k\u0159eslo ministra kultury ve vl\u00e1d\u011b Agrofertu pana Hermana p\u0159ece jen postavit novou budovu N\u00e1rodn\u00ed knihovny podle n\u00e1vrhu architekta Kaplick\u00e9ho. P\u016fvodn\u011b jsem je cht\u011bl odb\u00fdt v\u011btou, \u017ee podle pravomocn\u00e9ho v\u00fdroku soudu ten n\u00e1vrh v sout\u011b\u017ei zv\u00edt\u011bzil neopr\u00e1vn\u011bn\u011b a p\u0159\u00edslu\u0161n\u00e1 komise pod veden\u00edm n\u011bkdej\u0161\u00ed Kaplick\u00e9ho partnerky Ji\u0159i\u010dn\u00e9 hrub\u011b poru\u0161ila zadan\u00e9 regule.<\/p>\n<p><!--more--><\/p>\n<p>Ale nakonec jsem zareagoval takto:<br \/>\n&#8222;Pokud na to pan\u00ed Paroubkov\u00e1 u\u017e vybrala pot\u0159ebn\u00fdch 8 miliard v r\u00e1mci sv\u00e9 hlasit\u011b vytrouben\u00e9 sb\u00edrky, tak pro\u010d ne. (Mimochodem, ptal se j\u00ed v\u016fbec n\u011bkdy n\u011bkdo, kolik vybrala a co s t\u011bmi pen\u011bzi nyn\u00ed je?) Ale z ve\u0159ejn\u00fdch pen\u011bz se nic takov\u00e9ho stav\u011bt nesm\u00ed. N\u00e1rodn\u00ed knihovna pot\u0159ebuje  p\u0159edev\u0161\u00edm kompletn\u011b rekonstruovat Klementinum. A pak mo\u017en\u00e1 modern\u00ed funk\u010dn\u00ed depozit\u00e1\u0159e  na kraji m\u011bsta. Nepot\u0159ebuje stav\u011bt miliardovou exhibici, kter\u00e1 naprosto pohrd\u00e1 sv\u00fdm \u00fa\u010delem. Kaplick\u00e9ho projekt, to jsou knihy nesmysln\u011b zahraban\u00e9 pod zem a na nich vzty\u010den\u00e1 neu\u017eite\u010dn\u00e1 bakelitov\u00e1 \u010depice, kter\u00e1 by klidn\u011b mohla kr\u00fdt baz\u00e9n, cirkus nebo cokoli jin\u00e9ho.  Ten projekt nem\u011bl slou\u017eit knih\u00e1m ale stavebn\u00edm firm\u00e1m a jako pomn\u00edk sv\u00e9mu tv\u016frci. Na to nesm\u00ed padnout z pen\u011bz poplatn\u00edk\u016f ani koruna.&#8220;<\/p>\n","protected":false},"excerpt":{"rendered":"<p>Ptali se m\u011b n\u011bkte\u0159\u00ed novin\u00e1\u0159i, co \u0159\u00edk\u00e1m iniciativ\u011b aspiranta na k\u0159eslo ministra kultury ve vl\u00e1d\u011b Agrofertu pana Hermana p\u0159ece jen postavit novou budovu N\u00e1rodn\u00ed knihovny podle n\u00e1vrhu architekta Kaplick\u00e9ho. P\u016fvodn\u011b jsem je cht\u011bl odb\u00fdt v\u011btou, \u017ee podle pravomocn\u00e9ho v\u00fdroku soudu ten n\u00e1vrh v sout\u011b\u017ei zv\u00edt\u011bzil neopr\u00e1vn\u011bn\u011b a p\u0159\u00edslu\u0161n\u00e1 komise pod veden\u00edm n\u011bkdej\u0161\u00ed Kaplick\u00e9ho partnerky Ji\u0159i\u010dn\u00e9 [&hellip;]<\/p>\n","protected":false},"author":1,"featured_media":0,"comment_status":"open","ping_status":"open","sticky":false,"template":"","format":"standard","meta":{"ngg_post_thumbnail":0,"footnotes":""},"categories":[18],"tags":[],"class_list":["post-4540","post","type-post","status-publish","format-standard","hentry","category-postrehy"],"_links":{"self":[{"href":"https:\/\/www.ladislavjakl.cz\/index.php?rest_route=\/wp\/v2\/posts\/4540","targetHints":{"allow":["GET"]}}],"collection":[{"href":"https:\/\/www.ladislavjakl.cz\/index.php?rest_route=\/wp\/v2\/posts"}],"about":[{"href":"https:\/\/www.ladislavjakl.cz\/index.php?rest_route=\/wp\/v2\/types\/post"}],"author":[{"embeddable":true,"href":"https:\/\/www.ladislavjakl.cz\/index.php?rest_route=\/wp\/v2\/users\/1"}],"replies":[{"embeddable":true,"href":"https:\/\/www.ladislavjakl.cz\/index.php?rest_route=%2Fwp%2Fv2%2Fcomments&post=4540"}],"version-history":[{"count":2,"href":"https:\/\/www.ladislavjakl.cz\/index.php?rest_route=\/wp\/v2\/posts\/4540\/revisions"}],"predecessor-version":[{"id":4542,"href":"https:\/\/www.ladislavjakl.cz\/index.php?rest_route=\/wp\/v2\/posts\/4540\/revisions\/4542"}],"wp:attachment":[{"href":"https:\/\/www.ladislavjakl.cz\/index.php?rest_route=%2Fwp%2Fv2%2Fmedia&parent=4540"}],"wp:term":[{"taxonomy":"category","embeddable":true,"href":"https:\/\/www.ladislavjakl.cz\/index.php?rest_route=%2Fwp%2Fv2%2Fcategories&post=4540"},{"taxonomy":"post_tag","embeddable":true,"href":"https:\/\/www.ladislavjakl.cz\/index.php?rest_route=%2Fwp%2Fv2%2Ftags&post=4540"}],"curies":[{"name":"wp","href":"https:\/\/api.w.org\/{rel}","templated":true}]}}