{"id":4543,"date":"2014-01-20T14:05:48","date_gmt":"2014-01-20T13:05:48","guid":{"rendered":"http:\/\/www.ladislavjakl.cz\/?p=4543"},"modified":"2014-01-20T14:05:48","modified_gmt":"2014-01-20T13:05:48","slug":"ladislav-jakl-prvni-damy-ambasadorky-margot-klestilova-livia-klausova","status":"publish","type":"post","link":"https:\/\/www.ladislavjakl.cz\/?p=4543","title":{"rendered":"Ladislav Jakl: Prvn\u00ed d\u00e1my, ambasadorky. Margot Klestilov\u00e1, Livia Klausov\u00e1."},"content":{"rendered":"<p>Jeden slovensk\u00fd hulv\u00e1tsk\u00fd novin\u00e1\u0159 si plivnul po nov\u00e9 \u010desk\u00e9 velvyslankyni. Sprost\u011b, hrub\u011b, zaujat\u011b. \u010cekali byste z na\u0161\u00ed strany medi\u00e1ln\u00ed pohor\u0161en\u00ed, co \u017ee si to ten \u010dlov\u011bk dovoluje ur\u00e1\u017eet vyslankyni na\u0161eho st\u00e1tu? \u010cekali byste opr\u00e1vn\u011bn\u011b, pokud by se ta velvyslankyn\u011b ov\u0161em nejmenovala Livia Klausov\u00e1. Co se exprezidenta Klause a jeho okol\u00ed t\u00fd\u010de, mus\u00edte podle mnohalet\u00fdch zku\u0161enost\u00ed \u010dekat prav\u00fd opak.<\/p>\n<p><!--more--><\/p>\n<p>Jedn\u00edm z b\u011b\u017en\u00fdch n\u00e1stroj\u016f denunciace u n\u00e1s toti\u017e b\u00fdv\u00e1 to, \u017ee p\u0159\u00edslu\u0161n\u00fd sp\u0159\u00e1telen\u00fd zahrani\u010dn\u00ed dopisovatel \u010di kamar\u00e1d novin\u00e1\u0159 z ciz\u00ed zem\u011b je v kav\u00e1rn\u011b, kam l\u00e9ta chod\u00ed na drby s havlisty, instruov\u00e1n, a\u0165 nap\u00ed\u0161e zadanou sprostotu proti t\u011bm nen\u00e1vid\u011bn\u00fdm \u010desk\u00fdm ter\u010d\u016fm. Kdy\u017e pak denunciaci zahrani\u010dn\u00ed m\u00e9dium \u010di agentura vyd\u00e1, jej\u00ed inici\u00e1to\u0159i hned volaj\u00ed: vid\u00edte, i v zahrani\u010dn\u00ed potvrzuj\u00ed na\u0161e slova! A ochotn\u00e1 masa hlavn\u00edho novin\u00e1\u0159sk\u00e9ho proudu se st\u00e1dn\u011b p\u0159id\u00e1. Tak tomu bylo i nyn\u00ed. Jeden slovensk\u00fd novin\u00e1\u0159 si zanad\u00e1val a v\u0161echna m\u00e9dia u n\u00e1s to horliv\u011b recyklovala s titulky, jako Slov\u00e1ci \u0159\u00edkaj\u00ed, Slov\u00e1ci se posm\u00edvaj\u00ed. Jeden n\u00e1\u0161 bulv\u00e1rn\u00ed den\u00edk bleskov\u011b za\u0161el tak daleko, \u017ee zve\u0159ejnil i ty nejv\u011bt\u0161\u00ed sprostoty z anonymn\u00edch diskus\u00ed, kde obrat &#8222;vyl\u00edzan\u00e1 jak chodn\u00edk&#8220; pat\u0159il k t\u011bm m\u00edrn\u011bj\u0161\u00edm. Den\u00edk si myje ruce: to ne my, to je hlas n\u00e1roda. Jo, hlas n\u00e1roda&#8230; Sp\u00ed\u0161 hlas surov\u00fdch nen\u00e1vistn\u00fdch buran\u016f. A tak si \u0159\u00edk\u00e1m, jak by to vypadalo p\u0159ed deseti lety, kdy\u017e v Praze nastupovala na m\u00edsto rakousk\u00e9 velvyslankyn\u011b b\u00fdval\u00e1 prvn\u00ed d\u00e1ma Margot Klestilov\u00e1. N\u011bjak si nevzpom\u00edn\u00e1m, \u017ee by tehdy pan Schwarzenberg k\u0159i\u010del, \u017ee to pova\u017euje za ur\u00e1\u017eku \u010desk\u00e9ho n\u00e1roda a \u017ee po\u017eaduje, aby n\u00e1m Raku\u0161ani poslali kari\u00e9rn\u00edho \u00fa\u0159edn\u00edka z ministerstva. Hlavn\u011b si ale neum\u00edm p\u0159edstavit, \u017ee by ji n\u011bjak\u00fd \u010desk\u00fd novin\u00e1\u0159 poplival a cel\u00e1 rakousk\u00e1 medi\u00e1ln\u00ed fronta vz\u00e1p\u011bt\u00ed ten plivanec dychtiv\u011b a s velk\u00fdm humbukem rozmaz\u00e1vala a oslavovala. Kdepak, n\u011bkter\u00e9 v\u011bci um\u00edme jen my.<\/p>\n","protected":false},"excerpt":{"rendered":"<p>Jeden slovensk\u00fd hulv\u00e1tsk\u00fd novin\u00e1\u0159 si plivnul po nov\u00e9 \u010desk\u00e9 velvyslankyni. Sprost\u011b, hrub\u011b, zaujat\u011b. \u010cekali byste z na\u0161\u00ed strany medi\u00e1ln\u00ed pohor\u0161en\u00ed, co \u017ee si to ten \u010dlov\u011bk dovoluje ur\u00e1\u017eet vyslankyni na\u0161eho st\u00e1tu? \u010cekali byste opr\u00e1vn\u011bn\u011b, pokud by se ta velvyslankyn\u011b ov\u0161em nejmenovala Livia Klausov\u00e1. Co se exprezidenta Klause a jeho okol\u00ed t\u00fd\u010de, mus\u00edte podle mnohalet\u00fdch zku\u0161enost\u00ed [&hellip;]<\/p>\n","protected":false},"author":1,"featured_media":0,"comment_status":"open","ping_status":"open","sticky":false,"template":"","format":"standard","meta":{"ngg_post_thumbnail":0,"footnotes":""},"categories":[6],"tags":[],"class_list":["post-4543","post","type-post","status-publish","format-standard","hentry","category-co-jsem-nerekl"],"_links":{"self":[{"href":"https:\/\/www.ladislavjakl.cz\/index.php?rest_route=\/wp\/v2\/posts\/4543","targetHints":{"allow":["GET"]}}],"collection":[{"href":"https:\/\/www.ladislavjakl.cz\/index.php?rest_route=\/wp\/v2\/posts"}],"about":[{"href":"https:\/\/www.ladislavjakl.cz\/index.php?rest_route=\/wp\/v2\/types\/post"}],"author":[{"embeddable":true,"href":"https:\/\/www.ladislavjakl.cz\/index.php?rest_route=\/wp\/v2\/users\/1"}],"replies":[{"embeddable":true,"href":"https:\/\/www.ladislavjakl.cz\/index.php?rest_route=%2Fwp%2Fv2%2Fcomments&post=4543"}],"version-history":[{"count":1,"href":"https:\/\/www.ladislavjakl.cz\/index.php?rest_route=\/wp\/v2\/posts\/4543\/revisions"}],"predecessor-version":[{"id":4544,"href":"https:\/\/www.ladislavjakl.cz\/index.php?rest_route=\/wp\/v2\/posts\/4543\/revisions\/4544"}],"wp:attachment":[{"href":"https:\/\/www.ladislavjakl.cz\/index.php?rest_route=%2Fwp%2Fv2%2Fmedia&parent=4543"}],"wp:term":[{"taxonomy":"category","embeddable":true,"href":"https:\/\/www.ladislavjakl.cz\/index.php?rest_route=%2Fwp%2Fv2%2Fcategories&post=4543"},{"taxonomy":"post_tag","embeddable":true,"href":"https:\/\/www.ladislavjakl.cz\/index.php?rest_route=%2Fwp%2Fv2%2Ftags&post=4543"}],"curies":[{"name":"wp","href":"https:\/\/api.w.org\/{rel}","templated":true}]}}