{"id":4575,"date":"2014-02-05T14:30:56","date_gmt":"2014-02-05T13:30:56","guid":{"rendered":"http:\/\/www.ladislavjakl.cz\/?p=4575"},"modified":"2014-02-05T14:30:56","modified_gmt":"2014-02-05T13:30:56","slug":"vsechno-dobre-dopadne-zachrani-nas-panek-dienstbier-a-pospisil","status":"publish","type":"post","link":"https:\/\/www.ladislavjakl.cz\/?p=4575","title":{"rendered":"V\u0161echno dob\u0159e dopadne. Zachr\u00e1n\u00ed n\u00e1s P\u00e1nek, Dienstbier a Posp\u00ed\u0161il"},"content":{"rendered":"<p>Zd\u00e1 se v\u00e1m dne\u0161n\u00ed \u010desk\u00e1 politika v\u00a0rozvalu? Euroskeptici je\u0161t\u011b d\u00fdchaj\u00ed a dokonce maj\u00ed drzost se je\u0161t\u011b oz\u00fdvat. Chemik a uzen\u00e1\u0159 Babi\u0161 si koupil moc a chce v\u0161eho moc. \u010cestn\u00ed, \u010dist\u00ed a spr\u00e1vn\u00ed se st\u00e1le musej\u00ed pot\u00fdkat s\u00a0nepochopen\u00edm, nemaj\u00ed m\u00e9dia je\u0161t\u011b \u00fapln\u011b pod kontrolou a rozkmot\u0159en\u00ed kmot\u0159i jim otravuj\u00ed \u017eivot a ma\u0159\u00ed snahu zachr\u00e1nit n\u00e1\u0161 st\u00e1t.<\/p>\n<p><!--more--><\/p>\n<p>T\u0159eba zrovna ten Babi\u0161. \u0158\u00edk\u00e1 t\u0159i v\u011bci: 1. Jsem \u00fasp\u011b\u0161n\u00fd a bohat\u00fd. 2. Jsem bez\u00fahonn\u00fd. 3. N\u00e1\u0161 st\u00e1t je cel\u00fd zkorumpovan\u00fd. Jen\u017ee platit mohou sou\u010dasn\u011b jen dv\u011b v\u011bci z\u00a0t\u011bchto t\u0159\u00ed. Bohat\u00fd asi fakt je, tomu v\u011b\u0159me. Jen\u017ee mohl bohatstv\u00ed ve zcela zkorumpovan\u00e9m st\u00e1t\u011b z\u00edskat bez\u00fahonn\u011b? Nemohl. Tak bu\u010f nen\u00ed bez\u00fahonn\u00fd, nebo st\u00e1t nen\u00ed cel\u00fd zkorumpovan\u00fd. A my te\u010f kv\u016fli tomu mus\u00edme \u017e\u00edt v\u00a0nejistot\u00e1ch.<\/p>\n<p>To ale nic nen\u00ed. Vemte si tu zahrani\u010dn\u00ed a evropskou politiku. Po\u0159\u00e1d jsou tu hlup\u00e1ci, kte\u0159\u00ed by cht\u011bli st\u00e1tn\u00ed samostatnost a nez\u00e1vislost na ciz\u00ed moci. Co\u017e to neum\u00edme vz\u00edt do ruky jako na Ukrajin\u011b? Tam zvolen\u00fd prezident pr\u00fd v\u00a0z\u00e1jmu sv\u00e9ho lidu odm\u00edtl podepsat jist\u011b v\u00a0dobr\u00e9m nadiktovanou asocia\u010dn\u00ed smlouvu a cht\u011bl v\u00a0n\u00ed zm\u011bny a z\u00e1ruky pro Ukrajinu. No to se pod\u00edvejme! Z\u00e1paln\u00e9 lahve na n\u011bj a bude pokoj. Jen u n\u00e1s to po\u0159\u00e1d nejde. Kdekdo si dovol\u00ed kritizovat Evropsk\u00fd svaz a \u0159\u00edkat lidem, \u017ee v\u00a0Bruselu nesed\u00ed jen ti, kdo to s\u00a0\u010desk\u00fdm voli\u010dem mysl\u00ed l\u00e9pe, ne\u017e on s\u00e1m se sebou.<\/p>\n<p>Situace ale nen\u00ed beznad\u011bjn\u00e1. Naopak, v\u0161e je p\u0159ipraveno k\u00a0z\u00e1sadn\u00ed n\u00e1prav\u011b. V\u00edm to od jedn\u00e9 simkart\u00e1\u0159ky. Prvn\u00edm krokem bude ustanoven\u00ed Ji\u0159\u00edho Posp\u00ed\u0161ila p\u0159edsedou Kalouskovy TOP. To u\u017e je p\u0159ece domluven\u00e9 d\u00e1vno. Bylo t\u0159eba chv\u00edli popracovat na jeho obrazu state\u010dn\u00e9ho bojovn\u00edka s\u00a0mafi\u00e1ny, odehr\u00e1t promy\u0161len\u00fd sc\u00e9n\u00e1\u0159 jeho odchodu z\u00a0kmotrovsk\u00e9 strany a te\u010f u\u017e p\u016fjde v\u0161e jak po m\u00e1sle. V\u00a0\u010dervnu na post hlavn\u00edho medi\u00e1ln\u00edho maskota strany rezignuje Schwarzenberg. Nelze riskovat, \u017ee conevid\u011bt ve sp\u00e1nku vdechne d\u00fdmku a pak bude p\u016fl roku v\u00a0komatu, zat\u00edmco soustran\u00edci si vyrvou vlasy p\u0159i \u0159e\u0161en\u00ed, jak nab\u00eddnout lidu n\u00e1hradn\u00ed ikonu.<\/p>\n<p>Ta n\u00e1hradn\u00ed ikona u\u017e d\u00e1vno nalezena je. Do onoho \u010dervna prob\u011bhnou n\u00e1mluvy Posp\u00ed\u0161ila s\u00a0TOP (to mysl\u00edm obrazn\u011b, tak daleko duhov\u00e1 pokrokovost topist\u016f zas nejde) a pak na n\u011bj str\u00fdc Karel uk\u00e1\u017ee prsem jako na nov\u00e9ho p\u0159edsedu a medi\u00e1ln\u00edho mazl\u00edka. A pochopiteln\u011b probruselsk\u00e9ho a ideov\u011b pevn\u00e9ho Evropana.<\/p>\n<p>Symetrick\u00fd proces prob\u011bhne v\u00a0\u010cSSD. Tam po\u0159\u00e1d p\u0159ek\u00e1\u017eej\u00ed politici, kte\u0159\u00ed se zab\u00fdvaj\u00ed takov\u00fdmi prkotinami, jako je n\u00e1zor soci\u00e1ln\u011b demokratick\u00fdch voli\u010d\u016f. Podobn\u00e9 malichernosti jen odv\u00e1d\u011bj\u00ed pozornost od hlavn\u00edho tahu na br\u00e1nu: od vytvo\u0159en\u00ed nov\u00e9 evropsk\u00e9 tv\u00e1\u0159e \u010cesk\u00e9 republiky. Strany se ujme Dienstbier, Dienstbier\u016fv syn. Spole\u010dn\u011b s\u00a0Posp\u00ed\u0161ilem tak dopln\u00ed tvar \u010desk\u00e9 politick\u00e9 sc\u00e9ny do podoby, jakou m\u00e1 po l\u00e9ta v\u00a0Rakousku, N\u011bmecku \u010di Francii. Prav\u00e1 nebo lev\u00e1, jednou ty jednou j\u00e1, hlavn\u011b ale v\u0161ichni pro Brusel a pro soci\u00e1ln\u00ed hospod\u00e1\u0159stv\u00ed.<\/p>\n<p>No, a nakonec prezident Zeman havaruje se sv\u00fdm autem na 99. kilometru d\u00e1lnice u Humpolce a jeho t\u011blo se nikdy nenajde. Hraj\u00ed fanf\u00e1ry, rozz\u00e1\u0159\u00ed se oh\u0148ostroj a z\u00a0t\u00edsn\u011b vych\u00e1z\u00ed \u010dlov\u011bk P\u00e1nek cel\u00fd v b\u00edl\u00e9m. Used\u00e1 na Hrad, odkud bude pom\u00e1hat pokrokov\u00fdm sil\u00e1m v proveden\u00ed st\u00e1tn\u00edho p\u0159evratu v\u0161ude tam, kde je\u0161t\u011b nepochopili hodnotu evropsk\u00e9ho dobra.<\/p>\n<p>Nev\u011b\u0159\u00edte? Tak se d\u00edvejte kolem sebe. Den po dni se tenhle sc\u00e9n\u00e1\u0159 napl\u0148uje u\u017e \u0159adu m\u011bs\u00edc\u016f. Kone\u010dn\u011b se v\u00e1m m\u016f\u017ee ulevit, budoucnosti ji\u017e nen\u00ed t\u0159eba se b\u00e1t, v\u0161e je pod kontrolou.<\/p>\n","protected":false},"excerpt":{"rendered":"<p>Zd\u00e1 se v\u00e1m dne\u0161n\u00ed \u010desk\u00e1 politika v\u00a0rozvalu? Euroskeptici je\u0161t\u011b d\u00fdchaj\u00ed a dokonce maj\u00ed drzost se je\u0161t\u011b oz\u00fdvat. Chemik a uzen\u00e1\u0159 Babi\u0161 si koupil moc a chce v\u0161eho moc. \u010cestn\u00ed, \u010dist\u00ed a spr\u00e1vn\u00ed se st\u00e1le musej\u00ed pot\u00fdkat s\u00a0nepochopen\u00edm, nemaj\u00ed m\u00e9dia je\u0161t\u011b \u00fapln\u011b pod kontrolou a rozkmot\u0159en\u00ed kmot\u0159i jim otravuj\u00ed \u017eivot a ma\u0159\u00ed snahu zachr\u00e1nit n\u00e1\u0161 st\u00e1t.<\/p>\n","protected":false},"author":1,"featured_media":0,"comment_status":"open","ping_status":"open","sticky":false,"template":"","format":"standard","meta":{"ngg_post_thumbnail":0,"footnotes":""},"categories":[10],"tags":[],"class_list":["post-4575","post","type-post","status-publish","format-standard","hentry","category-zlehka"],"_links":{"self":[{"href":"https:\/\/www.ladislavjakl.cz\/index.php?rest_route=\/wp\/v2\/posts\/4575","targetHints":{"allow":["GET"]}}],"collection":[{"href":"https:\/\/www.ladislavjakl.cz\/index.php?rest_route=\/wp\/v2\/posts"}],"about":[{"href":"https:\/\/www.ladislavjakl.cz\/index.php?rest_route=\/wp\/v2\/types\/post"}],"author":[{"embeddable":true,"href":"https:\/\/www.ladislavjakl.cz\/index.php?rest_route=\/wp\/v2\/users\/1"}],"replies":[{"embeddable":true,"href":"https:\/\/www.ladislavjakl.cz\/index.php?rest_route=%2Fwp%2Fv2%2Fcomments&post=4575"}],"version-history":[{"count":1,"href":"https:\/\/www.ladislavjakl.cz\/index.php?rest_route=\/wp\/v2\/posts\/4575\/revisions"}],"predecessor-version":[{"id":4576,"href":"https:\/\/www.ladislavjakl.cz\/index.php?rest_route=\/wp\/v2\/posts\/4575\/revisions\/4576"}],"wp:attachment":[{"href":"https:\/\/www.ladislavjakl.cz\/index.php?rest_route=%2Fwp%2Fv2%2Fmedia&parent=4575"}],"wp:term":[{"taxonomy":"category","embeddable":true,"href":"https:\/\/www.ladislavjakl.cz\/index.php?rest_route=%2Fwp%2Fv2%2Fcategories&post=4575"},{"taxonomy":"post_tag","embeddable":true,"href":"https:\/\/www.ladislavjakl.cz\/index.php?rest_route=%2Fwp%2Fv2%2Ftags&post=4575"}],"curies":[{"name":"wp","href":"https:\/\/api.w.org\/{rel}","templated":true}]}}