{"id":4583,"date":"2014-02-10T15:49:11","date_gmt":"2014-02-10T14:49:11","guid":{"rendered":"http:\/\/www.ladislavjakl.cz\/?p=4583"},"modified":"2014-02-10T15:49:11","modified_gmt":"2014-02-10T14:49:11","slug":"jakl-glosuje-politiku-pospisil-prevezme-topku-zemana-zabiji","status":"publish","type":"post","link":"https:\/\/www.ladislavjakl.cz\/?p=4583","title":{"rendered":"Jakl glosuje politiku: Posp\u00ed\u0161il p\u0159evezme topku, Zemana zabij\u00ed"},"content":{"rendered":"<p>Zd\u00e1 se v\u00e1m dne\u0161n\u00ed \u010desk\u00e1 politika v rozvalu? pt\u00e1 se spolupracovn\u00edk V\u00e1clava Klause Ladislav Jakl a souhlas\u00ed. A bude h\u016f\u0159, prorokuje. Do \u010dela TOP 09 usedne Ji\u0159\u00ed Posp\u00ed\u0161il a Milo\u0161 Zeman bude m\u00edt tajemnou autonehodu.<\/p>\n<p><!--more--><\/p>\n<p>&#8222;Euroskeptici je\u0161t\u011b d\u00fdchaj\u00ed a dokonce maj\u00ed drzost se je\u0161t\u011b oz\u00fdvat. Chemik a uzen\u00e1\u0159 Babi\u0161 si koupil moc a chce v\u0161eho moc. \u010cestn\u00ed, \u010dist\u00ed a spr\u00e1vn\u00ed se st\u00e1le musej\u00ed pot\u00fdkat s nepochopen\u00edm, nemaj\u00ed m\u00e9dia je\u0161t\u011b \u00fapln\u011b pod kontrolou a rozkmot\u0159en\u00ed kmot\u0159i jim otravuj\u00ed \u017eivot a ma\u0159\u00ed snahu zachr\u00e1nit n\u00e1\u0161 st\u00e1t,&#8220; napsal Jakl ve sv\u00e9m blogu.<\/p>\n<p>Vysm\u00e1l si i Babi\u0161ovi, kter\u00fd podle n\u011bho \u0159\u00edk\u00e1 t\u0159i v\u011bci: 1. Jsem \u00fasp\u011b\u0161n\u00fd a bohat\u00fd. 2. Jsem bez\u00fahonn\u00fd. 3. N\u00e1\u0161 st\u00e1t je cel\u00fd zkorumpovan\u00fd.<\/p>\n<p>&#8222;Jen\u017ee platit mohou sou\u010dasn\u011b jen dv\u011b v\u011bci z t\u011bchto t\u0159\u00ed. Bohat\u00fd asi fakt je, tomu v\u011b\u0159me. Jen\u017ee mohl bohatstv\u00ed ve zcela zkorumpovan\u00e9m st\u00e1t\u011b z\u00edskat bez\u00fahonn\u011b? Nemohl. Tak bu\u010f nen\u00ed bez\u00fahonn\u00fd, nebo st\u00e1t nen\u00ed cel\u00fd zkorumpovan\u00fd. A my te\u010f kv\u016fli tomu mus\u00edme \u017e\u00edt v nejistot\u00e1ch,&#8220; p\u00ed\u0161e Jakl.<\/p>\n<p>A bude h\u016f\u0159. Prvn\u00edm krokem bude ustanoven\u00ed Ji\u0159\u00edho Posp\u00ed\u0161ila p\u0159edsedou Kalouskovy TOP.<\/p>\n<p>&#8222;To u\u017e je p\u0159ece domluven\u00e9 d\u00e1vno. Bylo t\u0159eba chv\u00edli popracovat na jeho obrazu state\u010dn\u00e9ho bojovn\u00edka s mafi\u00e1ny, odehr\u00e1t promy\u0161len\u00fd sc\u00e9n\u00e1\u0159 jeho odchodu z kmotrovsk\u00e9 strany a te\u010f u\u017e p\u016fjde v\u0161e jak po m\u00e1sle. V \u010dervnu na post hlavn\u00edho medi\u00e1ln\u00edho maskota strany rezignuje Schwarzenberg.&#8220;<\/p>\n<p>Jakl p\u0159edv\u00edd\u00e1, \u017ee &#8222;str\u00fdc Karel&#8220; uk\u00e1\u017ee na Posp\u00ed\u0161ila prstem jako na nov\u00e9ho p\u0159edsedu a &#8222;medi\u00e1ln\u00edho mazl\u00edka&#8220;.<\/p>\n<p>V \u010cSSD se bude d\u00edt n\u011bco podobn\u00e9ho. Strany se ujme Dienstbier mlad\u0161\u00ed. a spole\u010dn\u011b s Posp\u00ed\u0161ilem dopln\u00ed tvar \u010desk\u00e9 politick\u00e9 sc\u00e9ny do podoby, jakou m\u00e1 po l\u00e9ta v Rakousku, N\u011bmecku \u010di Francii. &#8222;Prav\u00e1 nebo lev\u00e1, jednou ty jednou j\u00e1, hlavn\u011b ale v\u0161ichni pro Brusel a pro soci\u00e1ln\u00ed hospod\u00e1\u0159stv\u00ed.&#8220;<\/p>\n<p>Zeman pak z\u00e1hadn\u011b zahyne a na jeho m\u00edsto nastoup\u00ed \u0160imon P\u00e1nek. &#8222;Havaruje se sv\u00fdm autem na 99. kilometru d\u00e1lnice u Humpolce a jeho t\u011blo se nikdy nenajde. Hraj\u00ed fanf\u00e1ry, rozz\u00e1\u0159\u00ed se oh\u0148ostroj a z t\u00edsn\u011b vych\u00e1z\u00ed \u010dlov\u011bk P\u00e1nek cel\u00fd v b\u00edl\u00e9m. Used\u00e1 na Hrad, odkud bude pom\u00e1hat pokrokov\u00fdm sil\u00e1m v proveden\u00ed st\u00e1tn\u00edho p\u0159evratu v\u0161ude tam, kde je\u0161t\u011b nepochopili hodnotu evropsk\u00e9ho dobra.&#8220;<\/p>\n<p>Ladislav Jakl (* 17. prosince 1959). \u010dlen spr\u00e1vn\u00ed rady Centra pro ekonomiku a politiku, \u010dlen spr\u00e1vn\u00ed rady Institutu V\u00e1clava Klause. Ladislav Jakl absolvoval studium na Fakult\u011b \u017eurnalistiky Univerzity Karlovy. Po listopadu 89 byl mj. poslancem \u010cesk\u00e9 n\u00e1rodn\u00ed rady, vedouc\u00edm \u00fa\u0159adu Rady \u010cR pro rozhlasov\u00e9 a televizn\u00ed vys\u00edl\u00e1n\u00ed, pracoval v Lidov\u00fdch novin\u00e1ch. Od konce roku 1997 p\u016fsob\u00ed v r\u016fzn\u00fdch funkc\u00edch jako poradce V\u00e1clava Klause. Byl tajemn\u00edkem prezidenta republiky a \u0159editelem politick\u00e9ho odboru prezidentsk\u00e9 kancel\u00e1\u0159e a b\u00fdval\u00fd novin\u00e1\u0159. Krom\u011b politiky a \u017eurnalistiky se v\u011bnuje t\u00e9\u017e hudb\u011b, hraje se skupinou  Folimanka Blues.<\/p>\n<p><a href=\"http:\/\/www.prvnizpravy.cz\/zpravy\/politika\/jakl-glosuje-politiku-pospisil-prevezme-topku-zemana-zabiji\/\" target=\"_blank\">Zdroj<\/a><\/p>\n","protected":false},"excerpt":{"rendered":"<p>Zd\u00e1 se v\u00e1m dne\u0161n\u00ed \u010desk\u00e1 politika v rozvalu? pt\u00e1 se spolupracovn\u00edk V\u00e1clava Klause Ladislav Jakl a souhlas\u00ed. A bude h\u016f\u0159, prorokuje. Do \u010dela TOP 09 usedne Ji\u0159\u00ed Posp\u00ed\u0161il a Milo\u0161 Zeman bude m\u00edt tajemnou autonehodu.<\/p>\n","protected":false},"author":1,"featured_media":0,"comment_status":"open","ping_status":"open","sticky":false,"template":"","format":"standard","meta":{"ngg_post_thumbnail":0,"footnotes":""},"categories":[11],"tags":[],"class_list":["post-4583","post","type-post","status-publish","format-standard","hentry","category-ozvena"],"_links":{"self":[{"href":"https:\/\/www.ladislavjakl.cz\/index.php?rest_route=\/wp\/v2\/posts\/4583","targetHints":{"allow":["GET"]}}],"collection":[{"href":"https:\/\/www.ladislavjakl.cz\/index.php?rest_route=\/wp\/v2\/posts"}],"about":[{"href":"https:\/\/www.ladislavjakl.cz\/index.php?rest_route=\/wp\/v2\/types\/post"}],"author":[{"embeddable":true,"href":"https:\/\/www.ladislavjakl.cz\/index.php?rest_route=\/wp\/v2\/users\/1"}],"replies":[{"embeddable":true,"href":"https:\/\/www.ladislavjakl.cz\/index.php?rest_route=%2Fwp%2Fv2%2Fcomments&post=4583"}],"version-history":[{"count":1,"href":"https:\/\/www.ladislavjakl.cz\/index.php?rest_route=\/wp\/v2\/posts\/4583\/revisions"}],"predecessor-version":[{"id":4584,"href":"https:\/\/www.ladislavjakl.cz\/index.php?rest_route=\/wp\/v2\/posts\/4583\/revisions\/4584"}],"wp:attachment":[{"href":"https:\/\/www.ladislavjakl.cz\/index.php?rest_route=%2Fwp%2Fv2%2Fmedia&parent=4583"}],"wp:term":[{"taxonomy":"category","embeddable":true,"href":"https:\/\/www.ladislavjakl.cz\/index.php?rest_route=%2Fwp%2Fv2%2Fcategories&post=4583"},{"taxonomy":"post_tag","embeddable":true,"href":"https:\/\/www.ladislavjakl.cz\/index.php?rest_route=%2Fwp%2Fv2%2Ftags&post=4583"}],"curies":[{"name":"wp","href":"https:\/\/api.w.org\/{rel}","templated":true}]}}