{"id":4593,"date":"2014-02-13T14:52:54","date_gmt":"2014-02-13T13:52:54","guid":{"rendered":"http:\/\/www.ladislavjakl.cz\/?p=4593"},"modified":"2014-02-13T14:52:54","modified_gmt":"2014-02-13T13:52:54","slug":"energeticka-politika-eu-ledy-se-zacinaji-hybat-budeme-u-toho","status":"publish","type":"post","link":"https:\/\/www.ladislavjakl.cz\/?p=4593","title":{"rendered":"Energetick\u00e1 politika EU: Ledy se za\u010d\u00ednaj\u00ed h\u00fdbat. Budeme u toho?"},"content":{"rendered":"<p>Evropsk\u00e1 unie p\u0159itvrzuje sv\u00e9 protiuhl\u00edkov\u00e9 c\u00edle. N\u011bmecko omezilo v\u00fdrobu energie z\u00a0j\u00e1dra a zvy\u0161uje t\u011b\u017ebu a spalov\u00e1n\u00ed uhl\u00ed. C\u00edle EU zat\u011b\u017euj\u00ed nejen kapsu da\u0148ov\u00e9ho poplatn\u00edka dotov\u00e1n\u00edm tzv. obnoviteln\u00fdch zdroj\u016f energie (OZE), ale i cel\u00fd evropsk\u00fd pr\u016fmysl st\u00e1le vy\u0161\u0161\u00edmi cenami elekt\u0159iny. N\u011bmecko p\u0159istupuje k\u00a0citeln\u00e9mu omezen\u00ed podpory OZE. C\u00edle EU ohledn\u011b sni\u017eov\u00e1n\u00ed produkce kysli\u010dn\u00edku uhli\u010dit\u00e9ho nemaj\u00ed b\u00fdt nap\u0159\u00ed\u0161t\u011b pro \u010dlensk\u00e9 zem\u011b z\u00e1vazn\u00e9, zem\u00edm bude ponech\u00e1no i rozhodov\u00e1n\u00ed o zp\u016fsobu dosahov\u00e1n\u00ed t\u011bchto c\u00edl\u016f. V\u00a0EU je cena energie pro pr\u016fmysl v\u00edce ne\u017e dvojn\u00e1sobn\u00e1 oproti USA. \u010cesk\u00fd pr\u016fmysl, kter\u00e9mu je ekologick\u00e1 politika star\u00fdch zem\u00ed EU d\u00e1v\u00e1na za vzor, dopl\u00e1c\u00ed na OZE v\u00edce ne\u017e dvojn\u00e1sobek oproti Belgii, p\u011btin\u00e1sobek oproti Francii a dokonce \u0161edes\u00e1tin\u00e1sobek oproti avantgardn\u00edmu N\u011bmecku.<\/p>\n<p><!--more--><\/p>\n<p>Zdaj\u00ed se v\u00e1m v\u0161echny tyto v\u011bty neslu\u010diteln\u00e9 a\u017e protich\u016fdn\u00e9? Zdaj\u00ed se, jako kdyby nepoch\u00e1zely ze stejn\u00e9 doby a stejn\u00e9 planety? To m\u00e1te dojem opr\u00e1vn\u011bn\u00fd. Jen\u017ee v\u00a0dne\u0161n\u00ed EU a zejm\u00e9na v\u00a0jej\u00ed energetick\u00e9 politice je z\u0159ejm\u011b mo\u017en\u00e9 v\u0161echno. Sou\u010dasn\u011b se Brusel sna\u017e\u00ed je\u0161t\u011b nav\u00fd\u0161it u\u017e tak nere\u00e1ln\u00e9 c\u00edle v\u00a0boji proti \u00fadajn\u00e9mu oteplov\u00e1n\u00ed a sou\u010dasn\u011b u\u017e nem\u016f\u017ee zav\u00edrat o\u010di p\u0159ed neudr\u017eitelnost\u00ed dosavadn\u00edch praktik, zejm\u00e9na tv\u00e1\u0159\u00ed v\u00a0tv\u00e1\u0159 st\u00e1le razantn\u011bj\u0161\u00edm projev\u016fm nespokojenosti p\u0159edev\u0161\u00edm reprezentant\u016f pr\u016fmyslu.<\/p>\n<p>Ano, Evropsk\u00e1 komise vyrukovala s\u00a0c\u00edlem sn\u00ed\u017eit produkci kysli\u010dn\u00edku uhli\u010dit\u00e9ho o 40 procent oproti roku 1990. Ekonomick\u00e1 realita je pro ni evidentn\u011b nezaj\u00edmav\u00e1. Nem\u00e1 smysl se zde vracet k\u00a0tomu, \u017ee o teorii glob\u00e1ln\u00edho oteplov\u00e1n\u00ed se u\u017e rad\u011bji nemluv\u00ed moc nahlas, proto\u017ee jej\u00ed zdiskreditovanost je ji\u017e nezakryteln\u00e1. Apo\u0161tolov\u00e9 svat\u00e9ho boje s\u00a0uhl\u00edkem u\u017e ideov\u00e9 zd\u016fvodn\u011bn\u00ed nepot\u0159ebuj\u00ed. Poda\u0159ilo se jim d\u00e1vno nabalit na sv\u00e9 z\u00e1m\u011bry nejr\u016fzn\u011bj\u0161\u00ed typy ekonomick\u00fdch a jin\u00fdch z\u00e1jm\u016f, kter\u00e9 onomu boji dod\u00e1vaj\u00ed ji\u017e vlastn\u00ed, samostatnou a na okoln\u00ed realit\u011b nez\u00e1vislou dynamiku.<\/p>\n<p>Koncem b\u0159ezna m\u00e1 n\u00e1vrh EK projednat Rada Evropsk\u00e9 unie, tedy \u0161\u00e9fov\u00e9 exekutiv jednotliv\u00fdch zem\u00ed. Nen\u00ed jist\u00e9, jak toto jedn\u00e1n\u00ed dopadne, proto\u017ee krom\u011b tradi\u010dn\u00edho odp\u016frce boje s\u00a0uhl\u00edkem Polska, kter\u00e9 je na energii z\u00a0uhl\u00ed zcela z\u00e1visl\u00e9, se \u010dek\u00e1 i na postoj N\u011bmecka, jeho\u017e politici ji\u017e nemohou ignorovat z\u00e1jmy n\u011bmeck\u00fdch pr\u016fmysln\u00edk\u016f. Ale ani pokud n\u00e1vrh Radou EU projde, nebude jeho osud jist\u00fd, proto\u017ee Evropsk\u00fd parlament ho bude schvalovat a\u017e po jarn\u00edch volb\u00e1ch, kter\u00e9 podle mnoha pr\u016fzkum\u016f p\u0159inesou z\u00e1sadn\u00ed pos\u00edlen\u00ed euroskeptick\u00fdch sil, citliv\u00fdch na bruselsk\u00e9 soci\u00e1ln\u00ed in\u017een\u00fdrstv\u00ed. V\u00a0ka\u017ed\u00e9m p\u0159\u00edpad\u011b je nutn\u00e9, aby o t\u011bchto v\u011bcech prob\u00edhala ve\u0159ejn\u00e1 diskuse a politici tak v\u011bd\u011bli, \u017ee ekonomika \u010dlensk\u00fdch zem\u00ed EU nen\u00ed hra\u010dkou v\u00a0jejich rukou.<\/p>\n<p>Na n\u00e1rodn\u00edch \u00farovn\u00edch, kam hlas voli\u010de dol\u00e9h\u00e1 siln\u011bji, se ji\u017e prosazuj\u00ed trendy opa\u010dn\u00e9. Roli tam hraj\u00ed nejen z\u00e1jmy da\u0148ov\u00e9ho poplatn\u00edka a individu\u00e1ln\u00edho spot\u0159ebitele energie. Nyn\u00ed ji\u017e jde o z\u00e1jmy organizovan\u00e9 a daleko motivovan\u011bj\u0161\u00ed: o z\u00e1jmy evropsk\u00e9ho pr\u016fmyslu, pro kter\u00fd je energetick\u00e1 politika EU daleko zhoubn\u011bj\u0161\u00edm faktorem, ne\u017e nap\u0159\u00edklad asijsk\u00e1 konkurence a pokles dom\u00e1c\u00ed popt\u00e1vky dohromady.<\/p>\n<p>A tak jsme sv\u011bdky v\u00a0\u010dase paraleln\u00edch, ale vektorov\u011b zcela protich\u016fdn\u00fdch trend\u016f. Evropsk\u00e1 komise si krom\u011b omezen\u00ed produkce CO<sup>2<\/sup> zv\u00fd\u0161ila tak\u00e9 c\u00edl ve v\u011bci pod\u00edlu OZE na celkov\u00e9 produkci energie (za 15 let to m\u00e1 b\u00fdt cel\u00fdch 27 procent). Daleko opatrn\u011bj\u0161\u00ed je ale ji\u017e v\u00a0metod\u00e1ch, jak toho chce dos\u00e1hnout. Podm\u00ednky jednotliv\u00fdch zem\u00ed, p\u0159edev\u0161\u00edm struktura jejich hospod\u00e1\u0159stv\u00ed co do energetick\u00e9 n\u00e1ro\u010dnosti, jsou tak r\u016fznorod\u00e9, \u017ee je \u010d\u00edm d\u00e1l slo\u017eit\u011bj\u0161\u00ed vt\u011bsnat je do jednotn\u00fdch parametr\u016f. EK proto ch\u00e1pe c\u00edle jako spole\u010dn\u00e9 pro celou EU, nikoli pro ka\u017edou zemi zvl\u00e1\u0161\u0165. To je prvn\u00ed krok k\u00a0naprost\u00e9mu rozm\u011bln\u011bn\u00ed dosavadn\u00ed tuh\u00e9 politiky, p\u0159i\u010dem\u017e jedn\u00edm z\u00a0dal\u0161\u00edch krok\u016f bude nejsp\u00ed\u0161 tich\u00e9 vycouv\u00e1n\u00ed z\u00a0hlasit\u011b vytrubovan\u00fdch c\u00edl\u016f, jako jsme to ostatn\u011b za\u017eili t\u0159eba u tzv. Lisabonsk\u00e9 strategie.<\/p>\n<p>EU sv\u00e9 c\u00edle vyhla\u0161uje v\u00a0dob\u011b, kdy americk\u00fd pr\u016fmysl plat\u00ed 65 USD za MWh, zat\u00edmco pr\u016fmysl v\u00a0zem\u00edch EU v\u00a0pr\u016fm\u011bru 150 USD. N\u016f\u017eky se ale budou nejsp\u00ed\u0161e rozev\u00edrat je\u0161t\u011b v\u00edce. Mezin\u00e1rodn\u00ed energetick\u00e1 agentura sice odhaduje, \u017ee se ob\u011b \u010d\u00edsla b\u011bhem p\u0159\u00ed\u0161t\u00edch 15 let zv\u00fd\u0161\u00ed zhruba propor\u010dn\u011b stejn\u011b, ale zd\u00e1 se, \u017ee tyto odhady je\u0161t\u011b nestihly zareagovat na stagnaci, ne-li pokles ceny elekt\u0159iny USA v\u00a0d\u016fsledku prudk\u00e9ho zvy\u0161ov\u00e1n\u00ed t\u011b\u017eby b\u0159idlicov\u00e9ho plynu. Je jasn\u00e9, \u017ee za t\u011bchto okolnost\u00ed o n\u011bjak\u00e9 konkurenceschopnosti evropsk\u00e9ho pr\u016fmyslu nem\u016f\u017ee b\u00fdt \u0159e\u010d.<\/p>\n<p>Nejl\u00e9pe organizovan\u00e1 pr\u016fmyslov\u00e1 lobby je pr\u00e1v\u011b v\u00a0N\u011bmecku, a tak nep\u0159ekvapuje, \u017ee zrovna odtud vych\u00e1zej\u00ed paradoxn\u011b nejen ty nejextremisti\u010dt\u011bj\u0161\u00ed protiuhl\u00edkov\u00e9 ambice, ale tak\u00e9 nejc\u00edlev\u011bdom\u011bj\u0161\u00ed a nejnad\u011bjn\u011bj\u0161\u00ed pokusy neudr\u017eitelnou energetickou politiku reformovat. Viditeln\u00fd v\u00fdsledek t\u00e9to snahy p\u0159edstavuje chystan\u00fd n\u00e1vrh n\u011bmeck\u00e9 vl\u00e1dy z\u00e1sadn\u011b omezit podporu OZE, kter\u00fd by m\u011bl platit ji\u017e od za\u010d\u00e1tku leto\u0161n\u00edho srpna. Nen\u00ed n\u00e1hodou, \u017ee takov\u00fd n\u00e1vrh nep\u0159ich\u00e1z\u00ed od st\u00e1tn\u00edch \u010di nest\u00e1tn\u00edch ekologick\u00fdch organizac\u00ed, ale od spolkov\u00e9ho ministerstva hospod\u00e1\u0159stv\u00ed (ale zde jde mo\u017en\u00e1 i o formu pok\u00e1n\u00ed, proto\u017ee spolkov\u00fd ministr hospod\u00e1\u0159stv\u00ed Sigmar Gabriel byl s\u00e1m ministrem pro \u017eivotn\u00ed prost\u0159ed\u00ed v\u00a0letech, kdy N\u011bmecko p\u0159ij\u00edmalo ty nejzvrhlej\u0161\u00ed protiuhl\u00edkov\u00e9 iniciativy).<\/p>\n<p>Tyto n\u00e1vrhy nijak nezpochyb\u0148uj\u00ed c\u00edle protiuhl\u00edkov\u00e9 strategie a bohu\u017eel ani nep\u0159ehodnocuj\u00ed zhoubnou doktr\u00ednu boje s\u00a0glob\u00e1ln\u00edm oteplov\u00e1n\u00edm, na to asi \u010das je\u0161t\u011b nenazr\u00e1l. Verb\u00e1ln\u011b u nich tedy z\u016fst\u00e1vaj\u00ed, ale p\u0159ich\u00e1zej\u00ed s\u00a0n\u00e1stroji regulace nov\u00e9 v\u00fdstavby za\u0159\u00edzen\u00ed produkuj\u00edc\u00edch OZE a s p\u0159echodem na mechanismus st\u00e1l\u00e9ho poklesu finan\u010dn\u00ed podpory OZE.<\/p>\n<p>A jak je na tom \u010desk\u00fd pr\u016fmysl? Co se t\u00fd\u010de politick\u00e9 reprezentace, tak asi b\u00eddn\u011b. Podle v\u0161eho m\u00e1me nyn\u00ed vl\u00e1du, kter\u00e1 za svou prioritu nepova\u017euje starost o prosperitu na\u0161eho hospod\u00e1\u0159stv\u00ed ale starost o po\u010det pochval od bruselsk\u00e9 vrchnosti. Re\u00e1ln\u011b v\u0161ak \u010desk\u00fd pr\u016fmysl st\u00e9n\u00e1 a vol\u00e1 o pomoc. Jestli\u017ee je na tom s\u00a0cenou energie pro pr\u016fmysl Evropsk\u00e1 unie nejh\u016f\u0159e na sv\u011bt\u011b, pak \u010desk\u00fd pr\u016fmysl je na tom i v\u00a0r\u00e1mci t\u00e9to EU \u00fapln\u011b tragicky (viz graf). Zelen\u00ed extremist\u00e9 jsou tomu jist\u00e9 r\u00e1di, proto\u017ee sn\u00ed o hospod\u00e1\u0159stv\u00ed bez pr\u016fmyslu, o hospod\u00e1\u0159stv\u00ed, jeho\u017e motorem by nejsp\u00ed\u0161e byla produkce po\u010d\u00edta\u010dov\u00fdch her nebo v\u00fdstavba cyklostezek. Zbavit se ale jedn\u00e9 z\u00a0na\u0161ich m\u00e1la komparativn\u00edch v\u00fdhod, a tou je pr\u00e1v\u011b rozvinut\u00fd pr\u016fmyslov\u00fd potenci\u00e1l, by bylo ekonomickou sebevra\u017edou. Ta ji\u017e v\u0161ak prob\u00edh\u00e1 v\u00a0p\u0159\u00edm\u00e9m p\u0159enose.<\/p>\n<p>Dosud byl ka\u017ed\u00fd hlas, kter\u00fd po\u017eadoval uplatn\u011bn\u00ed ohled\u016f na specifickou strukturu \u010desk\u00e9 ekonomiky, uml\u010dov\u00e1n jako zp\u00e1te\u010dnick\u00fd a slou\u017e\u00edc\u00ed jen ke konzervaci \u00fadajn\u011b nehospod\u00e1rn\u00fdch provoz\u016f. Nyn\u00ed se ale poprv\u00e9 zjevuje \u0161ance, jak se v\u00a0t\u011bchto po\u017eadavc\u00edch op\u0159\u00edt o ne\u010dekan\u00e9 trendy zrovna u t\u011bch, kte\u0159\u00ed se n\u00e1m prezentuj\u00ed jako vzory: u sousedn\u00edch N\u011bmc\u016f. Koneckonc\u016f v\u00a0jednom segmentu se to poda\u0159ilo ji\u017e d\u00e1vno: v\u00a0pivovarnictv\u00ed. Tam se pro p\u0159\u00edsn\u00e1 pravidla pro energetickou spot\u0159ebu poda\u0159ilo vyjednat v\u00fdjimku pr\u00e1v\u011b s\u00a0odkazem na pon\u011bkud jinou technologii v\u00fdroby \u010desk\u00e9ho piva. Podobn\u00fd argument lze ale p\u0159ece uplatit pro cel\u00fd \u010desk\u00fd pr\u016fmysl. Zvedne ho n\u011bkdo z\u00a0na\u0161ich p\u0159edstavitel\u016f?<\/p>\n<p><em>Ps\u00e1no pro Newsletter IVK <\/em><\/p>\n","protected":false},"excerpt":{"rendered":"<p>Evropsk\u00e1 unie p\u0159itvrzuje sv\u00e9 protiuhl\u00edkov\u00e9 c\u00edle. N\u011bmecko omezilo v\u00fdrobu energie z\u00a0j\u00e1dra a zvy\u0161uje t\u011b\u017ebu a spalov\u00e1n\u00ed uhl\u00ed. C\u00edle EU zat\u011b\u017euj\u00ed nejen kapsu da\u0148ov\u00e9ho poplatn\u00edka dotov\u00e1n\u00edm tzv. obnoviteln\u00fdch zdroj\u016f energie (OZE), ale i cel\u00fd evropsk\u00fd pr\u016fmysl st\u00e1le vy\u0161\u0161\u00edmi cenami elekt\u0159iny. N\u011bmecko p\u0159istupuje k\u00a0citeln\u00e9mu omezen\u00ed podpory OZE. C\u00edle EU ohledn\u011b sni\u017eov\u00e1n\u00ed produkce kysli\u010dn\u00edku uhli\u010dit\u00e9ho nemaj\u00ed b\u00fdt nap\u0159\u00ed\u0161t\u011b [&hellip;]<\/p>\n","protected":false},"author":1,"featured_media":0,"comment_status":"open","ping_status":"open","sticky":false,"template":"","format":"standard","meta":{"ngg_post_thumbnail":0,"footnotes":""},"categories":[1],"tags":[],"class_list":["post-4593","post","type-post","status-publish","format-standard","hentry","category-publikovane-clanky"],"_links":{"self":[{"href":"https:\/\/www.ladislavjakl.cz\/index.php?rest_route=\/wp\/v2\/posts\/4593","targetHints":{"allow":["GET"]}}],"collection":[{"href":"https:\/\/www.ladislavjakl.cz\/index.php?rest_route=\/wp\/v2\/posts"}],"about":[{"href":"https:\/\/www.ladislavjakl.cz\/index.php?rest_route=\/wp\/v2\/types\/post"}],"author":[{"embeddable":true,"href":"https:\/\/www.ladislavjakl.cz\/index.php?rest_route=\/wp\/v2\/users\/1"}],"replies":[{"embeddable":true,"href":"https:\/\/www.ladislavjakl.cz\/index.php?rest_route=%2Fwp%2Fv2%2Fcomments&post=4593"}],"version-history":[{"count":1,"href":"https:\/\/www.ladislavjakl.cz\/index.php?rest_route=\/wp\/v2\/posts\/4593\/revisions"}],"predecessor-version":[{"id":4594,"href":"https:\/\/www.ladislavjakl.cz\/index.php?rest_route=\/wp\/v2\/posts\/4593\/revisions\/4594"}],"wp:attachment":[{"href":"https:\/\/www.ladislavjakl.cz\/index.php?rest_route=%2Fwp%2Fv2%2Fmedia&parent=4593"}],"wp:term":[{"taxonomy":"category","embeddable":true,"href":"https:\/\/www.ladislavjakl.cz\/index.php?rest_route=%2Fwp%2Fv2%2Fcategories&post=4593"},{"taxonomy":"post_tag","embeddable":true,"href":"https:\/\/www.ladislavjakl.cz\/index.php?rest_route=%2Fwp%2Fv2%2Ftags&post=4593"}],"curies":[{"name":"wp","href":"https:\/\/api.w.org\/{rel}","templated":true}]}}