{"id":4599,"date":"2014-02-18T14:20:24","date_gmt":"2014-02-18T13:20:24","guid":{"rendered":"http:\/\/www.ladislavjakl.cz\/?p=4599"},"modified":"2014-02-18T14:20:24","modified_gmt":"2014-02-18T13:20:24","slug":"letos-jiz-po-desate-probehne-kultovni-festival-cimrfest","status":"publish","type":"post","link":"https:\/\/www.ladislavjakl.cz\/?p=4599","title":{"rendered":"Letos ji\u017e po des\u00e1t\u00e9 prob\u011bhne kultovn\u00ed festival Cimrfest"},"content":{"rendered":"<div>\n<p>Letos po des\u00e1t\u00e9 prob\u011bhne ji\u017e kultovn\u00ed  festival Cimrfest, kter\u00fd se kon\u00e1 na pam\u00e1tku skv\u011bl\u00e9ho buben\u00edka Zde\u0148ka  Cimmermana. Od jeho smrti v roce 2005 se kon\u00e1 v\u017edy ve stejn\u00fd den \u2013 28.  \u00fanora \u2013 na stejn\u00e9m m\u00edst\u011b \u2013 v klubu Vagon na N\u00e1rodn\u00ed t\u0159\u00edd\u011b.<\/p>\n<p><!--more-->V\u0161ichni p\u0159\u00edznivci bigb\u00edtu se  mohou t\u011b\u0161it na kapelu Folimanka Blues, ve kter\u00e9 Zden\u011bk Cimmerman  bubnoval. Kapela vznikla v roce 1993 a jde o <em>\u201eodv\u00e1zan\u00fd bigb\u00edt i  po\u0159\u00e1dn\u00e9 drama s kusem historie. Folimanka Blues je kapela velk\u00fdch v\u00e1\u0161n\u00ed i  velk\u00e9 srandy, kapela, kter\u00e1 von\u00ed slzami a smrd\u00ed potem,\u201c<\/em> uv\u00e1d\u00ed frontman kapely.<\/div>\n<div>\n<p>Kapelu ale neopustil pouze Zden\u011bk Cimmerman. V roce 2006 ode\u0161el hr\u00e1t  v\u011b\u010dn\u00e9 nebesk\u00e9 jam-session R\u00ed\u0161a K\u0159\u00ed\u017e, v roce 2011 se za n\u00edm vydal  pianista Robby \u010cern\u00fd a jako posledn\u00ed zem\u0159el p\u0159edloni v prosinci Honza  Chalupsk\u00fd. <em>\u201eJako kapelu n\u00e1s potkalo velk\u00e9 ne\u0161t\u011bst\u00ed, ale proto\u017ee  bigb\u00edt mus\u00ed \u017e\u00edt, pokra\u010dujeme d\u00e1l. Na Cimrfestu se netruchl\u00ed a  nevzpom\u00edn\u00e1. Je to ve\u010der pln\u00fd z\u00e1bavy a po\u0159\u00e1dn\u00e9 muziky,\u201c<\/em> dod\u00e1v\u00e1 kapeln\u00edk.<\/p>\n<p>T\u011b\u0161it se m\u016f\u017eete i na dal\u0161\u00ed kapely. Spole\u010dn\u011b s kapelou Folimanka Blues vystoup\u00ed Lib\u00fd Kv\u011bto\u0148 a Dobr\u00e1 p\u011bna.<\/p>\n<p><a href=\"http:\/\/www.regiony24.cz\/23-191689-letos-jiz-po-desate-probehne-kultovni-festival-cimrfest\" target=\"_blank\">Zdroj<\/a><\/div>\n","protected":false},"excerpt":{"rendered":"<p>Letos po des\u00e1t\u00e9 prob\u011bhne ji\u017e kultovn\u00ed festival Cimrfest, kter\u00fd se kon\u00e1 na pam\u00e1tku skv\u011bl\u00e9ho buben\u00edka Zde\u0148ka Cimmermana. Od jeho smrti v roce 2005 se kon\u00e1 v\u017edy ve stejn\u00fd den \u2013 28. \u00fanora \u2013 na stejn\u00e9m m\u00edst\u011b \u2013 v klubu Vagon na N\u00e1rodn\u00ed t\u0159\u00edd\u011b.<\/p>\n","protected":false},"author":1,"featured_media":0,"comment_status":"open","ping_status":"open","sticky":false,"template":"","format":"standard","meta":{"ngg_post_thumbnail":0,"footnotes":""},"categories":[4,11],"tags":[],"class_list":["post-4599","post","type-post","status-publish","format-standard","hentry","category-hudba","category-ozvena"],"_links":{"self":[{"href":"https:\/\/www.ladislavjakl.cz\/index.php?rest_route=\/wp\/v2\/posts\/4599","targetHints":{"allow":["GET"]}}],"collection":[{"href":"https:\/\/www.ladislavjakl.cz\/index.php?rest_route=\/wp\/v2\/posts"}],"about":[{"href":"https:\/\/www.ladislavjakl.cz\/index.php?rest_route=\/wp\/v2\/types\/post"}],"author":[{"embeddable":true,"href":"https:\/\/www.ladislavjakl.cz\/index.php?rest_route=\/wp\/v2\/users\/1"}],"replies":[{"embeddable":true,"href":"https:\/\/www.ladislavjakl.cz\/index.php?rest_route=%2Fwp%2Fv2%2Fcomments&post=4599"}],"version-history":[{"count":1,"href":"https:\/\/www.ladislavjakl.cz\/index.php?rest_route=\/wp\/v2\/posts\/4599\/revisions"}],"predecessor-version":[{"id":4600,"href":"https:\/\/www.ladislavjakl.cz\/index.php?rest_route=\/wp\/v2\/posts\/4599\/revisions\/4600"}],"wp:attachment":[{"href":"https:\/\/www.ladislavjakl.cz\/index.php?rest_route=%2Fwp%2Fv2%2Fmedia&parent=4599"}],"wp:term":[{"taxonomy":"category","embeddable":true,"href":"https:\/\/www.ladislavjakl.cz\/index.php?rest_route=%2Fwp%2Fv2%2Fcategories&post=4599"},{"taxonomy":"post_tag","embeddable":true,"href":"https:\/\/www.ladislavjakl.cz\/index.php?rest_route=%2Fwp%2Fv2%2Ftags&post=4599"}],"curies":[{"name":"wp","href":"https:\/\/api.w.org\/{rel}","templated":true}]}}