{"id":4601,"date":"2014-02-18T14:24:10","date_gmt":"2014-02-18T13:24:10","guid":{"rendered":"http:\/\/www.ladislavjakl.cz\/?p=4601"},"modified":"2014-02-18T14:24:10","modified_gmt":"2014-02-18T13:24:10","slug":"clenove-folimanky-blues-miroslav-lahoda-horovice-bici","status":"publish","type":"post","link":"https:\/\/www.ladislavjakl.cz\/?p=4601","title":{"rendered":"\u010clenov\u00e9 Folimanky Blues: Miroslav Lahoda, Ho\u0159ovice, bic\u00ed"},"content":{"rendered":"<p><strong><em>Pro \u010dlov\u011bka bydl\u00edc\u00edho v panel\u00e1ku je nejhor\u0161\u00ed m\u00edt za souseda tr\u00e9nuj\u00edc\u00edho buben\u00edka. Kde tr\u00e9nuje\u0161?<\/em><\/strong><\/p>\n<p>Je\u0161t\u011b o n\u011bco hor\u0161\u00ed mus\u00ed b\u00fdt soused, co p\u0159ed\u011bl\u00e1v\u00e1 bytov\u00e9 j\u00e1dro. Naprostou v\u011bt\u0161inu sv\u00e9 bubenick\u00e9 kari\u00e9ry cvi\u00ad\u010d\u00edm a zkou\u0161\u00edm ve Spole\u010densk\u00e9m dom\u011b v Ho\u0159ovic\u00edch. M\u011bsto poskytlo n\u011bkolik zku\u0161eben ve sklepen\u00ed nad\u0161en\u00fdm muzikant\u016fm, za to mu pat\u0159\u00ed d\u00edk.<\/p>\n<p><!--more--><\/p>\n<p><strong><em> <\/em><\/strong><\/p>\n<p><strong><em>Kolik piv si m\u016f\u017ee\u0161 d\u00e1t, ne\u017e ztrat\u00ed\u0161 rytmus?<\/em><\/strong><\/p>\n<p>P\u00e1rkr\u00e1t jsem zkusil, co vydr\u017e\u00edm, a hr\u00e1t lze absolutn\u011b do padnut\u00ed. Jen jde o to, kdo vydr\u017e\u00ed poslouchat nekon\u010d\u00edc\u00ed s\u00f3lo, ale t\u00edm v\u011bt\u0161inou trp\u00ed kytarist\u00e9.<\/p>\n<p><strong><em> <\/em><\/strong><\/p>\n<p><strong><em>Jak ovlivn\u00ed tv\u016fj hudebn\u00ed v\u00fdkon p\u0159\u00edtomnost kr\u00e1sn\u00fdch \u017een v publiku?<\/em><\/strong><\/p>\n<p>Ladn\u00e9 k\u0159ivky jsou na koncertech v\u017edy v\u00edt\u00e1ny, jednozna\u010dn\u011b pozitivn\u00ed z\u00e1le\u017eitost.<\/p>\n<p><strong><em> <\/em><\/strong><\/p>\n<p><strong><em>Jak\u00fd m\u00e1 vliv na kvalitu muzikanta jeho politick\u00e9 sm\u00fd\u0161len\u00ed?<\/em><\/strong><\/p>\n<p>Mysl\u00edm si, \u017ee politick\u00e9 sm\u00fd\u0161len\u00ed na kvalitu muzikanta vliv nem\u00e1. Sp\u00ed\u0161 muzikantsk\u00fd \u017eivot m\u00e1 vliv na politick\u00e9 sm\u00fd\u0161len\u00ed.<\/p>\n<p><strong><em> <\/em><\/strong><\/p>\n<p><strong><em>Co d\u011bl\u00e1\u0161, kdy\u017e u\u017e se ti chce uprost\u0159ed koncertu na z\u00e1chod?<\/em><\/strong><\/p>\n<p>M\u00edrn\u00e1 nervozita naprosto p\u0159irozen\u011b vy\u0159e\u0161\u00ed tento probl\u00e9m ji\u017e p\u0159ed vystoupen\u00edm. Nepamatuji se.<\/p>\n<p><strong><em> <\/em><\/strong><\/p>\n<p><strong><em>Kolik u\u017e jsi p\u0159erazil pali\u010dek?<\/em><\/strong><\/p>\n<p>Pali\u010dky nel\u00e1mu. K bic\u00ed souprav\u011b se chov\u00e1m slu\u0161n\u011b. Ve studiu u \u0160ik\u00fd\u0159e \u0159\u00edkali, \u017ee jsem pokojov\u00fd hr\u00e1\u010d, asi na tom n\u011bco bude. Na pali\u010dk\u00e1ch mi nejd\u0159\u00edve odch\u00e1zej\u00ed hlavi\u010dky, pak kupuji nov\u00e9.<\/p>\n<p><strong><em> <\/em><\/strong><\/p>\n<p><strong><em>Jak dlouho bubnuje\u0161?<\/em><\/strong><\/p>\n<p>Na bubny hraju u\u017e 20 let, ale za\u010d\u00e1tky to nebyly jednoduch\u00e9. Nejd\u0159\u00edve jsem vlastnil jen pali\u010dky a bouchal do v\u0161eho, co mi p\u0159i\u0161lo pod ruku. Kop\u00e1k p\u016fl roku nahrazoval vy\u0159azen\u00fd kufr.<\/p>\n<p><strong><em> <\/em><\/strong><\/p>\n<p><strong><em>Jak ses dostal k hran\u00ed?<\/em><\/strong><\/p>\n<p>K muzice jsem se dostal p\u0159es br\u00e1chu, se kter\u00fdm jsem zalo\u017eil sklepn\u00ed formaci The Sherry. P\u0159es po\u010d\u00e1te\u010dn\u00ed kotrmelce a p\u0159es prvn\u00ed koncert v Kom\u00e1rov\u011b jsme se po roce vrz\u00e1n\u00ed p\u0159ifa\u0159ili k znovurozpadnuv\u0161\u00ed se skupin\u011b Hro\u0161\u00ed farma. Tam to teprve v\u0161echno za\u010dalo.<\/p>\n<p><strong><em> <\/em><\/strong><\/p>\n<p><strong><em>Pro\u010d hraje\u0161 pr\u00e1v\u011b na bic\u00ed, co t\u011b p\u0159ivedlo k tomuto n\u00e1stroji? Um\u00ed\u0161 hr\u00e1t i na jin\u00fd n\u00e1stroj?<\/em><\/strong><\/p>\n<p>Na bic\u00ed hraju, proto\u017ee se v\u00fdborn\u011b hod\u00ed k base. Br\u00e1cha tenkr\u00e1t v\u00e1lel, hr\u00e1l na ni jak na \u0161pan\u011blku a jeho pov\u011bstn\u00e1 \u201el\u00e1ma\u010dka\u201c byla nep\u0159ekonateln\u00e1. Jinak m\u011b na\u0161e d\u011bti vydr\u017e\u00ed poslouchat asi p\u016fl hodinky, kdy\u017e vyt\u00e1hnu z kufru akordeon, nebo kdy\u017e za\u010dnu ml\u00e1tit do rozlad\u011bn\u00fdho piana. Nic naplat jsou to znalci. Na kytaru zahraju asi deset akord\u016f, co\u017e je dost m\u00e1lo, mysl\u00edm.<\/p>\n<p><strong><em> <\/em><\/strong><\/p>\n<p><strong><em>Jsi samouk \u010di m\u00e1\u0161 n\u011bjak\u00e9 hudebn\u00ed vzd\u011bl\u00e1n\u00ed?<\/em><\/strong><\/p>\n<p>Jsem p\u0159ev\u00e1\u017en\u011b samouk. P\u016fl roku m\u011b tr\u00e1pili v lidu\u0161ce Tuzarem, teprve dnes dok\u00e1\u017eu ocenit kvalitu t\u00e9to u\u010debnice. Taky jsem doj\u00ed\u017ed\u011bl do rockov\u00e9 \u0161koly Come to jam, kde m\u011b Oto Jarka zasv\u011btil do u\u010debnic Milo\u0161e Vesel\u00e9ho, ke kter\u00fdm se vrac\u00edm dodnes.<\/p>\n<p><strong><em> <\/em><\/strong><\/p>\n<p><strong><em>Jak\u00e9 byly tv\u00e9 za\u010d\u00e1tky? Zalo\u017eil jsi n\u011bjakou vlastn\u00ed kapelu, nebo jsi byl n\u011bjakou anga\u017eov\u00e1n?<\/em><\/strong><\/p>\n<p>Posledn\u00edch osm let spolu s kytaristou Honzou J\u00edlkem zakl\u00e1d\u00e1me a rozkl\u00e1d\u00e1me kapely jak na b\u011b\u017e\u00edc\u00edm p\u00e1su. V sou\u010dasnosti se sch\u00e1z\u00edme dosti nepravideln\u011b. S Petrem Spurn\u00fdm za kl\u00e1vesama a Tom\u00e1\u0161em \u0160ebestou na basu p\u0159ipravujeme velkou v\u011bc, u\u017e dlouho, nechte se p\u0159ekvapit.<\/p>\n<p><strong><em> <\/em><\/strong><\/p>\n<p><strong><em>Jak jsi dostal do Folimanky Blues? Oslovili t\u011b, nebo jsi je kontaktoval s\u00e1m?<\/em><\/strong><\/p>\n<p>\u00dapln\u011b n\u00e1hodou jsem se dostal ke dva m\u011bs\u00edce star\u00e9mu inzer\u00e1tu, \u017ee Folimanka Blues hled\u00e1 buben\u00edka. Odpov\u011b\u00add\u011bl jsem, zajel ke Kelleymu, za 14 dn\u00ed zas, pak zase a zase a najednou Akropolis.<\/p>\n<p><strong><em>Kde v\u0161ude jsi bubnoval p\u0159edt\u00edm?<\/em><\/strong><\/p>\n<p>The Sherry, Hro\u0161\u00ed farma, Cirkus Bude, Dubni\u010dka &#8211; Lahoda. V\u0161e m\u011b bavilo a bav\u00ed.<\/p>\n<p><strong><em> <\/em><\/strong><\/p>\n<p><strong><em>Jsi sp\u00ed\u0161 pas\u00edvn\u00ed typ, kter\u00fd vzorn\u011b bubnuje tak, jak se po n\u011bm chce, nebo jsi tak trochu tvo\u0159iv\u00fd typ, kter\u00fd dok\u00e1\u017ee i star\u0161\u00ed skladbu o\u017eivit sv\u00fdm pojet\u00edm?<\/em><\/strong><\/p>\n<p>Sp\u00ed\u0161e bych se za\u0159adil do druh\u00e9 skupiny. V\u017edy jsem hr\u00e1l autorskou muziku, kde to bez tvo\u0159iv\u00e9ho p\u0159\u00edstupu ne\u0161lo. Takt\u00e9\u017e je to i ve Folimance. Na dan\u00fdch z\u00e1kladech, p\u0159edev\u0161\u00edm na form\u011b si hraju, co chci.<\/p>\n<p><strong><em> <\/em><\/strong><\/p>\n<p><strong><em>Hraje\u0161 dnes ve v\u00edcero kapel\u00e1ch?<\/em><\/strong><\/p>\n<p>V sou\u010dasnosti vystupuji krom FB se seskupen\u00edm Dubni\u010dka &#8211; Lahoda. Jde o m\u00e9ho bratrance Zde\u0148ka a re\u017eis\u00e9ra Vil\u00e9ma Dubni\u010dku. Jejich n\u011bkdy potrhl\u00e9, ale jindy v\u00e1\u017en\u00e9 p\u00edsni\u010dky doprov\u00e1z\u00edm na bic\u00ed soupravu. Hr\u00e1t s nimi je sv\u00e1tek, legrace, doporu\u010duji.<\/p>\n<p><strong><em> <\/em><\/strong><\/p>\n<p><strong><em>D\u00e1 se v dne\u0161n\u00ed dob\u011b u\u017eivit hran\u00edm?<\/em><\/strong><\/p>\n<p>M\u00e1m p\u00e1r kamar\u00e1d\u016f, co se muzikou \u017eiv\u00ed nebo si alespo\u0148 slu\u0161n\u011b p\u0159ivyd\u011bl\u00e1vaj\u00ed. Rozhodn\u011b nez\u00e1vid\u00edm. Je to d\u0159ina a \u010dastokr\u00e1t se mus\u00ed sn\u00ed\u017eit k nep\u011bkn\u00fdm v\u011bcem. O autorskou muziku v\u011bt\u0161inou nejde. Trdlov\u00e1n\u00ed na ve\u010d\u00edrc\u00edch, svatb\u00e1ch a \u010dty\u0159hodinov\u00e9 p\u0159edstaven\u00ed na z\u00e1bav\u011b je kategorie sama pro sebe. O to nem\u00e1m z\u00e1jem.<\/p>\n<p><strong><em> <\/em><\/strong><\/p>\n<p><strong><em>M\u00e1\u0161 n\u011bjak\u00e9 bubenick\u00e9 vzory? A kter\u00e9?<\/em><\/strong><\/p>\n<p>Vzory nem\u00e1m. K nikomu nevzhl\u00ed\u017e\u00edm. Samoz\u0159ejm\u011b je cel\u00e1 \u0159ada buben\u00edk\u016f nap\u0159. Jojo Mayer nebo Dennis Chambers, kter\u00fdch si v\u00e1\u017e\u00edm, ale nesna\u017e\u00edm se kop\u00edrovat jejich tvorbu. Mo\u017en\u00e1 trocha inspirace.<\/p>\n<p><strong><em> <\/em><\/strong><\/p>\n<p><strong><em>Tak\u017ee se nesna\u017e\u00ed\u0161 se hr\u00e1t jako oni? Sna\u017e\u00ed\u0161 se o svou vlastn\u00ed cestu?<\/em><\/strong><\/p>\n<p>Nejv\u00edc m\u011b ovliv\u0148uj\u00ed spoluhr\u00e1\u010di. Sna\u017e\u00edm se, nebo dosud jsem se sna\u017eil p\u0159izp\u016fsobovat hru ostatn\u00edm spoluhr\u00e1\u00ad\u010d\u016fm. Bic\u00ed jsou sice rytmick\u00fd, hlasit\u00fd, ale doprovodn\u00fd n\u00e1stroj. A\u017e ve skladb\u00e1ch FB jsou momenty, kdy si bic\u00ed raz\u00ed svoji cestu, neohl\u00ed\u017eeje se na nikoho. Kupodivu to funguje.<\/p>\n<p><strong><em> <\/em><\/strong><\/p>\n<p><strong><em>Existuje nebo existoval n\u011bjak\u00fd muzikant \u010di kapela, nemus\u00ed to b\u00fdt zrovna tv\u016fj vzor, se kter\u00fdm by sis cht\u011bl zahr\u00e1t?<\/em><\/strong><\/p>\n<p>R\u00e1d si zahraju s ka\u017ed\u00fdm, kdo m\u011b muzikantsky obohat\u00ed.<\/p>\n<p><strong><em> <\/em><\/strong><\/p>\n<p><strong><em>K \u010demu by ses jako buben\u00edk nikdy nesn\u00ed\u017eil?<\/em><\/strong><\/p>\n<p>Hr\u00e1t na bubny pali\u010dkama s plastovejma hlavi\u010dkama.<\/p>\n<p><strong><em> <\/em><\/strong><\/p>\n<p><strong><em>Jak\u00e1 je tv\u00e1 obvykl\u00e1 skladba?<\/em><\/strong><\/p>\n<p>P\u0159edehra &#8211; sloka &#8211; refr\u00e9n &#8211; s\u00f3lo &#8211; sloka &#8211; refr\u00e9n &#8211; koruna. \u00daklon, dv\u011b pivka a do pelechu mar\u0161.<\/p>\n<p><strong><em> <\/em><\/strong><\/p>\n<p><strong><em>\u010ceho bys cht\u011bl v hudb\u011b dos\u00e1hnout? Kde je tv\u00e1 meta spokojenosti?<\/em><\/strong><\/p>\n<p>K m\u00e9 spokojenosti sta\u010d\u00ed, abych hr\u00e1l pro lidi a ne pro polopr\u00e1zdn\u00fd s\u00e1l. Kdy\u017e jsou muzikanti v p\u0159esile, ned\u011bl\u00e1 to dobrotu.<\/p>\n<p><strong><em> <\/em><\/strong><\/p>\n<p><strong><em>Podporuje t\u011b rodina? Bere tv\u00e9 hran\u00ed jako kon\u00ed\u010dka, nebo t\u011b ti\u0161e trp\u00ed?<\/em><\/strong><\/p>\n<p>Rodina je mi velkou oporou, muzika ke mn\u011b neodmysliteln\u011b pat\u0159\u00ed a tak to vn\u00edm\u00e1 i m\u00e1 rodina.<\/p>\n<p><strong><em> <\/em><\/strong><\/p>\n<p><strong><em>Jak\u00fd nejkuri\u00f3zn\u011bj\u0161\u00ed z\u00e1\u017eitek m\u00e1\u0161 spojen\u00fd s hudbou nebo s bic\u00edmi?<\/em><\/strong><\/p>\n<p>K nejkuri\u00f3zn\u011bj\u0161\u00edmu z\u00e1\u017eitku rozhodn\u011b pat\u0159\u00ed koncert ve squatu Milada. P\u0159ijeli jsme se zvukovou a sv\u011btelnou aparaturou. By\u0165 byl za\u010d\u00e1tek pl\u00e1nov\u00e1n na 17. hodinu, mohli jsme za\u010d\u00edt hr\u00e1t a\u017e po rozsv\u00edcen\u00ed pouli\u010dn\u00edho osv\u011btlen\u00ed. Je\u0161t\u011b \u0161t\u011bst\u00ed, \u017ee byl s n\u00e1mi elektrik\u00e1\u0159. Neopakovateln\u00e1 atmosf\u00e9ra. M\u00edst\u0148\u00e1ci tvrdili, \u017ee k nim p\u0159ijeli Pink Floyd.<\/p>\n<p><strong><em> <\/em><\/strong><\/p>\n<p><strong><em>Daj\u00ed se na bic\u00ed balit holky, kdy\u017e sed\u00ed\u0161 a\u017e vzadu a nen\u00ed t\u011b moc vid\u011bt?<\/em><\/strong><\/p>\n<p>Ur\u010dit\u011b to lze, ale nikdy jsem o to moc nest\u00e1l.<\/p>\n<p><a href=\"https:\/\/www.ladislavjakl.cz\/wp-content\/uploads\/2014\/02\/mirek1.jpg\"><img loading=\"lazy\" decoding=\"async\" class=\"alignnone size-full wp-image-4603\" title=\"mirek\" src=\"https:\/\/www.ladislavjakl.cz\/wp-content\/uploads\/2014\/02\/mirek1.jpg\" alt=\"mirek\" width=\"446\" height=\"298\" srcset=\"https:\/\/www.ladislavjakl.cz\/wp-content\/uploads\/2014\/02\/mirek1.jpg 446w, https:\/\/www.ladislavjakl.cz\/wp-content\/uploads\/2014\/02\/mirek1-264x176.jpg 264w\" sizes=\"auto, (max-width: 446px) 100vw, 446px\" \/><\/a><\/p>\n<p><a href=\"http:\/\/www.folimankablues.cz\/index.php?id=rozhovory&amp;text=rozhovor_mirek\" target=\"_blank\">Folimanka Blues.cz<\/a><\/p>\n","protected":false},"excerpt":{"rendered":"<p>Pro \u010dlov\u011bka bydl\u00edc\u00edho v panel\u00e1ku je nejhor\u0161\u00ed m\u00edt za souseda tr\u00e9nuj\u00edc\u00edho buben\u00edka. Kde tr\u00e9nuje\u0161? Je\u0161t\u011b o n\u011bco hor\u0161\u00ed mus\u00ed b\u00fdt soused, co p\u0159ed\u011bl\u00e1v\u00e1 bytov\u00e9 j\u00e1dro. Naprostou v\u011bt\u0161inu sv\u00e9 bubenick\u00e9 kari\u00e9ry cvi\u00ad\u010d\u00edm a zkou\u0161\u00edm ve Spole\u010densk\u00e9m dom\u011b v Ho\u0159ovic\u00edch. M\u011bsto poskytlo n\u011bkolik zku\u0161eben ve sklepen\u00ed nad\u0161en\u00fdm muzikant\u016fm, za to mu pat\u0159\u00ed d\u00edk.<\/p>\n","protected":false},"author":1,"featured_media":0,"comment_status":"open","ping_status":"open","sticky":false,"template":"","format":"standard","meta":{"ngg_post_thumbnail":0,"footnotes":""},"categories":[4],"tags":[],"class_list":["post-4601","post","type-post","status-publish","format-standard","hentry","category-hudba"],"_links":{"self":[{"href":"https:\/\/www.ladislavjakl.cz\/index.php?rest_route=\/wp\/v2\/posts\/4601","targetHints":{"allow":["GET"]}}],"collection":[{"href":"https:\/\/www.ladislavjakl.cz\/index.php?rest_route=\/wp\/v2\/posts"}],"about":[{"href":"https:\/\/www.ladislavjakl.cz\/index.php?rest_route=\/wp\/v2\/types\/post"}],"author":[{"embeddable":true,"href":"https:\/\/www.ladislavjakl.cz\/index.php?rest_route=\/wp\/v2\/users\/1"}],"replies":[{"embeddable":true,"href":"https:\/\/www.ladislavjakl.cz\/index.php?rest_route=%2Fwp%2Fv2%2Fcomments&post=4601"}],"version-history":[{"count":1,"href":"https:\/\/www.ladislavjakl.cz\/index.php?rest_route=\/wp\/v2\/posts\/4601\/revisions"}],"predecessor-version":[{"id":4604,"href":"https:\/\/www.ladislavjakl.cz\/index.php?rest_route=\/wp\/v2\/posts\/4601\/revisions\/4604"}],"wp:attachment":[{"href":"https:\/\/www.ladislavjakl.cz\/index.php?rest_route=%2Fwp%2Fv2%2Fmedia&parent=4601"}],"wp:term":[{"taxonomy":"category","embeddable":true,"href":"https:\/\/www.ladislavjakl.cz\/index.php?rest_route=%2Fwp%2Fv2%2Fcategories&post=4601"},{"taxonomy":"post_tag","embeddable":true,"href":"https:\/\/www.ladislavjakl.cz\/index.php?rest_route=%2Fwp%2Fv2%2Ftags&post=4601"}],"curies":[{"name":"wp","href":"https:\/\/api.w.org\/{rel}","templated":true}]}}