{"id":4616,"date":"2014-03-04T15:56:42","date_gmt":"2014-03-04T14:56:42","guid":{"rendered":"http:\/\/www.ladislavjakl.cz\/?p=4616"},"modified":"2014-03-04T15:57:55","modified_gmt":"2014-03-04T14:57:55","slug":"kdo-je-tady-pravice-prou-se-svobodni-s-hajkem-pred-eurovolbami","status":"publish","type":"post","link":"https:\/\/www.ladislavjakl.cz\/?p=4616","title":{"rendered":"Kdo je tady pravice? p\u0159ou se Svobodn\u00ed s H\u00e1jkem p\u0159ed eurovolbami"},"content":{"rendered":"<p>Od voleb do evropsk\u00e9ho parlamentu, kter\u00e9 se konaj\u00ed za t\u0159i m\u011bs\u00edce, si euroskeptici slibuj\u00ed v\u00fdrazn\u00e9 pos\u00edlen\u00ed. Volebn\u011b nej\u00fasp\u011b\u0161n\u011bj\u0161\u00ed z nich, Svobodn\u00ed, v\u0161ak \u010del\u00ed ostr\u00e9 kritice nacionalistick\u00e9ho a konzervativn\u00edho k\u0159\u00eddla, seskupen\u00e9ho kolem webu Protiproud Petra H\u00e1jka. O ostatn\u00edch prakticky nen\u00ed sly\u0161et.<\/p>\n<p><!--more--><\/p>\n<p>Po ekonomicky kritick\u00e9m roce 2009, po n\u011bm\u017e mnoho evropsk\u00fdch st\u00e1t\u016f skon\u010dilo v hospod\u00e1\u0159sk\u00e9 brynd\u011b a stalo se z\u00e1visl\u00fdmi na pomoci EU, euroskeptick\u00e1 hnut\u00ed za\u010dala nap\u0159\u00ed\u010d Evropou s\u00edlit. Britsk\u00e9mu premi\u00e9rovi Cameronovi d\u011bl\u00e1 vr\u00e1sky Strana nez\u00e1vislosti Spojen\u00e9ho kr\u00e1lovstv\u00ed, Francie m\u00e1 svou N\u00e1rodn\u00ed frontu a nov\u011b zalo\u017een\u00e1 Aliance pro N\u011bmecko jen t\u011bsn\u011b nep\u0159ekro\u010dila hranici pro vstup do n\u011bmeck\u00e9ho parlamentu.<\/p>\n<p>V \u010cesku m\u00e1 kritika EU dva z\u00e1kladn\u00ed sm\u011bry: jeden, kter\u00fd hl\u00e1saj\u00ed Svobodn\u00ed (op\u0159en\u00fd o kritiku unijn\u00ed byrokracie a tezi, \u017ee vn\u011b EU by \u010desk\u00e9 ekonomice bylo l\u00e9pe) a druh\u00fd, slovy t\u011bch, kte\u0159\u00ed se k n\u011bmu hl\u00e1s\u00ed, konzervativn\u00ed \u010di n\u00e1rodoveck\u00fd. Ten v Unii a nejen v n\u00ed vid\u00ed p\u0159edev\u0161\u00edm ni\u010ditele tradi\u010dn\u00edch hodnot, nap\u0159\u00edklad rodiny \u010di v\u00edry.<\/p>\n<p>P\u0159edseda Svobodn\u00fdch Petr Mach s t\u00edmto r\u00e1mcov\u00fdm d\u011blen\u00edm souhlas\u00ed. &#8222;Do jist\u00e9 m\u00edry to tak vn\u00edm\u00e1m. Z okol\u00ed Akce D.O.S.T. nebo pana H\u00e1jka, p\u0159\u00edpadn\u011b t\u011bch nov\u011b vznikaj\u00edc\u00edch uskupen\u00ed jako Ne Bruselu, je c\u00edtit velk\u00e1 m\u00edra netolerance, nen\u00e1vist k r\u016fzn\u00fdm skupin\u00e1m. To je n\u00e1m absolutn\u011b ciz\u00ed,&#8220; \u0159\u00edk\u00e1 (Mach s\u00e1m podepsal p\u016fvodn\u00ed &#8222;manifest D.O.S.T.&#8220;, s n\u00e1sledn\u00fdmi aktivitami sdru\u017een\u00ed Akce D.O.S.T. nesouhlas\u00ed.)<\/p>\n<p>Dod\u00e1v\u00e1, \u017ee Svobodn\u00ed stav\u00ed na principu dobrovoln\u00e9 spolupr\u00e1ce &#8211; nap\u0159\u00edklad \u010dlenstv\u00ed v Evropsk\u00e9 z\u00f3n\u011b voln\u00e9ho obchodu nam\u00edsto v EU pat\u0159\u00ed k jejich zn\u00e1m\u011bj\u0161\u00edm po\u017eadavk\u016fm. &#8222;Zat\u00edmco proudy kolem Akce D.O.S.T. by r\u00e1dy skrze st\u00e1t uplat\u0148ovaly sv\u016fj hodnotov\u00fd syst\u00e9m,&#8220; popisuje rozd\u00edl sv\u00fdm pohledem Mach.<\/p>\n<p>V kritice EU i \u010desk\u00e9ho politick\u00e9ho mainstreamu coby levice se oba sm\u011bry shoduj\u00ed, z\u00e1rove\u0148 nicm\u00e9n\u011b v\u00e1l\u010d\u00ed mezi sebou. &#8222;Svobodn\u00ed se &#8211; podle m\u011b mystifika\u010dn\u011b &#8211; vyd\u00e1vaj\u00ed za pravicovou stranu,&#8220; \u0159\u00edk\u00e1 nap\u0159\u00edklad na sv\u00e9m webu Protiproud.cz publicista a n\u011bkdej\u0161\u00ed vicekancl\u00e9\u0159 prezidenta V\u00e1clava Klause Petr H\u00e1jek.<\/p>\n<p>&#8222;\u0160iroko daleko od n\u00e1s vlastn\u011b nen\u00ed \u017e\u00e1dn\u00e1 pravicov\u00e1 strana. Ty, co se hl\u00e1sily k pravici, v podstat\u011b zanikly,&#8220; kontruje \u0161\u00e9f Svobodn\u00fdch Mach. Z jeho pohledu jsou v\u0161echny v\u011bt\u0161\u00ed strany v\u010detn\u011b ODS nalevo.<br \/>\nNeda\u0159\u00ed se kv\u016fli Svobodn\u00fdm, st\u011b\u017eoval si Klaus<\/p>\n<p>Aktivist\u00e9, kte\u0159\u00ed se ozna\u010duj\u00ed za konzervativce a n\u00e1rodovce (\u010di alespo\u0148 jedno z toho), dosud voli\u010de nezaujali. Nap\u0159\u00edklad v podzimn\u00edch sn\u011bmovn\u00edch volb\u00e1ch zcela propadl narychlo slepen\u00fd blok Hlavu vzh\u016fru. Exprezident Klaus si u\u017e p\u0159ed volbami, jako by tu\u0161il fiasko, post\u011b\u017eoval, \u017ee blok p\u0159ipravili o \u00fasp\u011bch Svobodn\u00ed, neochotn\u00ed pod\u0159\u00eddit se koalici za\u0161t\u00edt\u011bn\u00e9 Janou Bobo\u0161\u00edkovou.<\/p>\n<p>&#8222;Nejv\u011bt\u0161\u00ed \u00fader tomu dala jedna mal\u00e1 strana, kter\u00e1 je n\u00e1m jinak n\u00e1zorov\u011b velmi bl\u00edzk\u00e1, ale kter\u00e1 se v \u017e\u00e1dn\u00e9m p\u0159\u00edpad\u011b p\u0159ipojit necht\u011bla. Byla to strana Svobodn\u00fdch ob\u010dan\u016f Petra Macha. To, \u017ee se nebyl ochoten p\u0159idat, byla z\u00e1sadn\u00ed trhlina v pokusu takov\u00e9to \u0161ir\u0161\u00ed seskupen\u00ed ud\u011blat,&#8220; \u0159ekl tehdy Klaus o &#8211; jeho slovy &#8211; pokusu integrovat pravici (v\u00edce zde).<\/p>\n<p><strong> H\u00e1jkova a Pajonkova bitva o rodinu a n\u00e1rodn\u00ed z\u00e1jmy<\/strong><\/p>\n<p>Dobrou ilustraci toho, v \u010dem spor mezi euroskeptiky v\u011bz\u00ed, p\u0159inesla lednov\u00e1 v\u00fdm\u011bna n\u00e1zor\u016f mezi H\u00e1jkem a nov\u00fdm m\u00edstop\u0159edsedou Svobodn\u00fdch Tom\u00e1\u0161em Pajonkem. H\u00e1jek na Protiproudu publikoval text autora s pseudonymem V\u00e1clav Danda.<\/p>\n<p>&#8222;Krom\u011b d\u016fsledn\u00e9ho odm\u00edt\u00e1n\u00ed Bruselu, co\u017e je podm\u00ednka nutn\u00e1, ale nedosta\u010duj\u00edc\u00ed, mus\u00ed (n\u00e1rodn\u00ed z\u00e1jmy reprezentuj\u00edc\u00ed) subjekt nab\u00edzet i obhajobu tradi\u010dn\u00edch civiliza\u010dn\u00edch hodnot. Z t\u011bchto d\u016fvod\u016f nem\u016f\u017ee b\u00fdt alternativou ani Strana svobodn\u00fdch ob\u010dan\u016f, pro kterou je n\u00e1rod sprost\u00e9 slovo. (&#8230;) Ost\u0159e libertari\u00e1nsk\u00fd kurz byl potvrzen na prosincov\u00e9m sn\u011bmu volbou obh\u00e1jce s\u0148atk\u016f homosexu\u00e1l\u016f Tom\u00e1\u0161e Pajonka m\u00edstop\u0159edsedou strany,&#8220; uv\u00e1d\u00ed Danda (cel\u00fd text zde).Pajonk to nenechal bez odezvy. &#8222;N\u00e1rod pro Svobodn\u00e9 sprost\u00e9 slovo nen\u00ed. Bohu\u017eel slovu n\u00e1rod a n\u00e1rodn\u00ed z\u00e1jmy zni\u010dili jak\u00fdkoli pozitivn\u00ed n\u00e1dech pr\u00e1v\u011b n\u011bkte\u0159\u00ed konzervativci, kte\u0159\u00ed \u017e\u00e1dn\u00ed skute\u010dn\u00ed konzervativci nebyli, jen autokrat\u00e9 oble\u010den\u00ed v kab\u00e1tku &#8218;ochr\u00e1nc\u016f jazyka, n\u00e1roda a vlasti&#8216;,&#8220; reagoval.<\/p>\n<p>Dodal, \u017ee nen\u00ed \u017e\u00e1dn\u00fdm &#8222;homosexu\u00e1l\u016fm fand\u00edc\u00edm \u010dlov\u011bkem&#8220; a \u017ee by byl nejrad\u011bji, kdyby st\u00e1t do rodinn\u00fdch vztah\u016f nezasahoval. \u010c\u00edm\u017e si vyslou\u017eil obs\u00e1hl\u00fd \u00fatok ze strany Petra H\u00e1jka (cel\u00fd text zde), kter\u00fd mu vy\u010detl obavu pou\u017e\u00edvat slovo &#8218;n\u00e1rod&#8216;, absenci idej\u00ed a strukturovan\u00e9ho my\u0161len\u00ed. Dodal, \u017ee ho d\u011bs\u00ed, \u017ee pro Pajonka je rodina &#8222;v\u00edce ne\u017e st\u00e1t&#8220;, a bod po bodu oponoval v\u0161em jeho tvrzen\u00edm.<br \/>\nPajonk reagoval stru\u010dnou replikou, uvedenou v\u011btou o fale\u0161n\u00fdch konzervativc\u00edch: &#8222;Nem\u016f\u017eeme prosazovat H\u00e1jkovo aktivistick\u00e9 vid\u011bn\u00ed sv\u011bta. To, \u017ee s n\u00e1mi nesouhlas\u00edte, jen potvrzuje, \u017ee jsme na dobr\u00e9 cest\u011b,&#8220; napsal \u0161\u00e9fovi Protiproudu. Oba mu\u017ei se pak je\u0161t\u011b se\u0161li a shodli se na tom, \u017ee st\u00e1t by nem\u011bl ob\u010dany nikam v\u00e9st a nikam spole\u010dnost sm\u011brovat.<\/p>\n<p><strong>Na sc\u00e9nu vstupuje Jakl<\/strong><br \/>\nCo z H\u00e1jkovy strany vypad\u00e1 jako slov\u00ed\u010dka\u0159en\u00ed (nap\u0159\u00edklad dedukce, \u017ee Pajonk &#8222;st\u00e1tem opovrhuje&#8220; ze stru\u010dn\u00e9ho Pajonkova &#8222;rodina je pro m\u011b v\u00edc ne\u017e st\u00e1t&#8220;), ve skute\u010dnosti zv\u00fdraz\u0148uje, kde je mezi ob\u011bma euroskeptick\u00fdmi proudy ona d\u011blic\u00ed \u010d\u00e1ra. Objasn\u011bn\u00ed napomohl dal\u0161\u00ed \u010dlov\u011bk z okol\u00ed V\u00e1clava Klause, kter\u00fd \u010dast\u011bji sp\u00ed\u0161e provokuje a rozd\u011bluje: Ladislav Jakl.<\/p>\n<p>&#8222;U\u017e nejm\u00e9n\u011b dv\u011b desetilet\u00ed m\u011b tr\u00e1p\u00ed vz\u00e1jemn\u00e9 nepochopen\u00ed mnoh\u00fdch ekonomick\u00fdch liber\u00e1l\u016f a mnoh\u00fdch lid\u00ed oddan\u00fdch tradi\u010dn\u00edm konzervativn\u00edm hodnot\u00e1m a v\u00ed\u0159e,&#8220; napsal na sv\u016fj web.<br \/>\nPodle Jakla toti\u017e to, \u017ee je n\u011bkdo zdr\u017eenliv\u00fd k pou\u017eit\u00ed st\u00e1tu a jeho mocensk\u00fdch n\u00e1stroj\u016f k prosazov\u00e1n\u00ed ur\u010dit\u00fdch hodnot &#8211; tak jako Svobodn\u00ed &#8211; neznamen\u00e1 to, \u017ee s\u00e1m je v\u016f\u010di t\u011bmto hodnot\u00e1m neutr\u00e1ln\u00ed a \u017ee je lidsky ka\u017edodenn\u011b neh\u00e1j\u00ed. A naopak podle n\u011bj \u010dlov\u011bk, kter\u00fd odm\u00edt\u00e1 relativizaci hodnot, je\u0161t\u011b nemus\u00ed cht\u00edt u\u010dinit ze st\u00e1tu beranidlo k prosazov\u00e1n\u00ed v\u0161eho, co prosazuje za dobr\u00e9.<\/p>\n<p>B\u00fdval\u00fd hradn\u00ed tajemn\u00edk z \u00e9ry V\u00e1clava Klause sice p\u0159ipou\u0161t\u00ed, \u017ee spor je \u010d\u00e1ste\u010dn\u011b u\u017eite\u010dn\u00fd kv\u016fli vyjasn\u011bn\u00ed v\u00fdchodisek a stanovisek, z\u00e1rove\u0148 je ale podle n\u011bj zni\u010duj\u00edc\u00ed. &#8222;I tam, kde nab\u00fdv\u00e1 podoby osobn\u00ed nesmi\u0159itelnosti a militantnosti a kde p\u0159ehlu\u0161uje v mnoh\u00e9m spole\u010dn\u00e9 ideje a c\u00edle,&#8220; p\u00ed\u0161e Jakl.<br \/>\n<strong><br \/>\nChceme va\u0161e hlasy, ale web nem\u00e1me. Dejte si sva\u0159\u00e1k<\/strong><br \/>\nP\u0159ed bl\u00ed\u017e\u00edc\u00edmi se eurovolbami liber\u00e1ln\u011bj\u0161\u00ed Svobodn\u00ed p\u016fsob\u00ed organizovan\u011bj\u0161\u00edm dojmem ne\u017e ostatn\u00ed s\u00edly z t\u00e1bora, kter\u00fd se ozna\u010duje za protiunijn\u00ed.<br \/>\nUskupen\u00ed Jany Bobo\u0161\u00edkov\u00e9 Hlavu vzh\u016fru!, kter\u00e9 p\u0159ed kl\u00e1n\u00edm o Sn\u011bmovnu podporoval V\u00e1clav Klaus, dnes nefunguje ani web. Posledn\u00ed p\u0159\u00edsp\u011bvek na sv\u00e9m facebookov\u00e9m profilu m\u00e1 ze 14. prosince 2013, kdy navrhovalo p\u0159\u00edznivc\u016fm, a\u0165 si &#8222;ud\u011blaj\u00ed sva\u0159\u00e1k&#8220;. Dosavadn\u00ed str\u00e1nky sp\u0159\u00edzn\u011bn\u00e9 Suverenity nijak neupozor\u0148uj\u00ed, \u017ee strana zm\u011bnila n\u00e1zev (nyn\u00ed \u010cesk\u00e1 suverenita), web i p\u0159edsedkyni.<\/p>\n<p>Nejost\u0159eji z protievropsk\u00e9ho t\u00e1bora sv\u00e9 postoje formuluje Ne Bruselu (d\u0159\u00edve Pr\u00e1vo a spravedlnost), person\u00e1ln\u011b propojen\u00e9 s Akc\u00ed D.O.S.T. Stran\u011b s antisemitsk\u00fdm podt\u00f3nem se dost\u00e1v\u00e1 zna\u010dn\u00e9 podpory v alternativn\u00edch m\u00e9di\u00edch, do nich\u017e jej\u00ed kandid\u00e1ti bez p\u0159izn\u00e1n\u00ed sv\u00e9 stranick\u00e9 p\u0159\u00edslu\u0161nosti p\u0159isp\u00edvaj\u00ed.<\/p>\n<p>Krom\u011b vystoupen\u00ed z EU (to cht\u011bj\u00ed i Svobodn\u00ed) prosazuj\u00ed i n\u011bkter\u00e9 hodnoty bl\u00edzk\u00e9 jak H\u00e1jkovi, tak mainstreamov\u00e9 KDU-\u010cSL (proti potrat\u016fm, pro tradi\u010dn\u00ed rodinu), ale stav\u00ed i na konspira\u010dn\u00edch teori\u00edch. Slibuj\u00ed &#8222;konec rejd\u016f nep\u0159\u00e1telsk\u00fdch agent\u016f&#8220; \u010di postaven\u00ed &#8222;zedn\u00e1\u0159sk\u00fdch a jin\u00fdch tajn\u00fdch spolk\u016f pracuj\u00edc\u00edch proti st\u00e1tu mimo z\u00e1kon&#8220;. Z\u00e1kazem propagace homosexuality a zp\u0159\u00edsn\u011bn\u00edm dohledu nad nevl\u00e1dn\u00edmi organizacemi by zase \u010cesko r\u00e1di p\u0159ibl\u00ed\u017eili putinovsk\u00e9mu Rusku.<\/p>\n","protected":false},"excerpt":{"rendered":"<p>Od voleb do evropsk\u00e9ho parlamentu, kter\u00e9 se konaj\u00ed za t\u0159i m\u011bs\u00edce, si euroskeptici slibuj\u00ed v\u00fdrazn\u00e9 pos\u00edlen\u00ed. Volebn\u011b nej\u00fasp\u011b\u0161n\u011bj\u0161\u00ed z nich, Svobodn\u00ed, v\u0161ak \u010del\u00ed ostr\u00e9 kritice nacionalistick\u00e9ho a konzervativn\u00edho k\u0159\u00eddla, seskupen\u00e9ho kolem webu Protiproud Petra H\u00e1jka. O ostatn\u00edch prakticky nen\u00ed sly\u0161et.<\/p>\n","protected":false},"author":1,"featured_media":0,"comment_status":"open","ping_status":"open","sticky":false,"template":"","format":"standard","meta":{"ngg_post_thumbnail":0,"footnotes":""},"categories":[11],"tags":[],"class_list":["post-4616","post","type-post","status-publish","format-standard","hentry","category-ozvena"],"_links":{"self":[{"href":"https:\/\/www.ladislavjakl.cz\/index.php?rest_route=\/wp\/v2\/posts\/4616","targetHints":{"allow":["GET"]}}],"collection":[{"href":"https:\/\/www.ladislavjakl.cz\/index.php?rest_route=\/wp\/v2\/posts"}],"about":[{"href":"https:\/\/www.ladislavjakl.cz\/index.php?rest_route=\/wp\/v2\/types\/post"}],"author":[{"embeddable":true,"href":"https:\/\/www.ladislavjakl.cz\/index.php?rest_route=\/wp\/v2\/users\/1"}],"replies":[{"embeddable":true,"href":"https:\/\/www.ladislavjakl.cz\/index.php?rest_route=%2Fwp%2Fv2%2Fcomments&post=4616"}],"version-history":[{"count":3,"href":"https:\/\/www.ladislavjakl.cz\/index.php?rest_route=\/wp\/v2\/posts\/4616\/revisions"}],"predecessor-version":[{"id":4618,"href":"https:\/\/www.ladislavjakl.cz\/index.php?rest_route=\/wp\/v2\/posts\/4616\/revisions\/4618"}],"wp:attachment":[{"href":"https:\/\/www.ladislavjakl.cz\/index.php?rest_route=%2Fwp%2Fv2%2Fmedia&parent=4616"}],"wp:term":[{"taxonomy":"category","embeddable":true,"href":"https:\/\/www.ladislavjakl.cz\/index.php?rest_route=%2Fwp%2Fv2%2Fcategories&post=4616"},{"taxonomy":"post_tag","embeddable":true,"href":"https:\/\/www.ladislavjakl.cz\/index.php?rest_route=%2Fwp%2Fv2%2Ftags&post=4616"}],"curies":[{"name":"wp","href":"https:\/\/api.w.org\/{rel}","templated":true}]}}