{"id":4621,"date":"2014-03-04T16:00:34","date_gmt":"2014-03-04T15:00:34","guid":{"rendered":"http:\/\/www.ladislavjakl.cz\/?p=4621"},"modified":"2014-03-04T16:00:34","modified_gmt":"2014-03-04T15:00:34","slug":"ladislav-jakl-o-roli-zapadu-v-prevratu-a-krizi-na-ukrajine","status":"publish","type":"post","link":"https:\/\/www.ladislavjakl.cz\/?p=4621","title":{"rendered":"Ladislav Jakl o roli Z\u00e1padu v p\u0159evratu a krizi na Ukrajin\u011b:"},"content":{"rendered":"<p>Kolikr\u00e1t u\u017e Z\u00e1pad ud\u011blal tuhle hroznou chybu.<\/p>\n<p><!--more--><\/p>\n<p>Nikdy nepochopil, \u017ee status quo (jakkoli nehodn\u00fd n\u011bjak\u00e9ho j\u00e1s\u00e1n\u00ed) v ur\u010dit\u00e9 zemi je produktem autentick\u00e9 spole\u010densk\u00e9 konstelace a \u017ee jeho likvidace nikdy nepovede k pom\u011br\u016fm, kter\u00e9 nemaj\u00ed dom\u00e1c\u00ed ko\u0159eny. Je dodnes uchv\u00e1cen hodn\u011b specifick\u00fdm japonsk\u00fdm a n\u011bmeck\u00fdm pov\u00e1le\u010dn\u00fdm p\u0159\u00edkladem a nech\u00e1pe, \u017ee to nen\u00ed univerz\u00e1ln\u00ed mustr pro ka\u017edou zemi a dobu.<\/p>\n<p>Ale Ukrajina ze v\u0161ech t\u011bch omyl\u016f \u010dn\u00ed nade v\u0161emi, je to nejv\u011bt\u0161\u00ed pr\u016f\u0161vih Z\u00e1padu za posledn\u00edch 50 let a bude h\u016f\u0159.<\/p>\n<p>Existuj\u00ed u\u017e jen r\u016fzn\u00e9 \u0161patn\u00e9 sc\u00e9n\u00e1\u0159e. Dobr\u00fd u\u017e po tom v\u0161em nen\u00ed mo\u017en\u00fd.<\/p>\n<p>Ten ter\u00e9n tam je sam\u00e1 historick\u00e1 mina. Jsem zd\u011b\u0161en.<\/p>\n<p>I jako 25procentn\u00ed Ukrajinec.<\/p>\n","protected":false},"excerpt":{"rendered":"<p>Kolikr\u00e1t u\u017e Z\u00e1pad ud\u011blal tuhle hroznou chybu.<\/p>\n","protected":false},"author":1,"featured_media":0,"comment_status":"open","ping_status":"open","sticky":false,"template":"","format":"standard","meta":{"ngg_post_thumbnail":0,"footnotes":""},"categories":[18],"tags":[],"class_list":["post-4621","post","type-post","status-publish","format-standard","hentry","category-postrehy"],"_links":{"self":[{"href":"https:\/\/www.ladislavjakl.cz\/index.php?rest_route=\/wp\/v2\/posts\/4621","targetHints":{"allow":["GET"]}}],"collection":[{"href":"https:\/\/www.ladislavjakl.cz\/index.php?rest_route=\/wp\/v2\/posts"}],"about":[{"href":"https:\/\/www.ladislavjakl.cz\/index.php?rest_route=\/wp\/v2\/types\/post"}],"author":[{"embeddable":true,"href":"https:\/\/www.ladislavjakl.cz\/index.php?rest_route=\/wp\/v2\/users\/1"}],"replies":[{"embeddable":true,"href":"https:\/\/www.ladislavjakl.cz\/index.php?rest_route=%2Fwp%2Fv2%2Fcomments&post=4621"}],"version-history":[{"count":1,"href":"https:\/\/www.ladislavjakl.cz\/index.php?rest_route=\/wp\/v2\/posts\/4621\/revisions"}],"predecessor-version":[{"id":4622,"href":"https:\/\/www.ladislavjakl.cz\/index.php?rest_route=\/wp\/v2\/posts\/4621\/revisions\/4622"}],"wp:attachment":[{"href":"https:\/\/www.ladislavjakl.cz\/index.php?rest_route=%2Fwp%2Fv2%2Fmedia&parent=4621"}],"wp:term":[{"taxonomy":"category","embeddable":true,"href":"https:\/\/www.ladislavjakl.cz\/index.php?rest_route=%2Fwp%2Fv2%2Fcategories&post=4621"},{"taxonomy":"post_tag","embeddable":true,"href":"https:\/\/www.ladislavjakl.cz\/index.php?rest_route=%2Fwp%2Fv2%2Ftags&post=4621"}],"curies":[{"name":"wp","href":"https:\/\/api.w.org\/{rel}","templated":true}]}}