{"id":4645,"date":"2014-03-19T16:45:23","date_gmt":"2014-03-19T15:45:23","guid":{"rendered":"http:\/\/www.ladislavjakl.cz\/?p=4645"},"modified":"2014-03-19T16:45:23","modified_gmt":"2014-03-19T15:45:23","slug":"copak-boeing-ale-kam-se-ztratilo-30-milionu-malajcu","status":"publish","type":"post","link":"https:\/\/www.ladislavjakl.cz\/?p=4645","title":{"rendered":"Copak boeing. Ale kam se ztratilo 30 mili\u00f3n\u016f Malajc\u016f?"},"content":{"rendered":"<p>V Malajsii jsem byl. Nen\u00ed to tak d\u00e1vno, ani ne dva roky. Civilizovan\u00e1, bohat\u00e1 a velmi um\u00edrn\u011bn\u011b muslimsk\u00e1 zem\u011b. P\u016flka je j\u00ed na pevnin\u011b, p\u016flka na severn\u00ed \u010d\u00e1sti ostrova Borneo. Tam se mi l\u00edbilo nejv\u00edc, proto\u017ee tam maj\u00ed orangutany. Teda jestli \u010dlov\u011bk poch\u00e1z\u00ed z opice (co\u017e si nemysl\u00edm), pak j\u00e1 mus\u00edm poch\u00e1zet z tohohle lidoopa. Podoba je p\u0159ece jasn\u00e1. Krom\u011b orangutan\u016f tam ale tehdy \u017eilo je\u0161t\u011b asi t\u0159icet milion\u016f Malajc\u016f, fakt jsem je tam vid\u011bl. Jen\u017ee se v\u0161ichni n\u011bkam ztratili.<\/p>\n<p><!--more--><\/p>\n<p>Te\u010f maj\u00ed v Malajsii starosti, \u0159\u00edkaj\u00ed v televizi. \u017de pr\u00fd se jim ztratilo letadlo. To asi nen\u00ed t\u00e9ma k \u017eertov\u00e1n\u00ed, je to pro v\u0161echny bl\u00edzk\u00e9 ur\u010dit\u011b hrozn\u00e1 trag\u00e9die. Je mi ale divn\u00e9, \u017ee nikomu nen\u00ed divn\u00e9, \u017ee u\u017e p\u0159ed t\u00edm letadlem se muselo n\u011bkam ztratit i t\u011bch 30 milion\u016f Malajc\u016f. A m\u00edsto nich p\u0159i\u0161el \u00fapln\u011b jin\u00fd n\u00e1rod: Malajsijci. Proto tak\u00e9 letadlo nebylo malajsk\u00e9, ale najednou zni\u010dehonic malajsijsk\u00e9. Kuala Lumpur najednou u\u017e nen\u00ed malajsk\u00e9 hlavn\u00ed m\u011bsto, ale m\u011bsto malajsijsk\u00e9. I leteck\u00e1 spole\u010dnost je malajsijsk\u00e1. Vymaz\u00e1n\u00ed Malajc\u016f bylo \u00fapln\u00e9 a dokonal\u00e9, alespo\u0148 v na\u0161ich m\u00e9di\u00edch.<\/p>\n<p>O budoucnost by se pomalu m\u011bla za\u010d\u00edt b\u00e1t sousedn\u00ed \u010dtvrtmiliarda Indon\u00e9san\u016f. Co kdy\u017e se odn\u011bkud vyno\u0159\u00ed jac\u00edsi Indon\u00e9sijci a na\u017eenou Indon\u00e9sany do mo\u0159e? J\u00e1va se r\u00e1zem stane z ostrova indon\u00e9sk\u00e9ho ostrovem indon\u00e9sijsk\u00fdm.  T\u0159\u00e1st se ale m\u016f\u017eou i jinde. T\u0159eba abchazsk\u00e1 \u00fadol\u00ed se p\u0159es noc mohou st\u00e1t \u00fadol\u00edmi abch\u00e1zijsk\u00fdmi. To by dopadla je\u0161t\u011b h\u016f\u0159, ne\u017e kdy\u017e je Gruz\u00ednec Stalin p\u0159ilepil ke Gruzii. Nebo slavn\u00ed andalu\u0161t\u00ed kon\u011b budou nahrazeni ko\u0148mi andalusijsk\u00fdmi, co\u017e ur\u010dit\u011b nebude \u017e\u00e1dn\u00e9 u\u0161lechtil\u00e9 plemeno.<\/p>\n<p>Mo\u017en\u00e1 ale jen spou\u0161t\u00edm zbyte\u010dnou paniku a k tomu nahrazen\u00ed do\u0161lo jen v na\u0161ich novin\u00e1ch a televiz\u00edch. To se stane lehce, kdy\u017e v\u010dera vyl\u00edhl\u00fd novin\u00e1\u0159 p\u0159ijde do styku se jm\u00e9nem, kter\u00e9 v \u017eivot\u011b nesly\u0161el. Tak s n\u00edm gramaticky zach\u00e1z\u00ed podle sv\u00e9ho, d\u00e1vnou histori\u00ed Malajc\u016f a malajsk\u00e9ho n\u00e1roda nedot\u010den.<\/p>\n<p>Ale vlastn\u011b i pokud je realitou ten \u010dern\u00fd sc\u00e9n\u00e1\u0159 a Malajci byli opravdu nahrazeni nezn\u00e1m\u00fdm kmenem Malajsijc\u016f l\u00e9taj\u00edc\u00edch malajsijsk\u00fdmi letadly, mohlo b\u00fdt je\u0161t\u011b h\u016f\u0159. Lep\u0161\u00ed Malajsijci ne\u017e majdanovci.<\/p>\n<p><a href=\"http:\/\/jakl.blog.idnes.cz\/c\/401570\/Copak-boeing-Ale-kam-se-ztratilo-30-milionu-Malajcu.html\" target=\"_blank\">Zdroj<\/a><\/p>\n","protected":false},"excerpt":{"rendered":"<p>V Malajsii jsem byl. Nen\u00ed to tak d\u00e1vno, ani ne dva roky. Civilizovan\u00e1, bohat\u00e1 a velmi um\u00edrn\u011bn\u011b muslimsk\u00e1 zem\u011b. P\u016flka je j\u00ed na pevnin\u011b, p\u016flka na severn\u00ed \u010d\u00e1sti ostrova Borneo. Tam se mi l\u00edbilo nejv\u00edc, proto\u017ee tam maj\u00ed orangutany. Teda jestli \u010dlov\u011bk poch\u00e1z\u00ed z opice (co\u017e si nemysl\u00edm), pak j\u00e1 mus\u00edm poch\u00e1zet z tohohle lidoopa. [&hellip;]<\/p>\n","protected":false},"author":1,"featured_media":0,"comment_status":"open","ping_status":"open","sticky":false,"template":"","format":"standard","meta":{"ngg_post_thumbnail":0,"footnotes":""},"categories":[10],"tags":[],"class_list":["post-4645","post","type-post","status-publish","format-standard","hentry","category-zlehka"],"_links":{"self":[{"href":"https:\/\/www.ladislavjakl.cz\/index.php?rest_route=\/wp\/v2\/posts\/4645","targetHints":{"allow":["GET"]}}],"collection":[{"href":"https:\/\/www.ladislavjakl.cz\/index.php?rest_route=\/wp\/v2\/posts"}],"about":[{"href":"https:\/\/www.ladislavjakl.cz\/index.php?rest_route=\/wp\/v2\/types\/post"}],"author":[{"embeddable":true,"href":"https:\/\/www.ladislavjakl.cz\/index.php?rest_route=\/wp\/v2\/users\/1"}],"replies":[{"embeddable":true,"href":"https:\/\/www.ladislavjakl.cz\/index.php?rest_route=%2Fwp%2Fv2%2Fcomments&post=4645"}],"version-history":[{"count":1,"href":"https:\/\/www.ladislavjakl.cz\/index.php?rest_route=\/wp\/v2\/posts\/4645\/revisions"}],"predecessor-version":[{"id":4646,"href":"https:\/\/www.ladislavjakl.cz\/index.php?rest_route=\/wp\/v2\/posts\/4645\/revisions\/4646"}],"wp:attachment":[{"href":"https:\/\/www.ladislavjakl.cz\/index.php?rest_route=%2Fwp%2Fv2%2Fmedia&parent=4645"}],"wp:term":[{"taxonomy":"category","embeddable":true,"href":"https:\/\/www.ladislavjakl.cz\/index.php?rest_route=%2Fwp%2Fv2%2Fcategories&post=4645"},{"taxonomy":"post_tag","embeddable":true,"href":"https:\/\/www.ladislavjakl.cz\/index.php?rest_route=%2Fwp%2Fv2%2Ftags&post=4645"}],"curies":[{"name":"wp","href":"https:\/\/api.w.org\/{rel}","templated":true}]}}