{"id":4647,"date":"2014-03-19T16:47:20","date_gmt":"2014-03-19T15:47:20","guid":{"rendered":"http:\/\/www.ladislavjakl.cz\/?p=4647"},"modified":"2014-03-19T18:44:31","modified_gmt":"2014-03-19T17:44:31","slug":"ve-vzduchu-visi-pogromisticke-a-lyncovaci-nalady-vuci-vsem-co-si-zachovali-chladnou-hlavu-rika-ladislav-jakl-v-rozhovoru-pro-eportal","status":"publish","type":"post","link":"https:\/\/www.ladislavjakl.cz\/?p=4647","title":{"rendered":"&#8222;Ve vzduchu vis\u00ed pogromistick\u00e9 a lyn\u010dovac\u00ed n\u00e1lady v\u016f\u010di v\u0161em, co si zachovali chladnou hlavu&#8220;, \u0159\u00edk\u00e1 Ladislav Jakl v rozhovoru pro ePort\u00e1l"},"content":{"rendered":"<p><strong>Nechci b\u00fdt jako spr\u00e1vn\u00fd Evropan v\u016f\u010di Evropsk\u00e9 unii ani trochu podez\u0159\u00edvav\u00fd, ale do\u0161lo by podle V\u00e1s k masov\u00fdm demonstrac\u00edm podporovan\u00fdm Z\u00e1padem, kdyby Ukrajina podepsala asocia\u010dn\u00ed dohodu s EU?<\/strong><\/p>\n<p><!--more--><\/p>\n<p>J\u00e1 si jsem jist, \u017ee Janukovi\u010d by dohodu podepsal stejn\u011b, t\u0159eba jen o p\u00e1r t\u00fddn\u016f pozd\u011bji, jakkoli byla nevyv\u00e1\u017een\u00e1 a pro Ukrajinu nev\u00fdhodn\u00e1. Pot\u0159eboval jen ud\u011blat trochu divadlo pro ty sv\u00e9 voli\u010de, kte\u0159\u00ed m\u011bli pocit, \u017ee z\u00e1jmy Ukrajiny h\u00e1j\u00ed jejich prezident p\u0159\u00edli\u0161 slab\u011b. Brusel\u0161t\u00ed vl\u00e1dci by mu slevili dv\u011b t\u0159i slova a v\u0161ichni by byli spokojeni. Jen\u017ee ustoupen\u00ed od toho podpisu se uk\u00e1zalo jako skv\u011bl\u00e1 z\u00e1minka k rozvrt\u00e1n\u00ed ukrajinsk\u00e9 rovnov\u00e1hy, tak\u017ee vn\u011bj\u0161\u00ed s\u00edly, kter\u00e9 o toto rozvrt\u00e1n\u00ed m\u011bly z\u00e1jem, po t\u00e9 p\u0159\u00edle\u017eitosti sko\u010dily. O asocia\u010dn\u00ed dohodu nikdy ne\u0161lo, ta byla jen z\u00e1minkou.<\/p>\n<p><strong>Objevuj\u00ed se spikleneck\u00e9 teorie, \u017ee pr\u00fd byl p\u0159evrat&#8230;tedy&#8230;omlouv\u00e1m se, chci \u0159\u00edci, demokratick\u00e1 zm\u011bna re\u017eimu Z\u00e1padem podporov\u00e1na nejenom mor\u00e1ln\u011b, ale tak\u00e9 finan\u010dn\u011b. M\u011bl by t\u011bmto spekulac\u00edm podle V\u00e1s \u010dlov\u011bk v\u011b\u0159it?<\/strong><\/p>\n<p>J\u00e1 tomu v\u011b\u0159\u00edm. Bylo by naopak naivn\u00ed myslet si, \u017ee siln\u00e9 z\u00e1jmov\u00e9 skupiny neexistuj\u00ed a \u017ee sv\u00e9 z\u00e1jmy neh\u00e1j\u00ed i touto cestou. Jen si nemysl\u00edm, \u017ee cel\u00fd p\u0159evrat byl pouze zaplacen\u00fd, proto\u017ee nespokojenost Ukrajinc\u016f byla objektivn\u00ed a dom\u00e1c\u00ed s\u00edly, kter\u00e9 cht\u011bly zv\u00fd\u0161it sv\u016fj pod\u00edl na moci, svou podporu v \u010d\u00e1sti spole\u010dnosti re\u00e1ln\u011b m\u011bly.<\/p>\n<p><strong>Na\u0161i politici reaguj\u00ed na ud\u00e1losti na Ukrajin\u011b a\u017e nezdrav\u011b jednotn\u011b. P\u00e1nov\u00e9 Babi\u0161, Zaor\u00e1lek \u010di Zeman se bez probl\u00e9m\u016f shodnou na tom, \u017ee zlo v t\u00e9to fra\u0161ce p\u0159edstavuje Janukovi\u010d a dobro ukrajinsk\u00e1 demokratick\u00e1 opozice&#8230;Nen\u00ed tento fakt trochu p\u0159ekvapiv\u00fd \u010di se to vzhledem k velk\u00e9mu evropanstv\u00ed na\u0161\u00ed politick\u00e9 &#8222;elity&#8220; dalo o\u010dek\u00e1vat?<\/strong><\/p>\n<p>To se p\u0159ece net\u00fdk\u00e1 jen na\u0161\u00ed politick\u00e9 sc\u00e9ny ale politick\u00e9ho mainstreamu v cel\u00e9 Evropsk\u00e9 unii. A kdo od tohoto mainstreamu \u010dek\u00e1 n\u011bjakou podporu, ten se horliv\u011b p\u0159id\u00e1. U n\u00e1s i jinde.<\/p>\n<p><strong>Kdy\u017e tak sleduji ud\u00e1losti posledn\u00edch dn\u00ed, nemohu si nevzpomenout na Arabsk\u00e9 jaro. Tam se prakticky ihned EU i USA p\u0159idali na stranu tam\u011bj\u0161\u00edch revolucion\u00e1\u0159\u016f. Jako kdyby opravdu Obama, Barrosi a spol. v\u011b\u0159ili, \u017ee tam jde o nastolen\u00ed demokracie z\u00e1padn\u00edho st\u0159ihu. Ve v\u0161ech zem\u00edch, kam arabsk\u00e9 jaro zav\u00edtalo, je p\u0159itom situace prokazateln\u011b hor\u0161\u00ed ne\u017e p\u0159ed t\u00edm. P\u0159esto se Z\u00e1pad neupou\u010dil a pomohl vyvolat dal\u0161\u00ed konflikt&#8230;<\/strong><\/p>\n<p>Ano, n\u011bkte\u0159\u00ed naivov\u00e9, soci\u00e1ln\u00ed in\u017een\u00fd\u0159i, notori\u010dt\u00ed interventi a v\u00fdvozci dobra se nepou\u010dili a tyhle chyby d\u011blaj\u00ed a budou d\u011blat po\u0159\u00e1d dokola. Ale pozor, za t\u011bmi p\u0159evraty jsou i s\u00edly, kter\u00fdm p\u0159esn\u011b tenhle v\u00fdvoj vyhovuje. Kr\u00e1\u010dej\u00ed v duchu hesla: co neovl\u00e1d\u00e1m, to alespo\u0148 rozvrt\u00e1m, oslab\u00edm a destabilizuji. Negativn\u00ed dopady t\u00e9 destabilizace jsou t\u011bmto lidem ukraden\u00e9. \u017divot mili\u00f3n\u016f lid\u00ed je v jejich cynick\u00fdch o\u010d\u00edch bezv\u00fdznamnou hodnotou.<\/p>\n<p><strong>V\u0161iml jsem si, \u017ee pokud se \u010dlov\u011bk pokou\u0161\u00ed d\u011bn\u00ed na Ukrajin\u011b hodnotit st\u0159\u00edzliv\u011b a pon\u011bkud jinak, ne\u017e n\u00e1m podsouvaj\u00ed na\u0161i politici a m\u00e9dia, dost\u00e1v\u00e1 se do nez\u00e1vid\u011bnihodn\u00e9 role outsidera. Pokud si dnes dovol\u00edte ve\u0159ejn\u011b tvrdit, \u017ee \u0161lo o st\u00e1tn\u00ed p\u0159evrat, hned jste naz\u00fdvan Putinov\u00fdm agentem a snad i komunistou. Nep\u0159ipom\u00edn\u00e1 V\u00e1m to obdob\u00ed p\u0159ed rokem 89?<\/strong><\/p>\n<p>A bude h\u016f\u0159. Ve vzduchu vis\u00ed pogromistick\u00e9 a lyn\u010dovac\u00ed n\u00e1lady v\u016f\u010di v\u0161em, co si zachovali chladnou hlavu a vid\u00ed v\u011bci v proporc\u00edch. A jsou lid\u00e9, kte\u0159\u00ed tyhle n\u00e1lady bez ohledu na d\u016fsledky rozpumpov\u00e1vaj\u00ed.<\/p>\n<p><strong>B\u00fdval\u00fd maoista a sou\u010dasn\u00fd \u0161\u00e9f Evropsk\u00e9 komise Barroso se v\u010dera nechal sly\u0161et,\u017ee &#8222;situace na Ukrajin\u011b je zkou\u0161kou na\u0161ich schopnost\u00ed a odhodl\u00e1n\u00ed. Mus\u00edme pr\u00fd z\u016fstat jednotn\u00ed&#8220;. Cht\u011blo by se mi op\u011bt polo\u017eit ot\u00e1zku, jestli V\u00e1m to nep\u0159ipom\u00edn\u00e1 obdob\u00ed p\u0159ed rokem 89&#8230;Pan Barroso ov\u0161em ve sv\u00e9m st\u00e1tnickem projevu pokra\u010doval&#8230;Druh\u00fdm dechem dodal, \u017ee Ukrajin\u011b z\u00edsk\u00e1 od EU finan\u010dn\u00ed pomoc ve v\u00fd\u0161i 11 miliard EUR&#8230;<\/strong><\/p>\n<p>Jedn\u00edm z c\u00edl\u016f vyprovokovan\u00e9 ukrajinsk\u00e9 krize je pr\u00e1v\u011b uta\u017een\u00ed \u0161roub\u016f uvnit\u0159 EU. Vol\u00e1n\u00ed po jednot\u011b p\u0159ejde ve vynucov\u00e1n\u00ed t\u00e9to jednoty. Uvid\u00edte. A to holt n\u011bco stoj\u00ed.<\/p>\n<p><strong>M\u00e1 posledn\u00ed ot\u00e1zka se t\u00fdk\u00e1 \u010dl\u00e1nku Tom\u00e1\u0161 Haase odhaluj\u00edc\u00ed ko\u0159eny, ze kter\u00fdch vych\u00e1z\u00ed Evropsk\u00e1 unie. Cel\u00fd je vlastn\u011b v\u011bnov\u00e1n otci zakladateli Evropsk\u00e9 unie, kter\u00fdm byl italsk\u00fd komunista Spinelli. U \u010cSSD p\u0159iklon k EU ch\u00e1pu, socialismus k socialismu zkr\u00e1tka a dob\u0159e pat\u0159\u00ed. Co mi v\u0161ak nen\u00ed jasn\u00e9, pro\u010d n\u00e1s do l\u016fna t\u00e9to ned\u016fv\u011bryhodn\u00e9 organizace t\u00e1hnou i politici typu Miroslava Kalouska \u010di Karla Schwarzenberga, kte\u0159\u00ed sv\u00fdm voli\u010d\u016fm ve\u0159ejn\u011b tvrd\u00ed, \u017ee jako konzervativci nemaj\u00ed se socialismem nic spole\u010dn\u00e9ho&#8230;<\/strong><\/p>\n<p>\u017de nejsou socialisty? Jen proto, \u017ee to o sob\u011b \u0159\u00edkaj\u00ed? Socialistu pozn\u00e1te podle snahy \u0159\u00eddit \u017eivoty druh\u00fdch, ne podle p\u00e1r hesel.<\/p>\n<p><a href=\"http:\/\/eportal.parlamentnilisty.cz\/Articles\/6555--ve-vzduchu-visi-pogromisticke-a-lyncovaci-nalady-vuci-vsem-co-si-zachovali-chladnou-hlavu-rika-ladislav-jakl-v-rozhovoru-pro-eportal.aspx\" target=\"_blank\">Zdroj<\/a><\/p>\n","protected":false},"excerpt":{"rendered":"<p>Nechci b\u00fdt jako spr\u00e1vn\u00fd Evropan v\u016f\u010di Evropsk\u00e9 unii ani trochu podez\u0159\u00edvav\u00fd, ale do\u0161lo by podle V\u00e1s k masov\u00fdm demonstrac\u00edm podporovan\u00fdm Z\u00e1padem, kdyby Ukrajina podepsala asocia\u010dn\u00ed dohodu s EU?<\/p>\n","protected":false},"author":1,"featured_media":0,"comment_status":"open","ping_status":"open","sticky":false,"template":"","format":"standard","meta":{"ngg_post_thumbnail":0,"footnotes":""},"categories":[13],"tags":[],"class_list":["post-4647","post","type-post","status-publish","format-standard","hentry","category-rozhovory"],"_links":{"self":[{"href":"https:\/\/www.ladislavjakl.cz\/index.php?rest_route=\/wp\/v2\/posts\/4647","targetHints":{"allow":["GET"]}}],"collection":[{"href":"https:\/\/www.ladislavjakl.cz\/index.php?rest_route=\/wp\/v2\/posts"}],"about":[{"href":"https:\/\/www.ladislavjakl.cz\/index.php?rest_route=\/wp\/v2\/types\/post"}],"author":[{"embeddable":true,"href":"https:\/\/www.ladislavjakl.cz\/index.php?rest_route=\/wp\/v2\/users\/1"}],"replies":[{"embeddable":true,"href":"https:\/\/www.ladislavjakl.cz\/index.php?rest_route=%2Fwp%2Fv2%2Fcomments&post=4647"}],"version-history":[{"count":3,"href":"https:\/\/www.ladislavjakl.cz\/index.php?rest_route=\/wp\/v2\/posts\/4647\/revisions"}],"predecessor-version":[{"id":4650,"href":"https:\/\/www.ladislavjakl.cz\/index.php?rest_route=\/wp\/v2\/posts\/4647\/revisions\/4650"}],"wp:attachment":[{"href":"https:\/\/www.ladislavjakl.cz\/index.php?rest_route=%2Fwp%2Fv2%2Fmedia&parent=4647"}],"wp:term":[{"taxonomy":"category","embeddable":true,"href":"https:\/\/www.ladislavjakl.cz\/index.php?rest_route=%2Fwp%2Fv2%2Fcategories&post=4647"},{"taxonomy":"post_tag","embeddable":true,"href":"https:\/\/www.ladislavjakl.cz\/index.php?rest_route=%2Fwp%2Fv2%2Ftags&post=4647"}],"curies":[{"name":"wp","href":"https:\/\/api.w.org\/{rel}","templated":true}]}}