{"id":465,"date":"2010-07-29T14:59:17","date_gmt":"2010-07-29T13:59:17","guid":{"rendered":"http:\/\/www.ladislavjakl.cz\/?p=465"},"modified":"2010-07-29T14:59:17","modified_gmt":"2010-07-29T13:59:17","slug":"jakl-nesouhlasi-s-posilenim-pravomoci-klause-vesecka-je-pro","status":"publish","type":"post","link":"https:\/\/www.ladislavjakl.cz\/?p=465","title":{"rendered":"Jakl nesouhlas\u00ed s pos\u00edlen\u00edm pravomoc\u00ed Klause. Veseck\u00e1 je pro"},"content":{"rendered":"<p>Jmenov\u00e1n\u00ed st\u00e1n\u00edch z\u00e1stupc\u016f prezidentem republiky na n\u00e1vrh vl\u00e1dy nen\u00ed podle tajemn\u00edka prezidenta V\u00e1clava Klause a \u0161\u00e9fa politick\u00e9ho odboru KPR Ladislava Jakla dobr\u00fd n\u00e1pad. \u0158ekl to Parlamentn\u00edmList\u016fm.cz.<\/p>\n<p><!--more-->\u201eS panem prezidentem jsem o tom nemluvil, ale mn\u011b se to jako dobr\u00fd n\u00e1pad  nezd\u00e1. St\u00e1tn\u00ed z\u00e1stupci maj\u00ed p\u0159ece zastupovat st\u00e1t, a ne se odpout\u00e1vat  od exekutivy,&#8220;\u00a0\u0159ekl redakci prezident\u016fv tajemn\u00edk Ladislav Jakl.<\/p>\n<p><strong>Veseck\u00e1 je pro<\/strong><\/p>\n<p><strong><\/strong>S t\u00edmto n\u00e1vrhem by naopak souhlasila nejvy\u0161\u0161\u00ed st\u00e1tn\u00ed z\u00e1stupkyn\u011b  Ren\u00e1ta Veseck\u00e1. &#8222;U nejvy\u0161\u0161\u00edho st\u00e1tn\u00edho z\u00e1stupce jsme to ji\u017e  ministerstvu spravedlnosti navrhovali. U ostatn\u00edch vedouc\u00edch st\u00e1tn\u00edch  z\u00e1stupc\u016f nejsem proti, stejn\u011b jako u ostatn\u00edch. Av\u0161ak souvis\u00ed to se  zm\u011bnou postaven\u00ed st\u00e1tn\u00edch zastupitelstv\u00ed v \u00fastav\u011b,&#8220;  sd\u011blila\u00a0Parlamentn\u00edmList\u016fm.cz Veseck\u00e1.<\/p>\n<p><strong>Na stole je v\u00edce variant<\/strong><\/p>\n<p><strong><\/strong>Ministr spravedlnosti Ji\u0159\u00ed Posp\u00ed\u0161il z ODS by cht\u011bl v r\u00e1mci boje  s korupc\u00ed zm\u011bnit postaven\u00ed st\u00e1tn\u00edch z\u00e1stupc\u016f. Zva\u017euje, \u017ee by je stejn\u011b  jako soudce mohl jmenovat prezident na n\u00e1vrh vl\u00e1dy. Mo\u017en\u00e9 jsou podle n\u011bj  ale i jin\u00e9 varianty v\u010detn\u011b parlamentn\u00ed cesty. Posp\u00ed\u0161il to prohl\u00e1sil v  ned\u011bln\u00edch Ot\u00e1zk\u00e1ch V\u00e1clava Moravce.<\/p>\n<p><strong>P\u0159ipravuje se studie<\/strong><\/p>\n<p><strong><\/strong>Ministerstvo spravedlnosti v sou\u010dasnosti p\u0159ipravuje srovn\u00e1vac\u00ed  studii r\u016fzn\u00fdch variant nov\u00e9ho postaven\u00ed st\u00e1tn\u00edch z\u00e1stupc\u016f. Dle nyn\u011bj\u0161\u00ed  pr\u00e1vn\u00ed \u00fapravy je jmenuje ministr spravedlnosti, nejvy\u0161\u0161\u00edho st\u00e1tn\u00edho  z\u00e1stupce jmenuje vl\u00e1da. Posp\u00ed\u0161il ji\u017e uvedl, \u017ee by Veseck\u00e1 m\u011bla ve funkci  skon\u010dit.<\/p>\n<p><a href=\"http:\/\/www.parlamentnilisty.cz\/vlada\/171200.aspx\" target=\"_blank\">ZDROJ<\/a><\/p>\n","protected":false},"excerpt":{"rendered":"<p>Jmenov\u00e1n\u00ed st\u00e1n\u00edch z\u00e1stupc\u016f prezidentem republiky na n\u00e1vrh vl\u00e1dy nen\u00ed podle tajemn\u00edka prezidenta V\u00e1clava Klause a \u0161\u00e9fa politick\u00e9ho odboru KPR Ladislava Jakla dobr\u00fd n\u00e1pad. \u0158ekl to Parlamentn\u00edmList\u016fm.cz.<\/p>\n","protected":false},"author":1,"featured_media":0,"comment_status":"open","ping_status":"open","sticky":false,"template":"","format":"standard","meta":{"ngg_post_thumbnail":0,"footnotes":""},"categories":[11],"tags":[],"class_list":["post-465","post","type-post","status-publish","format-standard","hentry","category-ozvena"],"_links":{"self":[{"href":"https:\/\/www.ladislavjakl.cz\/index.php?rest_route=\/wp\/v2\/posts\/465","targetHints":{"allow":["GET"]}}],"collection":[{"href":"https:\/\/www.ladislavjakl.cz\/index.php?rest_route=\/wp\/v2\/posts"}],"about":[{"href":"https:\/\/www.ladislavjakl.cz\/index.php?rest_route=\/wp\/v2\/types\/post"}],"author":[{"embeddable":true,"href":"https:\/\/www.ladislavjakl.cz\/index.php?rest_route=\/wp\/v2\/users\/1"}],"replies":[{"embeddable":true,"href":"https:\/\/www.ladislavjakl.cz\/index.php?rest_route=%2Fwp%2Fv2%2Fcomments&post=465"}],"version-history":[{"count":2,"href":"https:\/\/www.ladislavjakl.cz\/index.php?rest_route=\/wp\/v2\/posts\/465\/revisions"}],"predecessor-version":[{"id":467,"href":"https:\/\/www.ladislavjakl.cz\/index.php?rest_route=\/wp\/v2\/posts\/465\/revisions\/467"}],"wp:attachment":[{"href":"https:\/\/www.ladislavjakl.cz\/index.php?rest_route=%2Fwp%2Fv2%2Fmedia&parent=465"}],"wp:term":[{"taxonomy":"category","embeddable":true,"href":"https:\/\/www.ladislavjakl.cz\/index.php?rest_route=%2Fwp%2Fv2%2Fcategories&post=465"},{"taxonomy":"post_tag","embeddable":true,"href":"https:\/\/www.ladislavjakl.cz\/index.php?rest_route=%2Fwp%2Fv2%2Ftags&post=465"}],"curies":[{"name":"wp","href":"https:\/\/api.w.org\/{rel}","templated":true}]}}