{"id":4656,"date":"2014-03-23T16:22:58","date_gmt":"2014-03-23T15:22:58","guid":{"rendered":"http:\/\/www.ladislavjakl.cz\/?p=4656"},"modified":"2014-03-23T16:22:58","modified_gmt":"2014-03-23T15:22:58","slug":"klausuv-jakl-k-ukrajine-ve-vzduchu-visi-pogromy-a-lyncovani-a-utazeni-sroubu-v-eu","status":"publish","type":"post","link":"https:\/\/www.ladislavjakl.cz\/?p=4656","title":{"rendered":"Klaus\u016fv Jakl k Ukrajin\u011b: Ve vzduchu vis\u00ed pogromy a lyn\u010dov\u00e1n\u00ed. A uta\u017een\u00ed \u0161roub\u016f v EU"},"content":{"rendered":"<p>Ladislav Jakl, n\u011bkdej\u0161\u00ed \u0161\u00e9f politick\u00e9ho odboru prezidenta Klause, poskytl serveru eportal.cz rozhovor na t\u00e9ma sou\u010dasn\u00e9ho d\u011bn\u00ed na Ukrajin\u011b. Podle n\u011bj je nepochybn\u00e9, \u017ee na revolu\u010dn\u00edch ud\u00e1lostech m\u011bl v\u00fdznamn\u00fd pod\u00edl Z\u00e1pad, kter\u00fd je podporoval. N\u011bkte\u0159\u00ed lid\u00e9 pr\u00fd maj\u00ed z\u00e1jem jednotliv\u00e9 zem\u011b destabilizovat, nebo\u0165 se jim tam pak sn\u00e1ze prosazuj\u00ed vlastn\u00ed z\u00e1jmy.<br \/>\n<!--more--><\/p>\n<div style=\"margin-bottom: 10px;\"><img loading=\"lazy\" decoding=\"async\" style=\"max-width: 100%; vertical-align: middle; border: 0px none;\" src=\"http:\/\/cms.parlamentnilisty.cz\/image.ashx?w=632&amp;h=307&amp;f=IMG_7885-634754778952876621.jpg&amp;id=5575\" alt=\"Klaus\u016fv Jakl k Ukrajin\u011b: Ve vzduchu vis\u00ed pogromy a lyn\u010dov\u00e1n\u00ed. A uta\u017een\u00ed \u0161roub\u016f v EU\" width=\"422\" height=\"205\" \/><\/div>\n<p><small style=\"font-size: 11px; color: #555555;\">Foto:<span> <\/span><strong style=\"font-weight: bold;\">Hans \u0160tembera<\/strong><br \/>\nPopisek:<span> <\/span><strong style=\"font-weight: bold;\">Ladislav Jakl ne festivalu minipivovar\u016f<\/strong><\/small><\/p>\n<p>Podle Jakla by prezident Janukovy\u010d nejsp\u00ed\u0161 asocia\u010dn\u00ed dohodu s\u00a0Evropskou uni\u00ed podepsal i bez ud\u00e1lost\u00ed na Majdanu, pot\u0159eboval ale sv\u00fdm voli\u010d\u016fm uk\u00e1zat, \u017ee neh\u00e1j\u00ed n\u00e1rodn\u00ed z\u00e1jmy p\u0159\u00edli\u0161 slab\u011b. B\u011bhem m\u011bs\u00edce by se v\u00a0dohod\u011b zm\u011bnily dv\u011b \u010di t\u0159i slova a v\u0161ichni by byli spokojeni. \u201eJen\u017ee ustoupen\u00ed od toho podpisu se uk\u00e1zalo jako skv\u011bl\u00e1 z\u00e1minka k rozvrt\u00e1n\u00ed ukrajinsk\u00e9 rovnov\u00e1hy, tak\u017ee vn\u011bj\u0161\u00ed s\u00edly, kter\u00e9 o toto rozvrt\u00e1n\u00ed m\u011bly z\u00e1jem, po t\u00e9 p\u0159\u00edle\u017eitosti sko\u010dily,\u201c mysl\u00ed si Jakl.<\/p>\n<p style=\"margin: 18px 0px; font-family: inherit; font-weight: normal; line-height: 1.3em; color: inherit; text-rendering: optimizelegibility;\">Ten si z\u00e1rove\u0148 mysl\u00ed, \u017ee revoluce na Ukrajin\u011b byla Z\u00e1padem podporov\u00e1na nejen mor\u00e1ln\u011b, ale i finan\u010dn\u011b. \u201eBylo by naopak naivn\u00ed myslet si, \u017ee siln\u00e9 z\u00e1jmov\u00e9 skupiny neexistuj\u00ed a \u017ee sv\u00e9 z\u00e1jmy neh\u00e1j\u00ed i touto cestou,\u201c mysl\u00ed si. Na druhou stranu v\u0161ak podle n\u011bj na Ukrajin\u011b skute\u010dn\u011b existovala siln\u00e1 spole\u010densk\u00e1 nespokojenost, tak\u017ee za p\u0159evratem nelze vid\u011bt pouze z\u00e1padn\u00ed pen\u00edze.<\/p>\n<p style=\"margin: 18px 0px; font-family: inherit; font-weight: normal; line-height: 1.3em; color: inherit; text-rendering: optimizelegibility;\"><em style=\"font-style: italic;\"><strong style=\"font-weight: bold;\"><a style=\"color: #0e6a80; text-decoration: none;\" href=\"http:\/\/eportal.parlamentnilisty.cz\/Articles\/6555--ve-vzduchu-visi-pogromisticke-a-lyncovaci-nalady-vuci-vsem-co-si-zachovali-chladnou-hlavu-rika-ladislav-jakl-v-rozhovoru-pro-eportal.aspx\">Rozhovor s Ladislavem Jaklem ZDE<\/a><\/strong><\/em><\/p>\n<p style=\"margin: 18px 0px; font-family: inherit; font-weight: normal; line-height: 1.3em; color: inherit; text-rendering: optimizelegibility;\">Ud\u00e1losti posledn\u00edch dn\u016f a nad\u0161en\u00e1 podpora revolucion\u00e1\u0159\u016f vyvol\u00e1v\u00e1 vzpom\u00ednky na tzv. \u201earabsk\u00e9 jaro\u201c, kdy se v\u00e1\u017en\u011b mluvilo o nastolov\u00e1n\u00ed demokracie z\u00e1padn\u00edho st\u0159ihu, kter\u00e9 ale pot\u00e9 nenastalo vlastn\u011b nikde. \u201eN\u011bkte\u0159\u00ed naivov\u00e9, soci\u00e1ln\u00ed in\u017een\u00fd\u0159i, notori\u010dt\u00ed interventi a v\u00fdvozci dobra se nepou\u010dili a tyhle chyby d\u011blaj\u00ed a budou d\u011blat po\u0159\u00e1d dokola,\u201c mysl\u00ed si Jakl. Upozor\u0148uje v\u0161ak, \u017ee krom\u011b nich revolucion\u00e1\u0159e podporuj\u00ed i lid\u00e9, kte\u0159\u00ed zcela nepokryt\u011b cht\u011bj\u00ed dan\u00e9 zem\u011b destabilizovat.<\/p>\n<p style=\"margin: 18px 0px; font-family: inherit; font-weight: normal; line-height: 1.3em; color: inherit; text-rendering: optimizelegibility;\">Hlavn\u00ed nebezpe\u010d\u00ed ale Jakl vid\u00ed v\u00a0tom, jak jsou dnes odm\u00edt\u00e1ni lid\u00e9, kte\u0159\u00ed v\u016f\u010di hlavn\u00edmu proudu medi\u00e1ln\u00edho t\u0159e\u0161t\u011bn\u00ed cht\u011bj\u00ed p\u0159edlo\u017eit alespo\u0148 trochu st\u0159\u00edzliv\u011bj\u0161\u00ed alternativu. Nav\u00edc se v\u00a0tomto sm\u011bru situace v\u00fdrazn\u011b zhor\u0161uje. \u201eVe vzduchu vis\u00ed pogromistick\u00e9 a lyn\u010dovac\u00ed n\u00e1lady v\u016f\u010di v\u0161em, co si zachovali chladnou hlavu a vid\u00ed v\u011bci v proporc\u00edch. A jsou lid\u00e9, kte\u0159\u00ed tyhle n\u00e1lady bez ohledu na d\u016fsledky rozpumpov\u00e1vaj\u00ed,\u201c varuje b\u00fdval\u00fd poradce prezidenta Klause.<\/p>\n<p style=\"margin: 18px 0px; font-family: inherit; font-weight: normal; line-height: 1.3em; color: inherit; text-rendering: optimizelegibility;\">Ten se nav\u00edc ob\u00e1v\u00e1, \u017ee pr\u00e1v\u011b toto \u201euta\u017een\u00ed \u0161roub\u016f\u201c a pos\u00edlen\u00ed n\u00e1zorov\u00e9 jednoty bylo v\u00fdznamn\u00fdm z\u00e1m\u011brem eskalace ukrajinsk\u00e9 krize.<\/p>\n<p style=\"margin: 18px 0px; font-family: inherit; font-weight: normal; line-height: 1.3em; color: inherit; text-rendering: optimizelegibility;\"><a href=\"http:\/\/www.parlamentnilisty.cz\/arena\/monitor\/Klausuv-Jakl-k-Ukrajine-Ve-vzduchu-visi-pogromy-a-lyncovani-A-utazeni-sroubu-v-EU-312133\" target=\"_blank\">Zdroj<\/a><\/p>\n","protected":false},"excerpt":{"rendered":"<p>Ladislav Jakl, n\u011bkdej\u0161\u00ed \u0161\u00e9f politick\u00e9ho odboru prezidenta Klause, poskytl serveru eportal.cz rozhovor na t\u00e9ma sou\u010dasn\u00e9ho d\u011bn\u00ed na Ukrajin\u011b. Podle n\u011bj je nepochybn\u00e9, \u017ee na revolu\u010dn\u00edch ud\u00e1lostech m\u011bl v\u00fdznamn\u00fd pod\u00edl Z\u00e1pad, kter\u00fd je podporoval. N\u011bkte\u0159\u00ed lid\u00e9 pr\u00fd maj\u00ed z\u00e1jem jednotliv\u00e9 zem\u011b destabilizovat, nebo\u0165 se jim tam pak sn\u00e1ze prosazuj\u00ed vlastn\u00ed z\u00e1jmy.<\/p>\n","protected":false},"author":1,"featured_media":0,"comment_status":"open","ping_status":"open","sticky":false,"template":"","format":"standard","meta":{"ngg_post_thumbnail":0,"footnotes":""},"categories":[11],"tags":[],"class_list":["post-4656","post","type-post","status-publish","format-standard","hentry","category-ozvena"],"_links":{"self":[{"href":"https:\/\/www.ladislavjakl.cz\/index.php?rest_route=\/wp\/v2\/posts\/4656","targetHints":{"allow":["GET"]}}],"collection":[{"href":"https:\/\/www.ladislavjakl.cz\/index.php?rest_route=\/wp\/v2\/posts"}],"about":[{"href":"https:\/\/www.ladislavjakl.cz\/index.php?rest_route=\/wp\/v2\/types\/post"}],"author":[{"embeddable":true,"href":"https:\/\/www.ladislavjakl.cz\/index.php?rest_route=\/wp\/v2\/users\/1"}],"replies":[{"embeddable":true,"href":"https:\/\/www.ladislavjakl.cz\/index.php?rest_route=%2Fwp%2Fv2%2Fcomments&post=4656"}],"version-history":[{"count":1,"href":"https:\/\/www.ladislavjakl.cz\/index.php?rest_route=\/wp\/v2\/posts\/4656\/revisions"}],"predecessor-version":[{"id":4657,"href":"https:\/\/www.ladislavjakl.cz\/index.php?rest_route=\/wp\/v2\/posts\/4656\/revisions\/4657"}],"wp:attachment":[{"href":"https:\/\/www.ladislavjakl.cz\/index.php?rest_route=%2Fwp%2Fv2%2Fmedia&parent=4656"}],"wp:term":[{"taxonomy":"category","embeddable":true,"href":"https:\/\/www.ladislavjakl.cz\/index.php?rest_route=%2Fwp%2Fv2%2Fcategories&post=4656"},{"taxonomy":"post_tag","embeddable":true,"href":"https:\/\/www.ladislavjakl.cz\/index.php?rest_route=%2Fwp%2Fv2%2Ftags&post=4656"}],"curies":[{"name":"wp","href":"https:\/\/api.w.org\/{rel}","templated":true}]}}