{"id":468,"date":"2010-08-02T12:46:41","date_gmt":"2010-08-02T11:46:41","guid":{"rendered":"http:\/\/www.ladislavjakl.cz\/?p=468"},"modified":"2010-08-02T13:16:54","modified_gmt":"2010-08-02T12:16:54","slug":"ladislav-jakl-pro-hn","status":"publish","type":"post","link":"https:\/\/www.ladislavjakl.cz\/?p=468","title":{"rendered":"Moje \u0159e\u010d"},"content":{"rendered":"<p>L. J. pro Magaz\u00edn Hospod\u00e1\u0159sk\u00fdch novin z 30. 7. 010<\/p>\n<p><!--more-->V\u00c1CLAV KLAUS? To je ten, co mi za chv\u00edli nejsp\u00ed\u0161 koukne p\u0159es rameno a \u0159ekne, jakou \u017ee se to zas zdr\u017euju blbost\u00ed. Fl\u00e1k\u00e1n\u00ed pova\u017euje za hrdeln\u00ed zlo\u010din. A p\u0159itom je to n\u011bkdy tak p\u011bkn\u00e9.<\/p>\n<p>KOMUNISMUS POVA\u017dUJI ZA POJMENOVAN\u00c9 A POPSAN\u00c9 ZLO. Zla z\u00edt\u0159ka pojmenovan\u00e1 a popsan\u00e1 je\u0161t\u011b nejsou. Zcela jist\u011b ale na n\u00e1s u\u017e te\u010f vystrkuj\u00ed r\u016f\u017eky a tv\u00e1\u0159\u00ed se jako \u00fa\u017easn\u00e1 modern\u00ed dobra. Politika je odjak\u017eiva v\u016fbec soubojem dobra se svobodou.<\/p>\n<p>V tomto souboji stoj\u00edm na stran\u011b svobody.<\/p>\n<p>NA SV\u00c9M WEBU JSEM NED\u00c1VNO JEDNOHO NOVIN\u00c1\u0158E OZNA\u010cIL SPROST\u00ddM SLOVEM. Jinak u\u017e to ne\u0161lo. Novin\u00e1\u0159i jsou l\u00edn\u00ed, hloup\u00ed, omezen\u00ed, zl\u00ed, neorigin\u00e1ln\u00ed, opisuj\u00ed jeden od druh\u00e9ho, jsou nudn\u00ed, pln\u00ed kli\u0161\u00e9 a fr\u00e1z\u00ed, jsou zaujat\u00ed a pln\u00ed p\u0159edsudk\u016f. N\u011bco o tom v\u00edm. Jsem p\u0159ece tak\u00e9 novin\u00e1\u0159.<\/p>\n<p>FEMINISMUS JE MY\u0160LEN\u00cd \u017dEN, KTER\u00ddM SE NEL\u00cdB\u00cd, \u017dE SE NARODILY JAKO \u017dENY. Ani se jim nediv\u00edm, necht\u011bl bych b\u00fdt \u017eenou. Furt by na m\u011b sahal n\u011bjakej chlap, to mus\u00ed b\u00fdt hrozn\u00e9. Fuj!<\/p>\n<p>L\u00c1SKA? ANO, TO ZN\u00c1M. MILUJU PIVO. A tak\u00e9 jednu \u017eenu. Je to spr\u00e1vn\u00e9 po\u0159ad\u00ed? Rad\u011bji to oto\u010d\u00edm, pivo mi snad nevynad\u00e1.<\/p>\n<p>N\u00c1ROD, TO JE HODN\u011a. A dva n\u00e1rody, to je je\u0161t\u011b v\u00edc. M\u00e1 maminka je Polka, t\u00e1ta \u010cech. Ve sv\u00e9 kn\u00ed\u017ece Rocker na Hrad\u011b p\u00ed\u0161u, \u017ee po Pol\u00e1c\u00edch m\u00e1m cit, po \u010ce\u0161\u00edch rozum. A po obou \u017e\u00edze\u0148.<\/p>\n<p>JAK\u00dd JE ROZD\u00cdL MEZI POL\u00c1KY A \u010cECHY? Rozd\u00edl mezi mnou a mnou moc velk\u00fd nen\u00ed. Ale dobr\u00e1: ur\u010dit\u00e9 rozd\u00edly jsou, napsal jsem o nich ned\u00e1vno blog. Ale nechci \u0161\u00ed\u0159it nov\u00e9 m\u00fdty a zjednodu\u0161en\u00ed. Krom\u011b jednoho: \u010ce\u0161i nejd\u0159\u00edv postel, Pol\u00e1ci nejd\u0159\u00edv kostel.<\/p>\n<p>MUZIKA JE M\u016eJ \u017dIVOT. Nejen tehdy, kdy\u017e stoj\u00edm na p\u00f3diu, t\u0159\u00edsk\u00e1m do kytary a \u0159vu do mikrofonu. Sly\u0161\u00edm muziku \u00fapln\u011b ve v\u0161em. A sv\u011bt mi tak p\u0159ipad\u00e1 hez\u010d\u00ed.<\/p>\n<p>ZA POHLED Z OKNA HRADU BYCHOM M\u011aLI MY, V\u0160ICHNI ZDE ZAM\u011aSTNAN\u00cd, PLATIT. A oni n\u00e1m naopak je\u0161t\u011b d\u00e1vaj\u00ed pen\u00edze. Ka\u017ed\u00e9 r\u00e1no si toho cen\u00edm. Ne t\u011bch pen\u011bz, ale toho pohledu z okna. A v\u016fbec toho \u00fa\u017easn\u00e9ho m\u00edsta.<\/p>\n<p>CO BUDE, A\u017d V\u00c1CLAV KLAUS OPUST\u00cd FUNKCI? Jako \u017ee slunce zapadne a u\u017e nikdy nevyjde? Ale jo, vyjde a bude den jako ka\u017ed\u00fd jin\u00fd.<\/p>\n<p>Autor: David Tureck\u00fd HN<\/p>\n","protected":false},"excerpt":{"rendered":"<p>L. J. pro Magaz\u00edn Hospod\u00e1\u0159sk\u00fdch novin z 30. 7. 010<\/p>\n","protected":false},"author":1,"featured_media":0,"comment_status":"open","ping_status":"open","sticky":false,"template":"","format":"standard","meta":{"ngg_post_thumbnail":0,"footnotes":""},"categories":[13],"tags":[],"class_list":["post-468","post","type-post","status-publish","format-standard","hentry","category-rozhovory"],"_links":{"self":[{"href":"https:\/\/www.ladislavjakl.cz\/index.php?rest_route=\/wp\/v2\/posts\/468","targetHints":{"allow":["GET"]}}],"collection":[{"href":"https:\/\/www.ladislavjakl.cz\/index.php?rest_route=\/wp\/v2\/posts"}],"about":[{"href":"https:\/\/www.ladislavjakl.cz\/index.php?rest_route=\/wp\/v2\/types\/post"}],"author":[{"embeddable":true,"href":"https:\/\/www.ladislavjakl.cz\/index.php?rest_route=\/wp\/v2\/users\/1"}],"replies":[{"embeddable":true,"href":"https:\/\/www.ladislavjakl.cz\/index.php?rest_route=%2Fwp%2Fv2%2Fcomments&post=468"}],"version-history":[{"count":3,"href":"https:\/\/www.ladislavjakl.cz\/index.php?rest_route=\/wp\/v2\/posts\/468\/revisions"}],"predecessor-version":[{"id":470,"href":"https:\/\/www.ladislavjakl.cz\/index.php?rest_route=\/wp\/v2\/posts\/468\/revisions\/470"}],"wp:attachment":[{"href":"https:\/\/www.ladislavjakl.cz\/index.php?rest_route=%2Fwp%2Fv2%2Fmedia&parent=468"}],"wp:term":[{"taxonomy":"category","embeddable":true,"href":"https:\/\/www.ladislavjakl.cz\/index.php?rest_route=%2Fwp%2Fv2%2Fcategories&post=468"},{"taxonomy":"post_tag","embeddable":true,"href":"https:\/\/www.ladislavjakl.cz\/index.php?rest_route=%2Fwp%2Fv2%2Ftags&post=468"}],"curies":[{"name":"wp","href":"https:\/\/api.w.org\/{rel}","templated":true}]}}