{"id":4682,"date":"2014-04-01T16:02:58","date_gmt":"2014-04-01T14:02:58","guid":{"rendered":"http:\/\/www.ladislavjakl.cz\/?p=4682"},"modified":"2014-04-01T16:02:58","modified_gmt":"2014-04-01T14:02:58","slug":"se-sobotkou-budeme-bruslit-rychleji","status":"publish","type":"post","link":"https:\/\/www.ladislavjakl.cz\/?p=4682","title":{"rendered":"Se Sobotkou budeme bruslit rychleji!"},"content":{"rendered":"<p style=\"margin: 0px 0px 0.5em; padding: 6px 0px; font-size: 16px; line-height: 1.6; font-family: Arial, Helvetica, sans-serif;\">\u0160t\u011bdr\u00fd premi\u00e9r Sobotka sl\u00edbil, \u017ee z\u00a0na\u0161ich pen\u011bz nech\u00e1 postavit v\u00a0Nov\u00e9m M\u011bst\u011b na Morav\u011b halu pro rychlobruslen\u00ed. Kdo by to t\u011bm brusla\u0159\u016fm nep\u0159\u00e1l. Ale kdo by to p\u0159\u00e1l poplatn\u00edk\u016fm? Asi ka\u017ed\u00fd, zd\u00e1 se.<\/p>\n<p style=\"margin: 0px 0px 0.5em; padding: 6px 0px; font-size: 16px; line-height: 1.6; font-family: Arial, Helvetica, sans-serif;\"><!--more--><\/p>\n<div style=\"font-size: 14px; font-family: Arial, Helvetica, sans-serif;\">\n<p style=\"margin: 0px; padding: 6px 0px; font-size: 16px; line-height: 1.6;\">Hala m\u00e1 p\u0159ij\u00edt na n\u011bjak\u00e9 dv\u011b miliardy. Pokud se m\u00e1 amortizovat za deset let, d\u011bl\u00e1 to s\u00a0\u00faroky u\u017e miliardy t\u0159i. Kdy\u017e bude hala otev\u0159ena \u0161est m\u011bs\u00edc\u016f 12 hodin denn\u011b (r\u00e1d bych v\u011bd\u011bl, co tam po tu dobu kdo bude d\u011blat, ale dobr\u00e1), p\u0159ijde jedna hodina na n\u011bjak\u00fdch 140 tis\u00edc. S\u00a0provozn\u00edmi n\u00e1klady na n\u011bco p\u0159es 200 tis\u00edc. Ka\u017edou hodinu.<\/p>\n<p style=\"margin: 0px; padding: 6px 0px; font-size: 16px; line-height: 1.6;\">Na mezin\u00e1rodn\u00ed \u00farovni m\u00e1me asi t\u0159i a\u017e p\u011bt z\u00e1vodn\u00edk\u016f. Ale pravda, a\u0165 si zabrusl\u00ed i ml\u00e1de\u017e z\u00a0Nov\u00e9ho M\u011bsta, t\u0159eba z\u00a0nich pak vyrostou nov\u00ed olympij\u0161t\u00ed v\u00edt\u011bzov\u00e9. V\u00edce medail\u00ed v\u00edce v\u00ed.<\/p>\n<p style=\"margin: 0px; padding: 6px 0px; font-size: 16px; line-height: 1.6;\">Ale nebudeme n\u00e1klady p\u0159epo\u010d\u00edt\u00e1vat na neboh\u00e9 sportovce. T\u0159eba se v\u00a0t\u00e9 hale budou konat z\u00e1vody pro ve\u0159ejnost. Kolik z\u00e1vod\u016f do roka? T\u0159eba p\u011bt. Kolik lid\u00ed na n\u011b p\u0159ijde? Na olympijsk\u00fd z\u00e1vod jich chod\u00ed tak p\u011bt tis\u00edc, tak\u017ee na b\u011b\u017en\u00fd u n\u00e1s tis\u00edc? Dejmetomu. To je p\u011bt tis\u00edc div\u00e1k\u016f do roka. Pokud by si m\u011bli koupit vstupenku v\u00a0cen\u011b n\u00e1klad\u016f za halu (a to nepo\u010d\u00edt\u00e1m, \u017ee samotn\u00e9 z\u00e1vody tak\u00e9 n\u011bco stoj\u00ed), musela by st\u00e1t vstupenka n\u011bjak\u00fdch 90 tis\u00edc korun. A proto\u017ee bude st\u00e1t tak dv\u011b stovky, zbytek doplat\u00ed premi\u00e9r Sobotka.<\/p>\n<p style=\"margin: 0px; padding: 6px 0px; font-size: 16px; line-height: 1.6;\">M\u00e1me to ale premi\u00e9rem velk\u00e9ho granda. A t\u0159eba bude stejn\u011b \u0161t\u011bdr\u00fd i k\u00a0pomalobruslen\u00ed. Nebo k\u00a0nebruslen\u00ed. Nebo k\u00a0jin\u00fdm z\u00e1bav\u00e1m, ve kter\u00fdch m\u00e1me na mezin\u00e1rodn\u00ed \u00farovni p\u011bt lid\u00ed. A jak budou dotov\u00e1ni ti, co se nekoukaj\u00ed na sporty ale t\u0159eba u Vltavy na labut\u011b? Kolik dostanou jako p\u0159\u00edsp\u011bvek od Sobotky? I na n\u011b se p\u0159ece jist\u011b dostane. I na bigb\u00edtov\u00e9 kapely, na hr\u00e1\u010de pokeru, na z\u00e1vodn\u00edky v\u00a0rychl\u00e9m pit\u00ed piva.<\/p>\n<p style=\"margin: 0px; padding: 6px 0px; font-size: 16px; line-height: 1.6;\">Podporu si zaslou\u017e\u00ed v\u0161ichni. A tak v\u0161ichni budou platit podporu v\u0161em. Tedy p\u0159\u00edmo ne, ale p\u0159es pana Sobotku. Nejd\u0159\u00edv daj\u00ed v\u0161echny sv\u00e9 pen\u00edze jemu a pak on v\u0161echny rozd\u011bl\u00ed mezi n\u011b.<\/p>\n<p style=\"margin: 0px; padding: 6px 0px; font-size: 16px; line-height: 1.6;\">R\u00e1j na zemi. \u00dapln\u011b jsem se zasnil.<\/p>\n<p style=\"margin: 0px; padding: 6px 0px; font-size: 16px; line-height: 1.6;\"><a href=\"http:\/\/jakl.blog.idnes.cz\/c\/403706\/Se-Sobotkou-budeme-bruslit-rychleji.html\" target=\"_blank\">Zdroj<\/a><\/p>\n<\/div>\n","protected":false},"excerpt":{"rendered":"<p>\u0160t\u011bdr\u00fd premi\u00e9r Sobotka sl\u00edbil, \u017ee z\u00a0na\u0161ich pen\u011bz nech\u00e1 postavit v\u00a0Nov\u00e9m M\u011bst\u011b na Morav\u011b halu pro rychlobruslen\u00ed. Kdo by to t\u011bm brusla\u0159\u016fm nep\u0159\u00e1l. Ale kdo by to p\u0159\u00e1l poplatn\u00edk\u016fm? Asi ka\u017ed\u00fd, zd\u00e1 se.<\/p>\n","protected":false},"author":1,"featured_media":0,"comment_status":"open","ping_status":"open","sticky":false,"template":"","format":"standard","meta":{"ngg_post_thumbnail":0,"footnotes":""},"categories":[10],"tags":[],"class_list":["post-4682","post","type-post","status-publish","format-standard","hentry","category-zlehka"],"_links":{"self":[{"href":"https:\/\/www.ladislavjakl.cz\/index.php?rest_route=\/wp\/v2\/posts\/4682","targetHints":{"allow":["GET"]}}],"collection":[{"href":"https:\/\/www.ladislavjakl.cz\/index.php?rest_route=\/wp\/v2\/posts"}],"about":[{"href":"https:\/\/www.ladislavjakl.cz\/index.php?rest_route=\/wp\/v2\/types\/post"}],"author":[{"embeddable":true,"href":"https:\/\/www.ladislavjakl.cz\/index.php?rest_route=\/wp\/v2\/users\/1"}],"replies":[{"embeddable":true,"href":"https:\/\/www.ladislavjakl.cz\/index.php?rest_route=%2Fwp%2Fv2%2Fcomments&post=4682"}],"version-history":[{"count":1,"href":"https:\/\/www.ladislavjakl.cz\/index.php?rest_route=\/wp\/v2\/posts\/4682\/revisions"}],"predecessor-version":[{"id":4683,"href":"https:\/\/www.ladislavjakl.cz\/index.php?rest_route=\/wp\/v2\/posts\/4682\/revisions\/4683"}],"wp:attachment":[{"href":"https:\/\/www.ladislavjakl.cz\/index.php?rest_route=%2Fwp%2Fv2%2Fmedia&parent=4682"}],"wp:term":[{"taxonomy":"category","embeddable":true,"href":"https:\/\/www.ladislavjakl.cz\/index.php?rest_route=%2Fwp%2Fv2%2Fcategories&post=4682"},{"taxonomy":"post_tag","embeddable":true,"href":"https:\/\/www.ladislavjakl.cz\/index.php?rest_route=%2Fwp%2Fv2%2Ftags&post=4682"}],"curies":[{"name":"wp","href":"https:\/\/api.w.org\/{rel}","templated":true}]}}