{"id":4692,"date":"2014-04-04T15:15:46","date_gmt":"2014-04-04T13:15:46","guid":{"rendered":"http:\/\/www.ladislavjakl.cz\/?p=4692"},"modified":"2014-04-04T15:15:46","modified_gmt":"2014-04-04T13:15:46","slug":"kampane-a-fraze-%e2%80%93-definicni-znaky-zmrzacene-demokracie","status":"publish","type":"post","link":"https:\/\/www.ladislavjakl.cz\/?p=4692","title":{"rendered":"Kampan\u011b a fr\u00e1ze \u2013 defini\u010dn\u00ed znaky zmrza\u010den\u00e9 demokracie"},"content":{"rendered":"<p>Tak\u00e9 m\u00e1te pocit, \u017ee tu u\u017e v\u0161echno kdysi bylo? Ta slova o tom, jak Evropsk\u00e1 unie zajist\u00ed sv\u00fdm \u010dlen\u016fm prosperitu, bezpe\u010d\u00ed a svobody, jak zato\u010d\u00ed s\u00a0korupc\u00ed a vym\u00fdt\u00ed zlo\u010dinnost, jak naprav\u00ed pok\u0159ivenou justici a vylep\u0161\u00ed politickou kulturu? Dnes t\u011bmito sliby krm\u00ed zase kohosi jin\u00e9ho, ale my jsme to p\u0159eci sly\u0161eli u\u017e d\u00e1vno.<\/p>\n<p><!--more--><\/p>\n<p>Ano. Bylo to p\u0159ed jeden\u00e1cti lety, v\u00a0dob\u011b na\u0161eho referenda o \u010dlenstv\u00ed v\u00a0EU, kdy krom\u011b t\u011bchto slib\u016f a pak je\u0161t\u011b stra\u0161en\u00ed \u00fadajn\u00fdm nacionalismem nezn\u011blo nic jin\u00e9ho. A bylo to i p\u0159ed deseti lety, kdy naivn\u011bj\u0161\u00ed mezi n\u00e1mi slavili skute\u010dnost, \u017ee se z\u00a0jak\u00fdchsi Afri\u010dan\u016f \u010di Asiat\u016f, nebo \u010d\u00edm to dosud byli, pr\u00e1v\u011b stali z\u00a0moci \u00fa\u0159edn\u00ed prav\u00fdmi Evropany.<\/p>\n<p>A jak je tomu dnes? O politick\u00e9 kultu\u0159e \u0161koda mluvit, proto\u017ee se v\u00a0p\u0159\u00edm\u00e9m p\u0159enose rozpad\u00e1 s\u00e1m politick\u00fd syst\u00e9m. Korupce vyrostla o celou jednu ohromnou dimenzi, nab\u00eddnutou korup\u010dn\u00edmi pen\u011bzi z\u00a0bruselsk\u00fdch fond\u016f. Zlo\u010dinnost vesele roste d\u00e1l, svobody jsou denn\u011b v\u00edc a v\u00edce omezov\u00e1ny dal\u0161\u00edmi z\u00e1kazy, kv\u00f3tami, limity a regulacemi.<\/p>\n<p>Zelen\u00fd Brusel zane\u0159\u00e1dil na\u0161i zem v\u011btrn\u00edky, slune\u010dn\u00edmi kolektory a \u017elut\u00fdmi l\u00e1ny \u0159epky a pen\u00edze za energii putuj\u00ed do kapes mocn\u00fdch ekolobbist\u016f. Tradi\u010dn\u00ed hodnotov\u00e9 vzorce a rodina jsou p\u0159edm\u011btem soustavn\u00e9ho \u00fatoku na svou podstatu, soukrom\u00ed individua ji\u017e nen\u00ed chr\u00e1n\u011bno, nastupuje s\u00edla nov\u00fdch kolektivism\u016f. To v\u0161e je v\u00fdsledkem na\u0161eho desetilet\u00e9ho \u010dlenstv\u00ed v\u00a0EU.<\/p>\n<p>Nen\u00ed c\u00edlem tohoto textu v\u00e1\u017eit pom\u011br mezi importem v\u0161ech zm\u00edn\u011bn\u00fdch negativ a jejich dom\u00e1c\u00ed produkc\u00ed. To druh\u00e9 pochopiteln\u011b um\u00edme tak\u00e9. D\u016fle\u017eit\u00e9 sp\u00ed\u0161e je, \u017ee sama EU se pr\u00e1v\u011b za t\u011bch 10 let zm\u011bnila a d\u00e1l posunula sm\u011brem k\u00a0centralizovan\u00e9mu unifikovan\u00e9mu superst\u00e1tu, jeho\u017e z\u00e1kladn\u00ed charakteristikou je demokratick\u00fd deficit.<\/p>\n<p>Takzvan\u00fd <strong>demokratick\u00fd deficit a svobodu omezuj\u00edc\u00ed soci\u00e1ln\u00ed in\u017een\u00fdrstv\u00ed se toti\u017e vz\u00e1jemn\u011b potencuj\u00ed<\/strong>. Domn\u00edv\u00e1m se, \u017ee toto vz\u00e1jemn\u00e9 potencov\u00e1n\u00ed je nejvlastn\u011bj\u0161\u00ed charakteristikou dne\u0161n\u00ed evropsk\u00e9 integrace. Je to prav\u00fd ko\u0159en m\u00edsty sm\u011b\u0161n\u00e9 a m\u00edsty hroziv\u00e9 tv\u00e1\u0159e dne\u0161n\u00ed Evropsk\u00e9 unie.<\/p>\n<p>Cel\u00fd institucion\u00e1ln\u00ed mechanismus Evropsk\u00e9 unie nen\u00ed neutr\u00e1ln\u00edm parametrem. Nen\u00ed to pr\u00e1zdn\u00e1 sko\u0159\u00e1pka, kterou lze podle dan\u00e9ho politick\u00e9ho mand\u00e1tu naplnit t\u00edm \u010di on\u00edm obsahem, politikou socialistickou stejn\u011b jako t\u0159eba liber\u00e1ln\u00ed nebo konzervativn\u00ed. Tak tomu je u demokratick\u00e9ho st\u00e1tu. V\u00a0EU vzd\u00e1lenost od voli\u010de, oslaben\u00ed zp\u011btn\u00fdch vazeb, nevyv\u00e1\u017een\u00e1 rovnov\u00e1ha mocensk\u00fdch pil\u00ed\u0159\u016f a naprost\u00e1 absence kontroln\u00edch mechanism\u016f, to v\u0161e m\u00e1 zp\u016fsobilost definovat \u201eobsah sko\u0159\u00e1pky\u201c v\u017edy pouze sm\u011brem k\u00a0dirigismu a pry\u010d od \u00facty ke svobodn\u00e9mu lidsk\u00e9mu jedinci.<\/p>\n<p>Brzy n\u00e1s \u010dekaj\u00ed dal\u0161\u00ed volby do \u201cevropsk\u00e9ho parlamentu\u201c. Nemohu jinak, ne\u017e ps\u00e1t tento term\u00edn v\u00a0uvozovk\u00e1ch. Nejde toti\u017e ani o instituci (celo)evropskou, ani \u2013 a to p\u0159edev\u0161\u00edm \u2013 o skute\u010dn\u00fd parlament. EP nem\u00e1 legislativn\u00ed pravomoci, nen\u00ed to kolbi\u0161t\u011b politick\u00e9ho st\u0159etu mezi koalic\u00ed a opozic\u00ed, je pouze um\u011blou l\u00edhn\u00ed, kde se podle tu\u017eeb sv\u00fdch tv\u016frc\u016f m\u00e1 zrodit cosi jako celoevropsk\u00e1 debata a z\u00a0n\u00ed n\u011bkdy v\u00a0budoucnu i celoevropsk\u00e1 politika. Ale to nyn\u00ed zmi\u0148ovat nechci. Rozhodn\u011b nehodl\u00e1m demotivovat kandid\u00e1ty ani voli\u010de, proto\u017ee nen\u00ed zcela jedno, kdo za \u010ceskou republiku bude v\u00a0EP sed\u011bt. Ale na z\u00e1klad\u011b p\u0159edchoz\u00edch odstavc\u016f soud\u00edm, \u017ee evropsk\u00e9 instituce maj\u00ed zp\u016fsobilost si ka\u017ed\u00fd \u201emateri\u00e1l\u201c poslan\u00fd od voli\u010d\u016f \u010dlensk\u00fdch zem\u00ed vytvarovat podle sv\u00e9ho.<\/p>\n<p>Jestli\u017ee jsem mluvil o <strong>vz\u00e1jemn\u00e9m<\/strong> potencov\u00e1n\u00ed, pak je t\u0159eba zm\u00ednit i to, \u017ee nikoli neutr\u00e1ln\u00ed, ale naopak p\u0159esn\u011b k\u00a0ur\u010dit\u00e9mu pou\u017eit\u00ed (k realizaci soci\u00e1ln\u011b in\u017een\u00fdrsk\u00fdch megaprojekt\u016f) konstruovan\u00e9 instituce EU nenesou svou podobu n\u00e1hodn\u011b. S\u00e1m projekt evropsk\u00e9 integrace byl od po\u010d\u00e1tku sv\u00fdmi tv\u016frci a inici\u00e1tory my\u0161len jako projekt soci\u00e1ln\u011b in\u017een\u00fdrsk\u00fd. Sice obsahoval v\u00a0prvn\u00edch dek\u00e1d\u00e1ch i jist\u00e9 liberaliza\u010dn\u00ed momenty, ty byly ale v\u017edy ch\u00e1p\u00e1ny jen jako da\u0148, kterou bylo nutno zaplatit, aby mohla nastoupit \u00e9ra standardizace.<\/p>\n<p><strong>Soci\u00e1ln\u00ed in\u017een\u00fd\u0159i tedy zkonstruovali instituce, kter\u00e9 op\u011bt samovoln\u011b d\u00e1l tenduj\u00ed k\u00a0produkci soci\u00e1ln\u00edho in\u017een\u00fdrstv\u00ed<\/strong>. Hlavn\u00edm rysem tohoto vz\u00e1jemn\u00e9ho potencov\u00e1n\u00ed je kampa\u0148ovitost, prov\u00e1zen\u00e1 hesly a f\u00e1zemi. Zpo\u010d\u00e1tku jsme si mohli myslet, \u017ee n\u011bkter\u00e9 \u2013 v\u00a0o\u010d\u00edch t\u011bch, kdo jsme za\u017eili \u201ere\u00e1ln\u00fd socialismus\u201c, a\u017e sm\u011b\u0161n\u00e9 \u010di trapn\u00e9 \u2013 n\u00e1zvy projekt\u016f, program\u016f \u010di \u201erozvojov\u00fdch c\u00edl\u016f\u201c jsou produktem prost\u00e9 hlouposti byrokrat\u016f. Nen\u00ed tomu tak.<\/p>\n<p><strong>Kampan\u011b a fr\u00e1ze jsou imanentn\u00edm znakem soci\u00e1ln\u00edho in\u017een\u00fdrstv\u00ed<\/strong>. Jsou vn\u011bj\u0161\u00edm projevem vnit\u0159n\u00ed touhy mnoha lid\u00ed vybudovat nov\u00fd sv\u011bt podle sv\u00fdch p\u0159edstav i t\u0159eba na \u00fakor svobody druh\u00fdch. Lidsk\u00e9 vlastnosti, kter\u00e9 k\u00a0takov\u00fdm skon\u016fm vytv\u00e1\u0159ej\u00ed p\u0159edpoklady, byly p\u0159\u00edtomny v\u00a0ka\u017ed\u00e9 dob\u011b a v\u00a0ka\u017ed\u00e9 zemi. Proto jsou si jejich projevy tak podobn\u00e9. Hesla a fr\u00e1ze, kampan\u011b a floskule, to nejsou jen n\u00e1hra\u017eky pr\u00e1zdn\u00e9 politiky, to jsou naprost\u00e9 atributy, defini\u010dn\u00ed a v\u017edy p\u0159\u00edtomn\u00e9 znaky jevu, kter\u00e9mu dnes stydliv\u011b \u0159\u00edk\u00e1me \u201edemokratick\u00fd deficit\u201c. Vlastn\u011b i tento obrat je jistou perestrojkovou fr\u00e1z\u00ed, je projevem \u201em\u00edrn\u00e9 kritiky v\u00a0mez\u00edch z\u00e1kona\u201c. A ti, kdo milostiv\u011b dovoluj\u00ed tento term\u00edn pou\u017e\u00edvat, cht\u011bj\u00ed jen vytvo\u0159it zd\u00e1n\u00ed, \u017ee jim jde o demokracii.<\/p>\n<p>M\u00edsto souslov\u00ed \u201edemokratick\u00fd deficit\u201c bychom rad\u011bji m\u011bli \u0159\u00edkat \u201ezmrza\u010den\u00e1 demokracie\u201c. Nebo \u201epokryteck\u00e1 hra na demokracii.\u201c Bruselsk\u00e9 fr\u00e1ze a kampan\u011b nejsou \u00falety n\u011bkolika hloup\u00fdch \u00fa\u0159edn\u00edk\u016f. Jsou tolik podobn\u00e9 t\u011bm dob komunismu, proto\u017ee jsou plodem stejn\u00e9ho my\u0161len\u00ed. Kolektivismy v\u010detn\u011b t\u011bch nejkrut\u011bj\u0161\u00edch nespadly z\u00a0nebe. Vyr\u016fstaj\u00ed z\u00a0\u010dlov\u011bka, z\u00a0n\u011bkter\u00fdch jeho na prvn\u00edch pohled ne\u0161kodn\u00fdch vlastnost\u00ed. \u010clov\u011bk z\u016fstal stejn\u00fd a v\u017edy si sebou nese podobn\u00e9 vybaven\u00ed. Ale v\u00a0n\u011bkter\u00fdch dob\u00e1ch a syst\u00e9mech se jeho sklon preferovat z\u00e1ruku na \u0161t\u011bst\u00ed p\u0159ed svobodou projev\u00ed siln\u011bji. Siln\u011bji, ale bez fantazie, je to nakonec vlastn\u011b v\u017edy stejn\u00e9.<\/p>\n<p>V\u00a0duchu eurofr\u00e1z\u00ed bychom dnes mohli pron\u00e9st cosi o tom, \u017ee prvn\u00ed desetiletku \u010dlenstv\u00ed v\u00a0EU m\u00e1me za sebou, \u017ee jsme v n\u00ed obst\u00e1li se ct\u00ed, ale \u017ee drobn\u00e9 rezervy by se na\u0161ly a je t\u0159eba na nich pracovat. Hlavn\u011b je t\u0159eba v\u0161echno rozv\u00edjet, prohlubovat, upev\u0148ovat a roz\u0161i\u0159ovat. A pak m\u016f\u017eeme sm\u011ble vykro\u010dit do dal\u0161\u00ed desetiletky.<\/p>\n<p>Nebo si \u0159ekneme, \u017ee deset let u\u017e docela sta\u010dilo?<\/p>\n<p><em>ps\u00e1no pro Newsletter IVK <\/em><\/p>\n","protected":false},"excerpt":{"rendered":"<p>Tak\u00e9 m\u00e1te pocit, \u017ee tu u\u017e v\u0161echno kdysi bylo? Ta slova o tom, jak Evropsk\u00e1 unie zajist\u00ed sv\u00fdm \u010dlen\u016fm prosperitu, bezpe\u010d\u00ed a svobody, jak zato\u010d\u00ed s\u00a0korupc\u00ed a vym\u00fdt\u00ed zlo\u010dinnost, jak naprav\u00ed pok\u0159ivenou justici a vylep\u0161\u00ed politickou kulturu? Dnes t\u011bmito sliby krm\u00ed zase kohosi jin\u00e9ho, ale my jsme to p\u0159eci sly\u0161eli u\u017e d\u00e1vno.<\/p>\n","protected":false},"author":1,"featured_media":0,"comment_status":"open","ping_status":"open","sticky":false,"template":"","format":"standard","meta":{"ngg_post_thumbnail":0,"footnotes":""},"categories":[1],"tags":[],"class_list":["post-4692","post","type-post","status-publish","format-standard","hentry","category-publikovane-clanky"],"_links":{"self":[{"href":"https:\/\/www.ladislavjakl.cz\/index.php?rest_route=\/wp\/v2\/posts\/4692","targetHints":{"allow":["GET"]}}],"collection":[{"href":"https:\/\/www.ladislavjakl.cz\/index.php?rest_route=\/wp\/v2\/posts"}],"about":[{"href":"https:\/\/www.ladislavjakl.cz\/index.php?rest_route=\/wp\/v2\/types\/post"}],"author":[{"embeddable":true,"href":"https:\/\/www.ladislavjakl.cz\/index.php?rest_route=\/wp\/v2\/users\/1"}],"replies":[{"embeddable":true,"href":"https:\/\/www.ladislavjakl.cz\/index.php?rest_route=%2Fwp%2Fv2%2Fcomments&post=4692"}],"version-history":[{"count":1,"href":"https:\/\/www.ladislavjakl.cz\/index.php?rest_route=\/wp\/v2\/posts\/4692\/revisions"}],"predecessor-version":[{"id":4693,"href":"https:\/\/www.ladislavjakl.cz\/index.php?rest_route=\/wp\/v2\/posts\/4692\/revisions\/4693"}],"wp:attachment":[{"href":"https:\/\/www.ladislavjakl.cz\/index.php?rest_route=%2Fwp%2Fv2%2Fmedia&parent=4692"}],"wp:term":[{"taxonomy":"category","embeddable":true,"href":"https:\/\/www.ladislavjakl.cz\/index.php?rest_route=%2Fwp%2Fv2%2Fcategories&post=4692"},{"taxonomy":"post_tag","embeddable":true,"href":"https:\/\/www.ladislavjakl.cz\/index.php?rest_route=%2Fwp%2Fv2%2Ftags&post=4692"}],"curies":[{"name":"wp","href":"https:\/\/api.w.org\/{rel}","templated":true}]}}