{"id":4701,"date":"2014-04-09T11:20:29","date_gmt":"2014-04-09T09:20:29","guid":{"rendered":"http:\/\/www.ladislavjakl.cz\/?p=4701"},"modified":"2014-04-09T11:20:29","modified_gmt":"2014-04-09T09:20:29","slug":"klausuv-jakl-nemilosrdne-shrnuje-10-let-naseho-clenstvi-v-eu","status":"publish","type":"post","link":"https:\/\/www.ladislavjakl.cz\/?p=4701","title":{"rendered":"Klaus\u016fv Jakl nemilosrdn\u011b shrnuje 10 let na\u0161eho \u010dlenstv\u00ed v EU"},"content":{"rendered":"<p>Nad t\u00edm, jak se po jeden\u00e1cti letech \u010dlenstv\u00ed v Unii zm\u011bnil v na\u0161\u00ed zemi \u017eivot, se zam\u00fd\u0161l\u00ed dlouholet\u00fd spolupracovn\u00edk b\u00fdval\u00e9ho prezidenta V\u00e1clava Klause Ladislav Jakl v \u010dl\u00e1nku napsan\u00e9m pro Parlamentn\u00edListy.cz. V \u010cesku se podle n\u011bj rozpad\u00e1 politick\u00fd syst\u00e9m, korupce narostla o celou dimenzi d\u00edky pen\u011bz\u016fm z bruselsk\u00fdch fond\u016f a p\u0159esto\u017ee svobody jsou denn\u011b v\u00edc a v\u00edc omezov\u00e1ny dal\u0161\u00edmi z\u00e1kazy, kv\u00f3tami, limity a regulacemi, zlo\u010dinnost roste d\u00e1l. Doch\u00e1z\u00ed k z\u00e1v\u011bru, \u017ee bruselsk\u00e9 fr\u00e1ze se podobaj\u00ed t\u011bm komunistick\u00fdm, proto\u017ee jsou produktem stejn\u00e9ho my\u0161len\u00ed.<\/p>\n<p><!--more--><br \/>\nJakl vzpom\u00edn\u00e1 na to, jak\u00e9 sliby jsme sly\u0161eli p\u0159ed referendem o vstupu do EU. \u017de Evropsk\u00e1 unie zajist\u00ed sv\u00fdm \u010dlen\u016fm prosperitu, bezpe\u010d\u00ed a svobodu, jak zato\u010d\u00ed s korupc\u00ed a vym\u00fdt\u00ed zlo\u010dinnost, jak naprav\u00ed pok\u0159ivenou justici a vylep\u0161\u00ed politickou kulturu.<\/p>\n<p>Do protikladu s tehdej\u0161\u00edmi sliby d\u00e1v\u00e1 realitu dne\u0161ka, kter\u00e1 podle n\u011bj vypad\u00e1 takto: \u201eO politick\u00e9 kultu\u0159e \u0161koda mluvit, proto\u017ee se v p\u0159\u00edm\u00e9m p\u0159enose rozpad\u00e1 s\u00e1m politick\u00fd syst\u00e9m. Korupce vyrostla o celou jednu ohromnou dimenzi, nab\u00eddnutou korup\u010dn\u00edmi pen\u011bzi z bruselsk\u00fdch fond\u016f. Zlo\u010dinnost vesele roste d\u00e1l, svobody jsou denn\u011b v\u00edc a v\u00edc omezov\u00e1ny dal\u0161\u00edmi z\u00e1kazy, kv\u00f3tami, limity a regulacemi.\u201c<\/p>\n<p>Jakl odhaluje pravou p\u0159\u00ed\u010dinu podle n\u011bj sm\u011b\u0161n\u00e9 tv\u00e1\u0159e EU<\/p>\n<p>Podle Jakla se EU za 10 let zm\u011bnila a d\u00e1l posunula sm\u011brem k centralizovan\u00e9mu unifikovan\u00e9mu superst\u00e1tu, jeho\u017e z\u00e1kladn\u00ed charakteristikou je demokratick\u00fd deficit. Nad\u0161en\u00fd z takov\u00e9ho v\u00fdvoje nen\u00ed. Pro\u010d? \u201eTakzvan\u00fd demokratick\u00fd deficit a svobodu omezuj\u00edc\u00ed soci\u00e1ln\u00ed in\u017een\u00fdrstv\u00ed se toti\u017e vz\u00e1jemn\u011b potencuj\u00ed. Domn\u00edv\u00e1m se, \u017ee toto vz\u00e1jemn\u00e9 potencov\u00e1n\u00ed je nejvlastn\u011bj\u0161\u00ed charakteristikou dne\u0161n\u00ed evropsk\u00e9 integrace. Je to prav\u00fd ko\u0159en m\u00edsty sm\u011b\u0161n\u00e9 a m\u00edsty hroziv\u00e9 tv\u00e1\u0159e dne\u0161n\u00ed Evropsk\u00e9 unie.\u201c<\/p>\n<p>Z\u00e1v\u011brem doch\u00e1z\u00ed k z\u00e1v\u011bru, \u017ee kampan\u011b a fr\u00e1ze jsou vn\u011bj\u0161\u00edm projevem vnit\u0159n\u00ed touhy mnoha lid\u00ed vybudovat nov\u00fd sv\u011bt podle sv\u00fdch p\u0159edstav i t\u0159eba na \u00fakor svobody druh\u00fdch. \u201eBruselsk\u00e9 fr\u00e1ze a kampan\u011b nejsou \u00falety n\u011bkolika hloup\u00fdch \u00fa\u0159edn\u00edk\u016f. Jsou tolik podobn\u00e9 t\u011bm z dob komunismu, proto\u017ee jsou plodem stejn\u00e9ho my\u0161len\u00ed,\u201c domn\u00edv\u00e1 se a dod\u00e1v\u00e1: \u201e\u010clov\u011bk z\u016fstal stejn\u00fd a v\u017edy si sebou nese podobn\u00e9 vybaven\u00ed. Ale v n\u011bkter\u00fdch dob\u00e1ch a syst\u00e9mech se jeho sklon preferovat z\u00e1ruku na \u0161t\u011bst\u00ed p\u0159ed svobodou projev\u00ed siln\u011bji. Siln\u011bji, ale bez fantazie, je to nakonec vlastn\u011b v\u017edy stejn\u00e9.\u201c<\/p>\n<p><a href=\"http:\/\/www.parlamentnilisty.cz\/arena\/monitor\/Klausuv-Jakl-nemilosrdne-shrnuje-10-let-naseho-clenstvi-v-EU-314574\" target=\"_blank\">Zdroj<\/a><\/p>\n","protected":false},"excerpt":{"rendered":"<p>Nad t\u00edm, jak se po jeden\u00e1cti letech \u010dlenstv\u00ed v Unii zm\u011bnil v na\u0161\u00ed zemi \u017eivot, se zam\u00fd\u0161l\u00ed dlouholet\u00fd spolupracovn\u00edk b\u00fdval\u00e9ho prezidenta V\u00e1clava Klause Ladislav Jakl v \u010dl\u00e1nku napsan\u00e9m pro Parlamentn\u00edListy.cz. V \u010cesku se podle n\u011bj rozpad\u00e1 politick\u00fd syst\u00e9m, korupce narostla o celou dimenzi d\u00edky pen\u011bz\u016fm z bruselsk\u00fdch fond\u016f a p\u0159esto\u017ee svobody jsou denn\u011b v\u00edc a [&hellip;]<\/p>\n","protected":false},"author":1,"featured_media":0,"comment_status":"open","ping_status":"open","sticky":false,"template":"","format":"standard","meta":{"ngg_post_thumbnail":0,"footnotes":""},"categories":[11],"tags":[],"class_list":["post-4701","post","type-post","status-publish","format-standard","hentry","category-ozvena"],"_links":{"self":[{"href":"https:\/\/www.ladislavjakl.cz\/index.php?rest_route=\/wp\/v2\/posts\/4701","targetHints":{"allow":["GET"]}}],"collection":[{"href":"https:\/\/www.ladislavjakl.cz\/index.php?rest_route=\/wp\/v2\/posts"}],"about":[{"href":"https:\/\/www.ladislavjakl.cz\/index.php?rest_route=\/wp\/v2\/types\/post"}],"author":[{"embeddable":true,"href":"https:\/\/www.ladislavjakl.cz\/index.php?rest_route=\/wp\/v2\/users\/1"}],"replies":[{"embeddable":true,"href":"https:\/\/www.ladislavjakl.cz\/index.php?rest_route=%2Fwp%2Fv2%2Fcomments&post=4701"}],"version-history":[{"count":1,"href":"https:\/\/www.ladislavjakl.cz\/index.php?rest_route=\/wp\/v2\/posts\/4701\/revisions"}],"predecessor-version":[{"id":4702,"href":"https:\/\/www.ladislavjakl.cz\/index.php?rest_route=\/wp\/v2\/posts\/4701\/revisions\/4702"}],"wp:attachment":[{"href":"https:\/\/www.ladislavjakl.cz\/index.php?rest_route=%2Fwp%2Fv2%2Fmedia&parent=4701"}],"wp:term":[{"taxonomy":"category","embeddable":true,"href":"https:\/\/www.ladislavjakl.cz\/index.php?rest_route=%2Fwp%2Fv2%2Fcategories&post=4701"},{"taxonomy":"post_tag","embeddable":true,"href":"https:\/\/www.ladislavjakl.cz\/index.php?rest_route=%2Fwp%2Fv2%2Ftags&post=4701"}],"curies":[{"name":"wp","href":"https:\/\/api.w.org\/{rel}","templated":true}]}}