{"id":4703,"date":"2014-04-15T14:02:19","date_gmt":"2014-04-15T12:02:19","guid":{"rendered":"http:\/\/www.ladislavjakl.cz\/?p=4703"},"modified":"2014-04-17T16:20:03","modified_gmt":"2014-04-17T14:20:03","slug":"o-cem-sni-zlatuska","status":"publish","type":"post","link":"https:\/\/www.ladislavjakl.cz\/?p=4703","title":{"rendered":"O \u010dem sn\u00ed Zlatu\u0161ka"},"content":{"rendered":"<p>Ladislav Jakl reaguje na Zlatu\u0161kovy sprostoty v\u016f\u010di V\u00e1clavu Klausovi.<\/p>\n<p><!--more--><\/p>\n<p>Ji\u0159\u00ed Zlatu\u0161ka: \u201eJe dobr\u00e9 zd\u016fraznit, \u017ee to byl i V\u00e1clav Klaus, kdo pl\u00e9doval pro \u010dlenstv\u00ed Ukrajiny v\u00a0NATO i v\u00a0EU\u2026. Kdy\u017e to, co Klaus \u0159\u00edkal osobn\u011b roku 2005 Ju\u0161\u010denkovi, srovn\u00e1me s\u00a0t\u00edm, jak p\u0159i zab\u00edr\u00e1n\u00ed \u010d\u00e1sti Ukrajiny v\u00a0roce 2014 oddan\u011b l\u00ed\u017ee \u0159i\u0165 Putinovi, vych\u00e1z\u00ed z\u00a0toho V\u00e1clav Klaus v\u00a0prv\u00e9 \u0159ad\u011b jako bezp\u00e1te\u0159n\u00ed ubo\u017e\u00e1k.\u201c<\/p>\n<p>Ladislav Jakl: \u201eP\u0159\u00edb\u011bh Ukrajiny posledn\u00edch dvou desetilet\u00ed je smutn\u00fdm p\u0159\u00edb\u011bhem ne\u00fasp\u011b\u0161n\u00e9 zem\u011b. Do jist\u00e9 m\u00edry byl jej\u00ed ne\u00fasp\u011bch p\u0159edur\u010den u\u017e jej\u00edm vznikem jako konglomer\u00e1tu velmi odli\u0161n\u00fdch oblast\u00ed. Zdaleka nejen V\u00e1clav Klaus je t\u00edmto ukrajinsk\u00fdm p\u0159\u00edb\u011bhem zklam\u00e1n, zdaleka nejen jeho o\u010dek\u00e1v\u00e1n\u00ed i z\u00a0dob p\u0159ed 10 lety nebylo napln\u011bno. To pochop\u00ed ka\u017ed\u00fd, kdo si narozd\u00edl od Zlatu\u0161ky d\u00e1 pr\u00e1ci a p\u0159e\u010dte si celou anal\u00fdzu p\u00e1n\u016f Klause a Weigla. Slovn\u00edk pana Zlatu\u0161ky komentovat nebudu, mo\u017en\u00e1 jen p\u0159\u00edli\u0161 prozrazuje, o \u010dem se Zlatu\u0161kovi v\u00a0noci zd\u00e1.\u201c<\/p>\n","protected":false},"excerpt":{"rendered":"<p>Ladislav Jakl reaguje na Zlatu\u0161kovy sprostoty v\u016f\u010di V\u00e1clavu Klausovi.<\/p>\n","protected":false},"author":1,"featured_media":0,"comment_status":"open","ping_status":"open","sticky":false,"template":"","format":"standard","meta":{"ngg_post_thumbnail":0,"footnotes":""},"categories":[6],"tags":[],"class_list":["post-4703","post","type-post","status-publish","format-standard","hentry","category-co-jsem-nerekl"],"_links":{"self":[{"href":"https:\/\/www.ladislavjakl.cz\/index.php?rest_route=\/wp\/v2\/posts\/4703","targetHints":{"allow":["GET"]}}],"collection":[{"href":"https:\/\/www.ladislavjakl.cz\/index.php?rest_route=\/wp\/v2\/posts"}],"about":[{"href":"https:\/\/www.ladislavjakl.cz\/index.php?rest_route=\/wp\/v2\/types\/post"}],"author":[{"embeddable":true,"href":"https:\/\/www.ladislavjakl.cz\/index.php?rest_route=\/wp\/v2\/users\/1"}],"replies":[{"embeddable":true,"href":"https:\/\/www.ladislavjakl.cz\/index.php?rest_route=%2Fwp%2Fv2%2Fcomments&post=4703"}],"version-history":[{"count":2,"href":"https:\/\/www.ladislavjakl.cz\/index.php?rest_route=\/wp\/v2\/posts\/4703\/revisions"}],"predecessor-version":[{"id":4715,"href":"https:\/\/www.ladislavjakl.cz\/index.php?rest_route=\/wp\/v2\/posts\/4703\/revisions\/4715"}],"wp:attachment":[{"href":"https:\/\/www.ladislavjakl.cz\/index.php?rest_route=%2Fwp%2Fv2%2Fmedia&parent=4703"}],"wp:term":[{"taxonomy":"category","embeddable":true,"href":"https:\/\/www.ladislavjakl.cz\/index.php?rest_route=%2Fwp%2Fv2%2Fcategories&post=4703"},{"taxonomy":"post_tag","embeddable":true,"href":"https:\/\/www.ladislavjakl.cz\/index.php?rest_route=%2Fwp%2Fv2%2Ftags&post=4703"}],"curies":[{"name":"wp","href":"https:\/\/api.w.org\/{rel}","templated":true}]}}