{"id":4724,"date":"2014-04-22T13:06:15","date_gmt":"2014-04-22T11:06:15","guid":{"rendered":"http:\/\/www.ladislavjakl.cz\/?p=4724"},"modified":"2014-04-22T13:06:15","modified_gmt":"2014-04-22T11:06:15","slug":"zeman-sobotka-a-jakl-k-10-letum-v-eu","status":"publish","type":"post","link":"https:\/\/www.ladislavjakl.cz\/?p=4724","title":{"rendered":"Zeman, Sobotka a Jakl k 10 let\u016fm v EU"},"content":{"rendered":"<p>V noci z 30. dubna na 1. kv\u011btna si \u010cesk\u00e1 republika p\u0159ipomene 10 let od vstupu do Evropsk\u00e9 unie. Ptali jsme se proto lid\u00ed z politick\u00e9, ekonomick\u00e9 i neziskov\u00e9 sf\u00e9ry, co n\u00e1m podle nich \u010dlenstv\u00ed v EU p\u0159ineslo. Anketou za\u010d\u00edn\u00e1 speci\u00e1l EurActivu k 10let\u00e9mu v\u00fdro\u010d\u00ed vstupu.<\/p>\n<p><!--more--><\/p>\n<p><strong>Milo\u0161 Zeman, prezident \u010cR:<\/strong> N\u00e1\u0161 vstup do Evropsk\u00e9 unie byl \u010d\u00edmsi v\u00edc, ne\u017e p\u0159ipojen\u00edm se k jednotn\u00e9mu trhu anebo k dodavateli dotac\u00ed. Byl to v podstat\u011b vstup do rodiny. Kdy\u017e vstoup\u00edte do n\u011bjak\u00e9 rodiny, tak t\u00edm sd\u00edl\u00edte jej\u00ed pravidla chov\u00e1n\u00ed, jej\u00ed kulturu. Ch\u00e1pu Evropskou unii jako kulturn\u00ed entitu a proto\u017ee \u010cechy byly od starod\u00e1vna sou\u010d\u00e1st\u00ed evropsk\u00e9 kultury, tak vstup do Evropsk\u00e9 unie ch\u00e1pu sp\u00ed\u0161e jako n\u00e1vrat do star\u00e9 rodiny, ne\u017e jako vstup do rodiny nov\u00e9.<\/p>\n<p><strong>Bohuslav Sobotka, p\u0159edseda vl\u00e1dy:<\/strong> Vstup \u010cesk\u00e9 republiky do EU pova\u017euji za nejv\u00fdznamn\u011bj\u0161\u00ed okam\u017eik na\u0161\u00ed modern\u00ed historie. Oce\u0148uji hlavn\u011b zna\u010dn\u00e9 pos\u00edlen\u00ed kreditu \u010cR v mezin\u00e1rodn\u00ed politice, co\u017e se projevuje p\u0159i jedn\u00e1n\u00edch v Evrop\u011b i mimo ni. M\u00e1me unik\u00e1tn\u00ed p\u0159\u00edle\u017eitost rovnopr\u00e1vn\u011b se pod\u00edlet na \u0159e\u0161en\u00ed probl\u00e9m\u016f, s nimi\u017e bychom si sami v globalizovan\u00e9m sv\u011bt\u011b nedok\u00e1zali efektivn\u011b poradit. Evropsk\u00e1 unie n\u00e1m garantuje m\u00edr, stabilitu a prosperitu, tedy hodnoty, kter\u00fdch si mus\u00edme vzhledem pohnut\u00e9 a drsn\u00e9 historii kontinentu ve 20. stolet\u00ed opravdu v\u00e1\u017eit.<\/p>\n<p>N\u00e1vrat \u010ceska do Evropy, jak n\u00e1\u0161 vstup do EU ozna\u010duji, m\u011bl jednozna\u010dn\u011b pozitivn\u00ed p\u0159\u00ednos v pos\u00edlen\u00ed \u00facty k pravidl\u016fm a vymahatelnosti pr\u00e1va. Nezapom\u00ednejme ale ani na ekonomick\u00e9 klady &#8211; v\u017edy\u0165 \u010cesko na b\u00e1zi solidarity bohat\u00fdch zem\u00ed s chud\u00fdmi dostalo dvakr\u00e1t v\u00edce, ne\u017e kolik vlo\u017eilo, a souvisej\u00edc\u00ed p\u0159\u00edliv zahrani\u010dn\u00edho kapit\u00e1lu vyhnal ekonomiku do 6procentn\u00edho r\u016fstu.<\/p>\n<p><strong>Cyril Svoboda, ministr zahrani\u010d\u00ed v dob\u011b vstupu \u010cR do EU:<\/strong>Vstupem do Evropsk\u00e9 unie jsme z\u00edskali zvl\u00e1\u0161t\u011b p\u0159\u00edle\u017eitost p\u0159edv\u00e9st, jac\u00ed vlastn\u011b jsme: co mysl\u00edme v\u00e1\u017en\u011b, jakou m\u00e1me dlouhodobou strategii.<\/p>\n<p>Po volb\u00e1ch v roce 2006 se ov\u0161em nane\u0161t\u011bst\u00ed uk\u00e1zalo, \u017ee dlouhodobou p\u0159edstavu nem\u00e1me sp\u00ed\u0161e \u017e\u00e1dnou, \u017ee v\u00e1\u017en\u011b nemysl\u00edme skoro nic. Z\u00edskali jsme si p\u0159edev\u0161\u00edm ned\u016fv\u011bryhodnost. Net\u0159eba snad vzpom\u00ednat takov\u00fdch z\u00e1le\u017eitost\u00ed jako pokryteck\u00e9ho boj V\u00e1clava Klause proti ratifikaci Lisabonsk\u00e9 smlouvy, k jedn\u00e1n\u00ed o n\u00ed\u017e s\u00e1m dal plnou moc, nesmysln\u00e9ho, hlasit\u00e9ho prosazov\u00e1n\u00ed \u201e\u010desk\u00e9 v\u00fdjimky\u201c pro vstup Chorvatska Janem Fischerem, na n\u00ed\u017e jsme v dob\u011b jeho vstupu ti\u0161e zapomn\u011bli, nebo odm\u00edtnut\u00ed fisk\u00e1ln\u00edho paktu ze strany ODS a TOP 09, pro n\u011b\u017e nebylo jin\u00e9ho, ne\u017e \u010dist\u011b ideologick\u00e9ho d\u016fvodu. Z\u00edskali jsme pov\u011bst rozmazlen\u00e9ho d\u00edt\u011bte, kter\u00e9 nev\u00ed, co chce.<\/p>\n<p>Na\u0161e zem se touto ned\u016fv\u011bryhodnost\u00ed bohu\u017eel \u010dasto sama p\u0159ipravila o mo\u017enost tv\u016fr\u010d\u00edm zp\u016fsobem p\u0159isp\u011bt rozhodov\u00e1n\u00ed na evropsk\u00e9 \u00farovni. Nemysl\u00edme-li nic v\u00e1\u017en\u011b, nikdo n\u00e1s v\u00e1\u017en\u011b ani nebere. Stala se do zna\u010dn\u00e9 m\u00edry pouze trapn\u00fdm \u010derpatelem evropsk\u00fdch podpor \u2013 a ty nav\u00edc \u010derp\u00e1 v\u00edce ne\u017e \u0161patn\u011b.<\/p>\n<p><strong>David Ondr\u00e1\u010dka, \u0159editel Transparency International:<\/strong> \u010clenstv\u00ed v EU byla transforma\u010dn\u00ed vize vstupu do vysn\u011bn\u00e9ho elitn\u00edho klubu, kter\u00fd potvrzuje na\u0161i kulturn\u00ed a politickou p\u0159\u00edslu\u0161nost k Evrop\u011b. Situace se posunula, Evropa m\u00e1 spoustu probl\u00e9m\u016f a EU m\u00e1lo opravdov\u00fdch recept\u016f, ale to zakotven\u00ed je pro n\u00e1s po\u0159\u00e1d d\u016fle\u017eit\u00e9 a nem\u00e1me jinou alternativu. Zkusme k EU p\u0159istupovat v\u011bcn\u011b, sebev\u011bdom\u011b a aktivn\u011b a pak je mo\u017en\u00e9 vyu\u017e\u00edt l\u00e9pe v\u00fdhody EU, a to nejen ty dota\u010dn\u00ed.<\/p>\n<p><strong>Jan M\u00fchlfeit, Chairman Europe, Microsoft Corporation:<\/strong> Domn\u00edv\u00e1m se, \u017ee jak vstup do NATO tak do Evropsk\u00e9 unie byly pro \u010cR pozitivn\u00ed kroky a znamenaly zakotven\u00ed ve spole\u010denstv\u00ed demokratick\u00fdch zem\u00ed.<\/p>\n<p>Pokud bych m\u011bl analyzovat minul\u00fdch deset let, \u0159ekl bych, \u017ee start byl velice dobr\u00fd a do roku 2008 byla \u010cesk\u00e1 republika glob\u00e1ln\u00edm mil\u00e1\u010dkem investor\u016f. V roce 2008 ale do\u0161lo k velk\u00e9 hospod\u00e1\u0159sk\u00e9 krizi, kter\u00e1 zpomalila r\u016fst v r\u00e1mci EU. Postupn\u011b se za\u010dalo ukazovat, \u017ee \u010desk\u00e1 ekonomika v mnoha ohledech nest\u00edh\u00e1. A to po\u010d\u00ednaje nedostate\u010dn\u00fdm mno\u017estv\u00edm kvalitn\u00ed pracovn\u00ed s\u00edly a\u017e po to, \u017ee investo\u0159i v p\u0159\u00edpad\u011b investic do znalostn\u00ed ekonomiky nemohou nal\u00e9zt zku\u0161enou pracovn\u00ed s\u00edlu. B\u011bhem \u0161esti let do\u0161lo podle \u017eeb\u0159\u00ed\u010dku Sv\u011btov\u00e9ho ekonomick\u00e9ho f\u00f3ra k poklesu \u010desk\u00e9 konkurenceschopnosti z 31. na 46. m\u00edsto. D\u016fvodem je katastrof\u00e1ln\u00ed stav \u010desk\u00e9ho \u0161kolstv\u00ed, \u0161patn\u00e1 infrastruktura a slab\u00e1 \u00farove\u0148 \u010desk\u00fdch instituc\u00ed. Investovalo se sice do inovac\u00ed a technologi\u00ed, ale u\u017e m\u00e9n\u011b do lidsk\u00fdch zdroj\u016f, tak\u017ee se to na konkuren\u010dn\u00ed v\u00fdhod\u011b neprojevilo. M\u00e1m obavu, \u017ee do budoucna \u010desk\u00e1 ekonomika, kter\u00e1 je propojen\u00e1 pupe\u010dn\u00ed \u0161\u0148\u016frou s tou n\u011bmeckou, nebude jej\u00edmu tempu sta\u010dit.<\/p>\n<p><strong>Petr Ku\u017eel, prezident Hospod\u00e1\u0159sk\u00e9 komory \u010cR: <\/strong>V\u00fdhody na\u0161eho vstupu do EU jsou nezpochybniteln\u00e9. \u010clenstv\u00ed v EU p\u0159ineslo pro \u010ceskou republiku, ale i ostatn\u00ed zem\u011b v\u010detn\u011b t\u011bch st\u00e1vaj\u00edc\u00edch, v\u00fdznamn\u00fd hospod\u00e1\u0159sk\u00fd rozvoj. P\u0159istoupen\u00ed \u010cR k EU tak m\u011blo a m\u00e1 i nad\u00e1le v\u00fdznamn\u00fd dopad na p\u0159\u00edr\u016fstky HDP, nastal mas\u00edvn\u00ed p\u0159\u00edliv p\u0159\u00edm\u00fdch zahrani\u010dn\u00edch investic a obr\u00e1tila se z\u00e1porn\u00e1 bilance zahrani\u010dn\u00edho obchodu \u010cR, kter\u00e1 m\u00e1 od roku 2004 trvale aktivn\u00ed saldo. \u010cesk\u00e1 republika se jako \u010dlen EU stala tak\u00e9 \u010dist\u00fdm p\u0159\u00edjemcem dotac\u00ed, kter\u00e9 byly vyu\u017eity v \u0159ad\u011b oblast\u00ed. Obrovsk\u00fdm p\u0159\u00ednosem pro \u010cR je t\u00e9\u017e zapojen\u00ed do vnit\u0159n\u00edho trhu, kter\u00fd je nejv\u011bt\u0161\u00edm ekonomick\u00fdm prostorem na sv\u011bt\u011b, a p\u0159in\u00e1\u0161\u00ed tak \u010desk\u00fdm podnikatel\u016fm velk\u00fd potenci\u00e1l.<\/p>\n<p>Vstup \u010cR do EU s sebou ale p\u0159inesl i n\u011bkter\u00e1 negativn\u00ed opat\u0159en\u00ed. P\u0159edev\u0161\u00edm bylo t\u0159eba se p\u0159izp\u016fsobit evropsk\u00e9 legislativ\u011b a jednotn\u00fdm standard\u016fm, co\u017e zp\u016fsobilo podnikatel\u016fm vy\u0161\u0161\u00ed administrativn\u00ed z\u00e1t\u011b\u017e v n\u011bkter\u00fdch oblastech. Zv\u00fd\u0161en\u00e1 konkurence m\u011bla tak\u00e9 negativn\u00ed dopad na n\u011bkter\u00e1 odv\u011btv\u00ed, kter\u00e1 byla utlumena. N\u00e1r\u016fst konkurence m\u011bl ale i pozitivn\u00ed dopady a jeho d\u016fsledkem je nap\u0159\u00edklad zv\u00fd\u0161en\u00ed konkurenceschopnosti \u010desk\u00fdch podnik\u016f, p\u0159\u00edliv modern\u00edch technologi\u00ed, zvy\u0161ov\u00e1n\u00ed kvality v\u00fdrobk\u016f a slu\u017eeb a sni\u017eov\u00e1n\u00ed jejich cen.<\/p>\n<p><strong>Ladislav Jakl, b\u00fdval\u00fd \u0159editel politick\u00e9ho odboru Kancel\u00e1\u0159e prezidenta V\u00e1clava Klause:<\/strong> Kdo pamatuje komunismus, c\u00edt\u00ed n\u011bco jako d\u00e9ja vu. Je to tady zase. P\u0159edhon\u00edme. Upevn\u00edme. Spole\u010dn\u011b vp\u0159ed. Kampa\u0148ovitost, prov\u00e1zen\u00e1 hesly a f\u00e1zemi, je projevem touhy mnoha lid\u00ed vybudovat nov\u00fd sv\u011bt podle sv\u00fdch p\u0159edstav i t\u0159eba na \u00fakor svobody druh\u00fdch. Kolektivismy v\u010detn\u011b t\u011bch nejkrut\u011bj\u0161\u00edch vyr\u016fstaj\u00ed z n\u011bkter\u00fdch na prvn\u00ed pohled ne\u0161kodn\u00fdch vlastnost\u00ed. \u010clov\u011bk z\u016fstal stejn\u00fd. Ale v n\u011bkter\u00fdch syst\u00e9mech se jeho sklon preferovat z\u00e1ruku na \u0161t\u011bst\u00ed p\u0159ed svobodou projev\u00ed siln\u011bji. Siln\u011bji, ale bez fantazie, je to nakonec vlastn\u011b v\u017edy stejn\u00e9. V duchu eurofr\u00e1z\u00ed bychom dnes mohli pron\u00e9st cosi o tom, \u017ee prvn\u00ed desetiletku \u010dlenstv\u00ed v EU m\u00e1me za sebou, \u017ee jsme v n\u00ed obst\u00e1li se ct\u00ed. Hlavn\u011b je t\u0159eba v\u0161echno rozv\u00edjet, prohlubovat, upev\u0148ovat. Nebo vystoupit ze sv\u011bta fr\u00e1z\u00ed zp\u00e1tky do svobodn\u00e9ho \u017eivota?<\/p>\n<p>Autor: Anna Kuznick\u00e1<\/p>\n<p><a href=\"http:\/\/www.euractiv.cz\/10-let-cr-v-eu-000236\/clanek\/anketa-co-prineslo-cr-jeji-clenstvi-v-eu-011752\" target=\"_blank\">Zdroj<\/a><\/p>\n","protected":false},"excerpt":{"rendered":"<p>V noci z 30. dubna na 1. kv\u011btna si \u010cesk\u00e1 republika p\u0159ipomene 10 let od vstupu do Evropsk\u00e9 unie. Ptali jsme se proto lid\u00ed z politick\u00e9, ekonomick\u00e9 i neziskov\u00e9 sf\u00e9ry, co n\u00e1m podle nich \u010dlenstv\u00ed v EU p\u0159ineslo. Anketou za\u010d\u00edn\u00e1 speci\u00e1l EurActivu k 10let\u00e9mu v\u00fdro\u010d\u00ed vstupu.<\/p>\n","protected":false},"author":1,"featured_media":0,"comment_status":"open","ping_status":"open","sticky":false,"template":"","format":"standard","meta":{"ngg_post_thumbnail":0,"footnotes":""},"categories":[11],"tags":[],"class_list":["post-4724","post","type-post","status-publish","format-standard","hentry","category-ozvena"],"_links":{"self":[{"href":"https:\/\/www.ladislavjakl.cz\/index.php?rest_route=\/wp\/v2\/posts\/4724","targetHints":{"allow":["GET"]}}],"collection":[{"href":"https:\/\/www.ladislavjakl.cz\/index.php?rest_route=\/wp\/v2\/posts"}],"about":[{"href":"https:\/\/www.ladislavjakl.cz\/index.php?rest_route=\/wp\/v2\/types\/post"}],"author":[{"embeddable":true,"href":"https:\/\/www.ladislavjakl.cz\/index.php?rest_route=\/wp\/v2\/users\/1"}],"replies":[{"embeddable":true,"href":"https:\/\/www.ladislavjakl.cz\/index.php?rest_route=%2Fwp%2Fv2%2Fcomments&post=4724"}],"version-history":[{"count":1,"href":"https:\/\/www.ladislavjakl.cz\/index.php?rest_route=\/wp\/v2\/posts\/4724\/revisions"}],"predecessor-version":[{"id":4725,"href":"https:\/\/www.ladislavjakl.cz\/index.php?rest_route=\/wp\/v2\/posts\/4724\/revisions\/4725"}],"wp:attachment":[{"href":"https:\/\/www.ladislavjakl.cz\/index.php?rest_route=%2Fwp%2Fv2%2Fmedia&parent=4724"}],"wp:term":[{"taxonomy":"category","embeddable":true,"href":"https:\/\/www.ladislavjakl.cz\/index.php?rest_route=%2Fwp%2Fv2%2Fcategories&post=4724"},{"taxonomy":"post_tag","embeddable":true,"href":"https:\/\/www.ladislavjakl.cz\/index.php?rest_route=%2Fwp%2Fv2%2Ftags&post=4724"}],"curies":[{"name":"wp","href":"https:\/\/api.w.org\/{rel}","templated":true}]}}