{"id":4726,"date":"2014-04-24T12:27:36","date_gmt":"2014-04-24T10:27:36","guid":{"rendered":"http:\/\/www.ladislavjakl.cz\/?p=4726"},"modified":"2014-04-24T12:27:50","modified_gmt":"2014-04-24T10:27:50","slug":"protestuji-proti-ropacke-diskriminaci","status":"publish","type":"post","link":"https:\/\/www.ladislavjakl.cz\/?p=4726","title":{"rendered":"Protestuji proti rop\u00e1ck\u00e9 diskriminaci!"},"content":{"rendered":"<p>Je to k vzteku. Tolik let \u00fasil\u00ed a zase nic. Tolik let boje s ekofanatiky a ekomafi\u00e1ny a \u017e\u00e1dn\u00fd v\u00fdsledek. Zase se toho Rop\u00e1ka ani letos nedo\u010dk\u00e1m.<\/p>\n<p><!--more--><\/p>\n<p>Ur\u010dit\u011b jsem za posledn\u00ed rok napsal a ve\u0159ejn\u011b vyslovil tolik \u00fatok\u016f proti matce p\u0159\u00edrod\u011b, proti rostlink\u00e1m a zv\u00ed\u0159\u00e1tk\u016fm, tolikr\u00e1t jsem zvedl hlas za k\u00e1cen\u00ed strom\u016f a v\u00fdstavbu infrastruktury na \u00fakor zelen\u011b, \u017ee bych si ocen\u011bn\u00ed ur\u010dit\u011b zaslou\u017eil. A v\u00fdsledek? Zase budu bez Rop\u00e1ka.<\/p>\n<p>Pokud se moje z\u00e1sluhy za posledn\u00ed rok ct\u011bn\u00e9 porot\u011b nezdaj\u00ed dost zvu\u010dn\u00e9, mohla se pod\u00edvat do historie a v\u011bnovat mi Rop\u00e1ka za celo\u017eivotn\u00ed d\u00edlo. M\u00e9 texty o tom, \u017ee civilizace mus\u00ed porazit p\u0159\u00edrodu nebo p\u0159\u00edroda poraz\u00ed civilizaci, by p\u0159ece vydaly na knihu.<\/p>\n<p>J\u00e1 v\u00edm, mnoz\u00ed nam\u00edtnete, \u017ee jsem loni dostal alespo\u0148 cenu \u00fat\u011bchy, tedy Zelenou perlu. Jen\u017ee tu mi omylem dali za m\u016fj jedin\u00fd ekologick\u00fd \u010dl\u00e1nek v \u017eivot\u011b. Za \u010dl\u00e1nek, kde jsem se zam\u00fd\u0161lel nad t\u00edm, \u017ee ani cyklistika nen\u00ed p\u0159epravou s nulovou energetickou n\u00e1ro\u010dnost\u00ed, \u017ee kolo nen\u00ed perpetuum mobile a \u017ee pohon lidskou energi\u00ed je nejm\u00e9n\u011b efektivn\u00ed a energeticky nejn\u00e1ro\u010dn\u011bj\u0161\u00ed ze v\u0161ech. P\u0159itom by se na\u0161lo tolik jin\u00fdch \u010dl\u00e1nk\u016f, kde toto sv\u00e9 mal\u00e9 zav\u00e1h\u00e1n\u00ed dostate\u010dn\u011b kompenzuji po\u017eadavky na zabetonov\u00e1n\u00ed \u010desk\u00e9 krajiny a na obarven\u00ed Vltavy kr\u00e1snou reflexn\u00ed zelenou.<\/p>\n<p>Loni jsem byl p\u0159i vyhl\u00e1\u0161en\u00ed Zelen\u00e9 perly zrovna v Bruselu, tak jsem ji mohl hned oslavit skv\u011bl\u00fdm belgick\u00fdm pivem. I letos se tam chyst\u00e1m, ale \u017e\u00e1dn\u00e1 dobr\u00e1 zpr\u00e1va ur\u010dit\u011b nep\u0159ijde. Budu muset polykat a ve sv\u00e9m nitru hubit miliony \u017eiv\u00fdch pivovarsk\u00fdch kvasinek jen tak bez d\u016fvodu.<\/p>\n<p>Ale nesm\u00edm klesat na mysli. Zkus\u00edm zabodovat alespo\u0148 u\u017e pro p\u0159\u00ed\u0161t\u00ed rok n\u00e1sleduj\u00edc\u00ed \u00favahou:<br \/>\nL\u00e9ta jsem kritikem konceptu lidsk\u00fdch pr\u00e1v. Tento pojem implikuje, \u017ee \u010dlov\u011bk m\u00e1 jist\u00e1 pr\u00e1va jako \u017eivo\u010di\u0161n\u00fd druh. V\u016f\u010di komu maj\u00ed b\u00fdt tato pr\u00e1va uplat\u0148ov\u00e1na? V\u016f\u010di Bohu? \u010clov\u011bk je nepochybn\u011b nositelem pr\u00e1v ob\u010dansk\u00fdch. Jejich rozsah a m\u00edra garance je d\u00e1na pr\u00e1vem, odpov\u00eddaj\u00edc\u00edm dob\u011b a konkr\u00e9tn\u00edmu st\u00e1tn\u00edmu uspo\u0159\u00e1d\u00e1n\u00ed. Lze je vym\u00e1hat, lze je chr\u00e1nit, lze se jich dovol\u00e1vat. Ale proti komu h\u00e1jit pr\u00e1va lidsk\u00e1?<\/p>\n<p>Najednou m\u011b to napadlo. P\u0159ece v\u016f\u010di p\u0159\u00edrod\u011b! V\u016f\u010di bakteri\u00edm a vir\u016fm, v\u016f\u010di div\u00e9 zv\u011b\u0159i a hmyzu, v\u016f\u010di jedovat\u00fdm had\u016fm, pl\u00edsn\u00edm, v\u0161\u00edm (tedy ty mi nehroz\u00ed, nem\u011bly by se kde schovat), v\u016f\u010di chapadl\u016fm rozl\u00e9zaj\u00edc\u00ed se vegetace! Ano, uplat\u0148ujme lidsk\u00e1 pr\u00e1va v\u016f\u010di euroekoagrobio sv\u011btu, jinak bude za chv\u00edli po \u010dlov\u011bku i s jeho pr\u00e1vy.<\/p>\n<p>To by mohlo sta\u010dit, ne? J\u00e1 v\u00edm, \u017ee ne. Je to marn\u00e9. Rop\u00e1ci m\u011b prost\u011b diskriminuj\u00ed. O co jednodu\u0161\u0161\u00ed je z\u00edskat cenu Meloun roku. Jen\u017ee ta by mi tak neslu\u0161ela.<\/p>\n<p><a href=\"http:\/\/jakl.blog.idnes.cz\/c\/406709\/Protestuji-proti-ropacke-diskriminaci.html\" target=\"_blank\">Zdroj<\/a><\/p>\n","protected":false},"excerpt":{"rendered":"<p>Je to k vzteku. Tolik let \u00fasil\u00ed a zase nic. Tolik let boje s ekofanatiky a ekomafi\u00e1ny a \u017e\u00e1dn\u00fd v\u00fdsledek. Zase se toho Rop\u00e1ka ani letos nedo\u010dk\u00e1m.<\/p>\n","protected":false},"author":1,"featured_media":0,"comment_status":"open","ping_status":"open","sticky":false,"template":"","format":"standard","meta":{"ngg_post_thumbnail":0,"footnotes":""},"categories":[10],"tags":[],"class_list":["post-4726","post","type-post","status-publish","format-standard","hentry","category-zlehka"],"_links":{"self":[{"href":"https:\/\/www.ladislavjakl.cz\/index.php?rest_route=\/wp\/v2\/posts\/4726","targetHints":{"allow":["GET"]}}],"collection":[{"href":"https:\/\/www.ladislavjakl.cz\/index.php?rest_route=\/wp\/v2\/posts"}],"about":[{"href":"https:\/\/www.ladislavjakl.cz\/index.php?rest_route=\/wp\/v2\/types\/post"}],"author":[{"embeddable":true,"href":"https:\/\/www.ladislavjakl.cz\/index.php?rest_route=\/wp\/v2\/users\/1"}],"replies":[{"embeddable":true,"href":"https:\/\/www.ladislavjakl.cz\/index.php?rest_route=%2Fwp%2Fv2%2Fcomments&post=4726"}],"version-history":[{"count":2,"href":"https:\/\/www.ladislavjakl.cz\/index.php?rest_route=\/wp\/v2\/posts\/4726\/revisions"}],"predecessor-version":[{"id":4728,"href":"https:\/\/www.ladislavjakl.cz\/index.php?rest_route=\/wp\/v2\/posts\/4726\/revisions\/4728"}],"wp:attachment":[{"href":"https:\/\/www.ladislavjakl.cz\/index.php?rest_route=%2Fwp%2Fv2%2Fmedia&parent=4726"}],"wp:term":[{"taxonomy":"category","embeddable":true,"href":"https:\/\/www.ladislavjakl.cz\/index.php?rest_route=%2Fwp%2Fv2%2Fcategories&post=4726"},{"taxonomy":"post_tag","embeddable":true,"href":"https:\/\/www.ladislavjakl.cz\/index.php?rest_route=%2Fwp%2Fv2%2Ftags&post=4726"}],"curies":[{"name":"wp","href":"https:\/\/api.w.org\/{rel}","templated":true}]}}