{"id":474,"date":"2010-08-02T12:57:27","date_gmt":"2010-08-02T11:57:27","guid":{"rendered":"http:\/\/www.ladislavjakl.cz\/?p=474"},"modified":"2010-08-13T11:52:25","modified_gmt":"2010-08-13T10:52:25","slug":"co-se-slovanskou-epopeji-nekam-dobre-schovat","status":"publish","type":"post","link":"https:\/\/www.ladislavjakl.cz\/?p=474","title":{"rendered":"Co se Slovanskou epopej\u00ed? N\u011bkam dob\u0159e schovat."},"content":{"rendered":"<p>V\u00fdtvarn\u00e9mu um\u011bn\u00ed houby rozum\u00edm. Ale p\u0159esto si dovol\u00edm vyslovit n\u00e1zor, \u017ee Alfons Mucha m\u011bl z\u016fstat u reklam na pivo.<\/p>\n<p><!--more--><\/p>\n<div>\n<p>Jeho Slovansk\u00e1 epopej je  k\u00fd\u010d tis\u00edcilet\u00ed, prolhan\u00e1, nabub\u0159el\u00e1 exhibice, hotov\u00e1 panslovansk\u00e1  propaganda, zas tak moc se neli\u0161\u00edc\u00ed od o t\u0159icet let mlad\u0161\u00edho  socialistick\u00e9ho realismu. \u010ci\u0161\u00ed z\u00a0n\u00ed mindr\u00e1k a \u00fa\u010delovost. Kdyby n\u011bco  takov\u00e9ho namalovali v\u00a0dob\u011b, kdy rukopisy Kr\u00e1lov\u00e9dvorsk\u00fd a Zelenohorsk\u00fd  byly pova\u017eov\u00e1ny za prav\u00e9 dokumenty, dalo by se \u0159\u00edci, \u017ee autor byl uveden  v\u00a0omyl a jen to s\u00a0n\u00e1ma myslel dob\u0159e. Jen\u017ee v\u00a0dob\u011b vzniku Epopeje u\u017e  byly rukopisy d\u00e1vno k\u00a0sm\u00edchu a p\u0159esto z\u00a0jejich ducha Much\u016fv monument  evidentn\u011b \u010derp\u00e1.<\/p>\n<p>Byl jsem se v\u00a0Moravsk\u00e9m Krumlov\u011b na Epopej pod\u00edvat a jist\u00e9 zbytky  respektu k\u00a0tomuto d\u00edlu vzaly okam\u017eit\u011b zasv\u00e9. Je to hor\u0161\u00ed, ne\u017e by kdo  \u010dekal. Jak velik\u00e9! Kdy\u017e zv\u011bt\u0161\u00edte hroznou v\u011bc, vznikne jen velk\u00e1 hr\u016fza.  Tohle si Mucha od sebe nezaslou\u017eil, sv\u00fdm \u201e\u017eivotn\u00edm\u201c d\u00edlem dokonale  zazdil v\u0161e ostatn\u00ed, co z\u00a0jeho tvorby m\u011blo n\u011bjakou hodnotu.<\/p>\n<p>Spor o um\u00edst\u011bn\u00ed Epopeje je nem\u00edstn\u00fd. Vych\u00e1z\u00ed z\u00a0p\u0159edstavy, \u017ee v\u0161echno  tak n\u011bjak pat\u0159\u00ed n\u00e1m v\u0161em a \u017ee snad bychom m\u011bli o v\u011bci uspo\u0159\u00e1dat  referendum. Nikoli. Epopej komusi pat\u0159\u00ed a vlastn\u00edk a\u0165 rozhodne, jestli  ji n\u011bkomu p\u016fj\u010d\u00ed na 60 let nebo s\u00a0n\u00ed ud\u011bl\u00e1 cokoli jin\u00e9ho. A pokud je  vlastnictv\u00ed sporn\u00e9, a\u0165 o n\u011bm rozhodne soud. A vlastn\u00edk a\u0165 pak s\u00a0d\u00edlem  nalo\u017e\u00ed podle sv\u00e9ho uv\u00e1\u017een\u00ed.<\/p>\n<p>Pokud by jako vlastn\u00edk byla potvrzena Praha, m\u011bla by radnice  rozhodnout na z\u00e1klad\u011b ve\u0159ejn\u00e9 debaty. Tyto \u0159\u00e1dky budi\u017e p\u0159ed\u010dasn\u00fdm  p\u0159\u00edsp\u011bvkem do n\u00ed: jen proboha ne n\u011bjak\u00e9 stamiliony na speci\u00e1ln\u00ed  bombastickou v\u00fdstavn\u00ed prostoru. Jen ne n\u011bjak\u00e9 vyzdvi\u017een\u00ed na kultovn\u00ed  m\u00edsto n\u00e1roda jako nap\u0159\u00edklad na V\u00edtkov.<\/p>\n<p>Epopej m\u016f\u017ee b\u00fdt celkem l\u00e1kav\u00fdm turistick\u00fdm artiklem, cosi jako  zaj\u00edmav\u00e1 kuriozita. A tak by mohla snad i n\u011bco vyd\u011bl\u00e1vat. Ale sp\u00ed\u0161e bych  to n\u011bkam dob\u0159e schoval. I z\u00a0\u00facty k\u00a0Muchovi, za ty jeho kr\u00e1sn\u00e9 pivn\u00ed  reklamy.<\/p>\n<p>Zdroj: <a href=\"http:\/\/jakl.blog.idnes.cz\/c\/149043\/Co-se-Slovanskou-epopeji-Nekam-dobre-schovat.html\" target=\"_blank\">blog.idnes<\/a><\/div>\n","protected":false},"excerpt":{"rendered":"<p>V\u00fdtvarn\u00e9mu um\u011bn\u00ed houby rozum\u00edm. Ale p\u0159esto si dovol\u00edm vyslovit n\u00e1zor, \u017ee Alfons Mucha m\u011bl z\u016fstat u reklam na pivo.<\/p>\n","protected":false},"author":1,"featured_media":0,"comment_status":"open","ping_status":"open","sticky":false,"template":"","format":"standard","meta":{"ngg_post_thumbnail":0,"footnotes":""},"categories":[10],"tags":[],"class_list":["post-474","post","type-post","status-publish","format-standard","hentry","category-zlehka"],"_links":{"self":[{"href":"https:\/\/www.ladislavjakl.cz\/index.php?rest_route=\/wp\/v2\/posts\/474","targetHints":{"allow":["GET"]}}],"collection":[{"href":"https:\/\/www.ladislavjakl.cz\/index.php?rest_route=\/wp\/v2\/posts"}],"about":[{"href":"https:\/\/www.ladislavjakl.cz\/index.php?rest_route=\/wp\/v2\/types\/post"}],"author":[{"embeddable":true,"href":"https:\/\/www.ladislavjakl.cz\/index.php?rest_route=\/wp\/v2\/users\/1"}],"replies":[{"embeddable":true,"href":"https:\/\/www.ladislavjakl.cz\/index.php?rest_route=%2Fwp%2Fv2%2Fcomments&post=474"}],"version-history":[{"count":4,"href":"https:\/\/www.ladislavjakl.cz\/index.php?rest_route=\/wp\/v2\/posts\/474\/revisions"}],"predecessor-version":[{"id":476,"href":"https:\/\/www.ladislavjakl.cz\/index.php?rest_route=\/wp\/v2\/posts\/474\/revisions\/476"}],"wp:attachment":[{"href":"https:\/\/www.ladislavjakl.cz\/index.php?rest_route=%2Fwp%2Fv2%2Fmedia&parent=474"}],"wp:term":[{"taxonomy":"category","embeddable":true,"href":"https:\/\/www.ladislavjakl.cz\/index.php?rest_route=%2Fwp%2Fv2%2Fcategories&post=474"},{"taxonomy":"post_tag","embeddable":true,"href":"https:\/\/www.ladislavjakl.cz\/index.php?rest_route=%2Fwp%2Fv2%2Ftags&post=474"}],"curies":[{"name":"wp","href":"https:\/\/api.w.org\/{rel}","templated":true}]}}