{"id":4748,"date":"2014-05-05T14:26:23","date_gmt":"2014-05-05T12:26:23","guid":{"rendered":"http:\/\/www.ladislavjakl.cz\/?p=4748"},"modified":"2014-05-05T14:26:23","modified_gmt":"2014-05-05T12:26:23","slug":"ladislav-jakl-na-tema-propaganda-v-dnesnich-mediich-v-debatnim-klubu-sdruzeni-kolektif","status":"publish","type":"post","link":"https:\/\/www.ladislavjakl.cz\/?p=4748","title":{"rendered":"Ladislav Jakl na t\u00e9ma &#8222;Propaganda v dne\u0161n\u00edch m\u00e9di\u00edch&#8220; v Debatn\u00edm klubu sdru\u017een\u00ed Kolektif"},"content":{"rendered":"<p>Asi jen m\u00e1lokdo m\u016f\u017ee o sob\u011b \u0159\u00edci, jako nap\u0159\u00edklad Ladislav Jakl, \u017ee slo\u017eil zkou\u0161ky z propagandy na Univerzit\u011b Karlov\u011b, fakult\u011b \u017eurnalistiky  a z\u00e1rove\u0148 jen m\u00e1lo ob\u010dan\u016f \u010cesk\u00e9 republiky vystudovalo matematiku na Od\u011bsk\u00e9 st\u00e1tn\u00ed univerzit\u011b jako Radim Valen\u010d\u00edk.<\/p>\n<p><!--more--><\/p>\n<p>V\u00edce <a href=\"http:\/\/debatniklub.webnode.cz\/products\/propaganda1\/\" target=\"_blank\">ZDE<\/a><\/p>\n","protected":false},"excerpt":{"rendered":"<p>Asi jen m\u00e1lokdo m\u016f\u017ee o sob\u011b \u0159\u00edci, jako nap\u0159\u00edklad Ladislav Jakl, \u017ee slo\u017eil zkou\u0161ky z propagandy na Univerzit\u011b Karlov\u011b, fakult\u011b \u017eurnalistiky a z\u00e1rove\u0148 jen m\u00e1lo ob\u010dan\u016f \u010cesk\u00e9 republiky vystudovalo matematiku na Od\u011bsk\u00e9 st\u00e1tn\u00ed univerzit\u011b jako Radim Valen\u010d\u00edk.<\/p>\n","protected":false},"author":1,"featured_media":0,"comment_status":"open","ping_status":"open","sticky":false,"template":"","format":"standard","meta":{"ngg_post_thumbnail":0,"footnotes":""},"categories":[12],"tags":[],"class_list":["post-4748","post","type-post","status-publish","format-standard","hentry","category-video"],"_links":{"self":[{"href":"https:\/\/www.ladislavjakl.cz\/index.php?rest_route=\/wp\/v2\/posts\/4748","targetHints":{"allow":["GET"]}}],"collection":[{"href":"https:\/\/www.ladislavjakl.cz\/index.php?rest_route=\/wp\/v2\/posts"}],"about":[{"href":"https:\/\/www.ladislavjakl.cz\/index.php?rest_route=\/wp\/v2\/types\/post"}],"author":[{"embeddable":true,"href":"https:\/\/www.ladislavjakl.cz\/index.php?rest_route=\/wp\/v2\/users\/1"}],"replies":[{"embeddable":true,"href":"https:\/\/www.ladislavjakl.cz\/index.php?rest_route=%2Fwp%2Fv2%2Fcomments&post=4748"}],"version-history":[{"count":1,"href":"https:\/\/www.ladislavjakl.cz\/index.php?rest_route=\/wp\/v2\/posts\/4748\/revisions"}],"predecessor-version":[{"id":4749,"href":"https:\/\/www.ladislavjakl.cz\/index.php?rest_route=\/wp\/v2\/posts\/4748\/revisions\/4749"}],"wp:attachment":[{"href":"https:\/\/www.ladislavjakl.cz\/index.php?rest_route=%2Fwp%2Fv2%2Fmedia&parent=4748"}],"wp:term":[{"taxonomy":"category","embeddable":true,"href":"https:\/\/www.ladislavjakl.cz\/index.php?rest_route=%2Fwp%2Fv2%2Fcategories&post=4748"},{"taxonomy":"post_tag","embeddable":true,"href":"https:\/\/www.ladislavjakl.cz\/index.php?rest_route=%2Fwp%2Fv2%2Ftags&post=4748"}],"curies":[{"name":"wp","href":"https:\/\/api.w.org\/{rel}","templated":true}]}}