{"id":4759,"date":"2014-05-13T11:07:59","date_gmt":"2014-05-13T09:07:59","guid":{"rendered":"http:\/\/www.ladislavjakl.cz\/?p=4759"},"modified":"2014-05-13T11:07:59","modified_gmt":"2014-05-13T09:07:59","slug":"oslavy-se-mu-nezamlouvaji-valku-prece-prohral-fackuje-jakl-schwarzenberga","status":"publish","type":"post","link":"https:\/\/www.ladislavjakl.cz\/?p=4759","title":{"rendered":"Oslavy se mu nezamlouvaj\u00ed. V\u00e1lku p\u0159ece prohr\u00e1l, fackuje Jakl Schwarzenberga"},"content":{"rendered":"<p>Tradi\u010dn\u00ed recepce k v\u00fdro\u010d\u00ed konce druh\u00e9 sv\u011btov\u00e9 v\u00e1lky v Evrop\u011b se oproti minulosti ne\u00fa\u010dastnil nikdo z nejvy\u0161\u0161\u00edch \u00fastavn\u00edch \u010dinitel\u016f ani sou\u010dasn\u00e1 hlava \u010desk\u00e9ho st\u00e1tu. B\u00fdval\u00fd tajemn\u00edk exprezidenta V\u00e1clava Klause Ladislav Jakl si ve sv\u00e9m koment\u00e1\u0159i pro Parlamentn\u00edListy.cz r\u00fdpl do \u0161\u00e9fa TOP 09 Karla Schwarzenberga za to, \u017ee se tak\u00e9 nedostavil.<\/p>\n<p><!--more-->\u201eJe celkem pochopiteln\u00e9, \u017ee panu Schwarzenbergovi se nezamlouvaj\u00ed oslavy konce v\u00e1lky. Asi m\u00e1 pocit, \u017ee on tu v\u00e1lku prohr\u00e1l,\u201c komentuje Jakl jeho ne\u00fa\u010dast na dne\u0161n\u00edch oslav\u00e1ch konce druh\u00e9 sv\u011btov\u00e9 v\u00e1lky.<\/p>\n<p>Na recepci zav\u00edtala \u0159ada poslanc\u016f a \u010dlen\u016f KS\u010cM a \u010cSSD a tak\u00e9 zahrani\u010dn\u00ed diplomat\u00e9. Mezi n\u011bkolika stovkami host\u016f nechyb\u011bl ani expremi\u00e9r Ji\u0159\u00ed Rusnok, b\u00fdval\u00ed minist\u0159i Martin Pecina, Jan Kavan, Miroslav Gr\u00e9gr a p\u0159edseda KS\u010cM Vojt\u011bch Filip. Hrad zastupuje kancl\u00e9\u0159 Vratislav Myn\u00e1\u0159.<br \/>\nNaopak \u0161\u00e9fov\u00e9 obou komor Parlamentu se z tradi\u010dn\u00ed akce omluvili. \u201eTo je spole\u010densk\u00e9 setk\u00e1n\u00ed a na to, si mysl\u00edm, nen\u00ed dobr\u00e9 klima,&#8220; vysv\u011btlil \u010cTK a \u010cesk\u00e9mu rozhlasu svou ne\u00fa\u010dast \u0160t\u011bch. Ten se spolu s p\u0159edsedou sn\u011bmovny Janem Ham\u00e1\u010dkem (\u010cSSD) z\u00fa\u010dastnil dopoledne polo\u017een\u00ed v\u011bnc\u016f sov\u011btsk\u00fdm voj\u00e1k\u016fm padl\u00fdm p\u0159i osvobozen\u00ed \u010ceskoslovenska. Ham\u00e1\u010dek bez bli\u017e\u0161\u00edch podrobnost\u00ed uvedl, \u017ee pozv\u00e1nku na ruskou recepci dostal, ale omluvil se. Recepce se nez\u00fa\u010dastnil ani premi\u00e9r Bohuslav Sobotka (\u010cSSD), kter\u00fd je na n\u00e1v\u0161t\u011bv\u011b Moravskoslezsk\u00e9ho kraje.<\/p>\n<p>Loni se Zeman recepce na rusk\u00e9 ambas\u00e1d\u011b \u00fa\u010dastnil a na slavnost k 9. kv\u011btnu chodil i jeho p\u0159edch\u016fdce V\u00e1clav Klaus. \u010ceskou diplomacii m\u00e1 reprezentovat n\u011bkter\u00fd z ni\u017e\u0161\u00edch \u00fa\u0159edn\u00edk\u016f Ministerstva zahrani\u010dn\u00edch v\u011bc\u00ed.<br \/>\n<a href=\"http:\/\/www.parlamentnilisty.cz\/arena\/monitor\/Oslavy-se-mu-nezamlouvaji-Valku-prece-prohral-fackuje-Jakl-Schwarzenberga-318460\" target=\"_blank\"> <\/a><\/p>\n<p><a href=\"http:\/\/www.parlamentnilisty.cz\/arena\/monitor\/Oslavy-se-mu-nezamlouvaji-Valku-prece-prohral-fackuje-Jakl-Schwarzenberga-318460\" target=\"_blank\">Zdroj<\/a><\/p>\n","protected":false},"excerpt":{"rendered":"<p>Tradi\u010dn\u00ed recepce k v\u00fdro\u010d\u00ed konce druh\u00e9 sv\u011btov\u00e9 v\u00e1lky v Evrop\u011b se oproti minulosti ne\u00fa\u010dastnil nikdo z nejvy\u0161\u0161\u00edch \u00fastavn\u00edch \u010dinitel\u016f ani sou\u010dasn\u00e1 hlava \u010desk\u00e9ho st\u00e1tu. B\u00fdval\u00fd tajemn\u00edk exprezidenta V\u00e1clava Klause Ladislav Jakl si ve sv\u00e9m koment\u00e1\u0159i pro Parlamentn\u00edListy.cz r\u00fdpl do \u0161\u00e9fa TOP 09 Karla Schwarzenberga za to, \u017ee se tak\u00e9 nedostavil.<\/p>\n","protected":false},"author":1,"featured_media":0,"comment_status":"open","ping_status":"open","sticky":false,"template":"","format":"standard","meta":{"ngg_post_thumbnail":0,"footnotes":""},"categories":[11],"tags":[],"class_list":["post-4759","post","type-post","status-publish","format-standard","hentry","category-ozvena"],"_links":{"self":[{"href":"https:\/\/www.ladislavjakl.cz\/index.php?rest_route=\/wp\/v2\/posts\/4759","targetHints":{"allow":["GET"]}}],"collection":[{"href":"https:\/\/www.ladislavjakl.cz\/index.php?rest_route=\/wp\/v2\/posts"}],"about":[{"href":"https:\/\/www.ladislavjakl.cz\/index.php?rest_route=\/wp\/v2\/types\/post"}],"author":[{"embeddable":true,"href":"https:\/\/www.ladislavjakl.cz\/index.php?rest_route=\/wp\/v2\/users\/1"}],"replies":[{"embeddable":true,"href":"https:\/\/www.ladislavjakl.cz\/index.php?rest_route=%2Fwp%2Fv2%2Fcomments&post=4759"}],"version-history":[{"count":2,"href":"https:\/\/www.ladislavjakl.cz\/index.php?rest_route=\/wp\/v2\/posts\/4759\/revisions"}],"predecessor-version":[{"id":4761,"href":"https:\/\/www.ladislavjakl.cz\/index.php?rest_route=\/wp\/v2\/posts\/4759\/revisions\/4761"}],"wp:attachment":[{"href":"https:\/\/www.ladislavjakl.cz\/index.php?rest_route=%2Fwp%2Fv2%2Fmedia&parent=4759"}],"wp:term":[{"taxonomy":"category","embeddable":true,"href":"https:\/\/www.ladislavjakl.cz\/index.php?rest_route=%2Fwp%2Fv2%2Fcategories&post=4759"},{"taxonomy":"post_tag","embeddable":true,"href":"https:\/\/www.ladislavjakl.cz\/index.php?rest_route=%2Fwp%2Fv2%2Ftags&post=4759"}],"curies":[{"name":"wp","href":"https:\/\/api.w.org\/{rel}","templated":true}]}}