{"id":4789,"date":"2014-05-24T11:51:59","date_gmt":"2014-05-24T09:51:59","guid":{"rendered":"http:\/\/www.ladislavjakl.cz\/?p=4789"},"modified":"2014-05-24T11:51:59","modified_gmt":"2014-05-24T09:51:59","slug":"neexistuje-zadne-pravo-adoptovat-dite","status":"publish","type":"post","link":"https:\/\/www.ladislavjakl.cz\/?p=4789","title":{"rendered":"Neexistuje \u017e\u00e1dn\u00e9 pr\u00e1vo adoptovat d\u00edt\u011b"},"content":{"rendered":"<p>Homosexu\u00e1lov\u00e9 se dom\u00e1haj\u00ed sv\u00e9ho \u00fadajn\u00e9ho pr\u00e1va na adopci d\u011bt\u00ed. Jen\u017ee m\u016f\u017ee takov\u00e9 pr\u00e1vo v\u016fbec existovat?<\/p>\n<p><!--more--><\/p>\n<p>My\u0161lenka n\u011bjak\u00fdm zp\u016fsobem vytknout do pr\u00e1vn\u00edho \u0159\u00e1du speci\u00e1ln\u00ed pr\u00e1vo pro homosexu\u00e1ly na adopci d\u011bt\u00ed je postavena na dvou z\u00e1sadn\u00edch omylech (krom\u011b absence hodnotov\u00fdch z\u00e1klad\u016f, ale ty nelze p\u0159esv\u011bd\u010dov\u00e1n\u00edm nikomu oktrojovat). Prvn\u00edm je, \u017ee problematika adopc\u00ed spad\u00e1 do jak\u00e9hosi okruhu p\u0159irozen\u00fdch n\u00e1rok\u016f dosp\u011bl\u00fdch osob, druh\u00fdm je p\u0159edstava, \u017ee kdesi v\u00a0sirot\u010dinc\u00edch str\u00e1daj\u00ed houfy bezprizorn\u00edch d\u011bt\u00ed, pro kter\u00e9 je ka\u017ed\u00e1 p\u00e9\u010de lep\u0161\u00ed ne\u017e ta, kter\u00e9 se jim dost\u00e1v\u00e1 nyn\u00ed.<\/p>\n<p>Ne, <strong>\u017e\u00e1dn\u00e9 pr\u00e1vo adoptovat d\u00edt\u011b neexistuje a existovat nesm\u00ed<\/strong>. Ani pro heterosexu\u00e1ly. D\u00edt\u011b nen\u00ed hra\u010dkou, na kterou lze vzn\u00e1\u0161et n\u011bjak\u00fd n\u00e1rok, a pokud tomuto n\u00e1roku nen\u00ed vyhov\u011bno, je pr\u00fd doty\u010dn\u00fd dosp\u011bl\u00fd o sv\u016fj n\u00e1rok diskrimina\u010dn\u011b okraden. St\u00e1t m\u00e1 u d\u011bt\u00ed, kter\u00e9 jsou vlivem mnoha okolnost\u00ed v\u00a0jeho p\u00e9\u010di, za povinnost sledovat jen a pouze jejich z\u00e1jem. Nedostal ve sv\u011b\u0159en\u00fdch d\u011btech materi\u00e1l slou\u017e\u00edc\u00ed k\u00a0ukojen\u00ed tu\u017eeb \u017eadatel\u016f o adopci. St\u00e1t, kter\u00fd rozhoduje o sv\u011b\u0159en\u00ed d\u00edt\u011bte do p\u00e9\u010de, sm\u00ed p\u0159ihl\u00ed\u017eet pouze k\u00a0jeho z\u00e1jmu, nikdy ne k\u00a0z\u00e1jmu \u017eadatel\u016f.<\/p>\n<p>Proces adopc\u00ed nen\u00ed \u017e\u00e1dnou samoobsluhou nebo koloni\u00e1lem, kam lze p\u0159ij\u00edt a zeptat se: nem\u00e1te n\u011bjak\u00e9 p\u011bkn\u00e9 d\u011bcko, mn\u011b je doma smutno\u2026 A st\u00e1t \u0159ekne: jojo, pod\u00edv\u00e1m se do skladu, n\u011bco se tam najde. Tady m\u00e1me p\u011bkn\u00fd kousek, chcete ho zabalit? A za dve\u0159mi kr\u00e1mku stoj\u00ed homosexu\u00e1lov\u00e9, kter\u00fdm je vstup odep\u0159en. Ne, tak to nen\u00ed a nesm\u00ed b\u00fdt, to je p\u0159edstava zcela zcestn\u00e1.<\/p>\n<p>St\u00e1t je povinen zva\u017eovat, zda je adopce v\u00a0z\u00e1jmu d\u00edt\u011bte, a m\u00e1 pr\u00e1vo prov\u011b\u0159it, zda p\u0159\u00edpadn\u00fd budouc\u00ed rodi\u010dovsk\u00fd p\u00e1r sk\u00fdt\u00e1 z\u00e1ruky, \u017ee z\u00e1jem d\u00edt\u011bte nebude ohro\u017een. St\u00e1t nem\u00e1 n\u00e1stroje, jak vid\u011bt do lid\u00ed a prolustrovat dispozice ka\u017ed\u00e9ho p\u00e1ru do nejmen\u0161\u00edch detail\u016f. Mus\u00ed b\u00fdt ale povinen zva\u017eovat v\u0161echny zjistiteln\u00e9 okolnosti, kter\u00e9 mohou v\u00fdchovu ovlivnit nebo pro ni p\u0159in\u00e9st jak\u00e1koli rizika. <strong>Bojovn\u00edci za n\u00e1rok homosexu\u00e1l\u016f adoptovat d\u011bti vlastn\u011b nebojuj\u00ed za \u017e\u00e1dn\u00e1 pr\u00e1va, ale za to, aby st\u00e1t nesm\u011bl p\u0159ihl\u00ed\u017eet mezi mnoha jin\u00fdmi okolnostmi k\u00a0tomu, \u017ee \u201ep\u00e1r\u201c je tvo\u0159en osobami stejn\u00e9ho pohlav\u00ed<\/strong>, proto\u017ee by je t\u00edm pr\u00fd diskriminovat.<\/p>\n<p>A pro\u010d by k\u00a0tomu st\u00e1t (a p\u0159\u00edslu\u0161n\u00ed odborn\u00edci st\u00e1tem pov\u011b\u0159en\u00ed) p\u0159ihl\u00ed\u017eet nem\u011bl jako k\u00a0\u010demukoli jin\u00e9mu? Kterou okolnost odborn\u00edk\u016fm je\u0161t\u011b zak\u00e1\u017eeme zkoumat, aby se to nedotklo cit\u016f \u017eadatele? St\u00e1tu p\u0159ece v\u00a0tomto smyslu nesm\u00edme zakazovat v\u016fbec nic. Pokud doty\u010dn\u00fd odborn\u00edk shled\u00e1, \u017ee rizikov\u00fdm faktorem je t\u0159eba kou\u0159en\u00ed nebo jist\u00e1 t\u011blesn\u00e1 indispozice, nen\u00ed \u017e\u00e1dn\u00fdm projevem diskriminace, kdy\u017e k\u00a0t\u011bmto v\u011bcem p\u0159ihl\u00e9dne, je to pouze projev snahy zv\u00e1\u017eit v\u0161e, co m\u016f\u017ee m\u00edt vliv na p\u00e9\u010di o sv\u011b\u0159ovan\u00e9 d\u00edt\u011b.<\/p>\n<p><strong>M\u00fdtus o p\u0159epln\u011bn\u00fdch nevyhovuj\u00edc\u00edch sirot\u010dinc\u00edch je tak\u00e9 zcela mimo realitu<\/strong>. Kojeneck\u00e9 \u00fastavy a dal\u0161\u00ed za\u0159\u00edzen\u00ed tohoto typu jsou u n\u00e1s na sv\u011btov\u00e9 \u00farovni. A rozhodn\u011b se v\u00a0nich nenach\u00e1zej\u00ed tis\u00edce pr\u00e1vn\u011b voln\u00fdch d\u011bt\u00ed, pro kter\u00e9 nelze naj\u00edt ochotn\u00e9 pe\u010dovatele. Je to p\u0159esn\u011b naopak. Tis\u00edce p\u00e1r\u016f \u010dekaj\u00ed, zda se nenaskytne v\u00a0t\u011bchto za\u0159\u00edzen\u00edch k\u00a0adopci voln\u00e9 d\u00edt\u011b, a \u010dasto \u010dekaj\u00ed marn\u011b. J\u00e1 jsem \u010dekal t\u0159i roky, v\u00edm, o \u010dem mluv\u00edm. V\u00a0\u00fastavech p\u00e9\u010de je o d\u011bti velmi dob\u0159e postar\u00e1no a je tam nav\u00edc jen nemnoho d\u011bt\u00ed. Je t\u0159eba proto velmi poctiv\u011b zv\u00e1\u017eit, zda a komu je sv\u011b\u0159it, ne \u017ee je t\u0159eba udat je komukoli, jen aby \u201enetrp\u011bly v\u00a0sirot\u010dinci\u201c. Ostatn\u011b velk\u00e1 \u010d\u00e1st d\u011bt\u00ed v\u00a0\u00fastavech ani nen\u00ed tzv. pr\u00e1vn\u011b voln\u00e1, to znamen\u00e1, \u017ee trvaj\u00ed rodi\u010dovsk\u00e1 pr\u00e1va biologick\u00fdch rodi\u010d\u016f.<\/p>\n<p>Cynicky \u0159e\u010deno, <strong>popt\u00e1vka po d\u011btech p\u0159evy\u0161uje nab\u00eddku<\/strong>, nikoli naopak. I to je d\u016fvodem, pro\u010d je t\u0159eba \u017eadatele o adopci prov\u011b\u0159ovat co nejd\u016fkladn\u011bji a rozhodn\u011b nelze si zakazovat zkoumat n\u011bkter\u00e9 okolnosti, kter\u00e9 mohou p\u00e9\u010di o sv\u011b\u0159en\u00e9 d\u00edt\u011b ovlivnit. V\u010detn\u011b p\u0159\u00edpadn\u00e9 homosexuality \u017eadatel\u016f.<\/p>\n<p><em>Ps\u00e1no pro Newsletter IVK<\/em><\/p>\n","protected":false},"excerpt":{"rendered":"<p>Homosexu\u00e1lov\u00e9 se dom\u00e1haj\u00ed sv\u00e9ho \u00fadajn\u00e9ho pr\u00e1va na adopci d\u011bt\u00ed. Jen\u017ee m\u016f\u017ee takov\u00e9 pr\u00e1vo v\u016fbec existovat?<\/p>\n","protected":false},"author":1,"featured_media":0,"comment_status":"open","ping_status":"open","sticky":false,"template":"","format":"standard","meta":{"ngg_post_thumbnail":0,"footnotes":""},"categories":[1],"tags":[],"class_list":["post-4789","post","type-post","status-publish","format-standard","hentry","category-publikovane-clanky"],"_links":{"self":[{"href":"https:\/\/www.ladislavjakl.cz\/index.php?rest_route=\/wp\/v2\/posts\/4789","targetHints":{"allow":["GET"]}}],"collection":[{"href":"https:\/\/www.ladislavjakl.cz\/index.php?rest_route=\/wp\/v2\/posts"}],"about":[{"href":"https:\/\/www.ladislavjakl.cz\/index.php?rest_route=\/wp\/v2\/types\/post"}],"author":[{"embeddable":true,"href":"https:\/\/www.ladislavjakl.cz\/index.php?rest_route=\/wp\/v2\/users\/1"}],"replies":[{"embeddable":true,"href":"https:\/\/www.ladislavjakl.cz\/index.php?rest_route=%2Fwp%2Fv2%2Fcomments&post=4789"}],"version-history":[{"count":2,"href":"https:\/\/www.ladislavjakl.cz\/index.php?rest_route=\/wp\/v2\/posts\/4789\/revisions"}],"predecessor-version":[{"id":4791,"href":"https:\/\/www.ladislavjakl.cz\/index.php?rest_route=\/wp\/v2\/posts\/4789\/revisions\/4791"}],"wp:attachment":[{"href":"https:\/\/www.ladislavjakl.cz\/index.php?rest_route=%2Fwp%2Fv2%2Fmedia&parent=4789"}],"wp:term":[{"taxonomy":"category","embeddable":true,"href":"https:\/\/www.ladislavjakl.cz\/index.php?rest_route=%2Fwp%2Fv2%2Fcategories&post=4789"},{"taxonomy":"post_tag","embeddable":true,"href":"https:\/\/www.ladislavjakl.cz\/index.php?rest_route=%2Fwp%2Fv2%2Ftags&post=4789"}],"curies":[{"name":"wp","href":"https:\/\/api.w.org\/{rel}","templated":true}]}}